{"id":6563,"date":"2021-01-18T12:24:14","date_gmt":"2021-01-18T12:24:14","guid":{"rendered":"https:\/\/conakrynews.org\/?p=6563"},"modified":"2021-01-18T12:24:14","modified_gmt":"2021-01-18T12:24:14","slug":"electrification-rurale-le-projet-dextension-du-reseau-electrique-de-kolaboui-en-phase-de-realisation","status":"publish","type":"post","link":"https:\/\/conakrynews.org\/index.php\/electrification-rurale-le-projet-dextension-du-reseau-electrique-de-kolaboui-en-phase-de-realisation\/","title":{"rendered":"\u00c9lectrification rurale: le projet d\u2019extension du r\u00e9seau \u00e9lectrique de Kolaboui en phase de r\u00e9alisation"},"content":{"rendered":"<div class=\"td-header-container td-header-wrap td-header-style-1\">\n<div class=\"td-header-menu-wrap\">\n<div class=\"td-header-row td-header-border td-header-main-menu\">\n<div id=\"td-header-menu\" role=\"navigation\">\n<div class=\"td-main-menu-logo td-logo-in-header td-logo-sticky\"><\/div>\n<div class=\"menu-td-demo-header-menu-container\"><\/div>\n<\/div>\n<div class=\"td-search-wrapper\">\n<div id=\"td-top-search\">\n<div class=\"header-search-wrap\">\n<div class=\"dropdown header-search\"><\/div>\n<\/div>\n<\/div>\n<\/div>\n<div class=\"header-search-wrap\">\n<div class=\"dropdown header-search\"><\/div>\n<\/div>\n<\/div>\n<\/div>\n<\/div>\n<div class=\"td-container td-post-template-default\">\n<div class=\"td-container-border\">\n<div class=\"td-pb-row\">\n<div class=\"td-pb-span8 td-main-content\" role=\"main\">\n<div class=\"td-ss-main-content\">\n<div class=\"clearfix\"><\/div>\n<article id=\"post-3204\" class=\"post-3204 post type-post status-publish format-standard has-post-thumbnail hentry category-actualites category-economie category-energie category-societe\">\n<div class=\"td-post-header td-pb-padding-side\">\n<header>\n<div class=\"meta-info\">\n<div class=\"td-post-author-name\">\n<div class=\"td-author-line\"><\/div>\n<\/div>\n<div class=\"td-post-comments\"><\/div>\n<\/div>\n<\/header>\n<\/div>\n<div class=\"td-post-sharing-top td-pb-padding-side\">\n<div id=\"td_social_sharing_article_top\" class=\"td-post-sharing td-ps-bg td-ps-notext td-post-sharing-style1 \">\n<div class=\"td-post-sharing-visible\">\n<div class=\"td-social-but-icon\"><\/div>\n<div class=\"td-social-but-icon\"><\/div>\n<div class=\"td-social-but-icon\"><\/div>\n<div class=\"td-social-but-icon\"><\/div>\n<div class=\"td-social-but-icon\"><\/div>\n<\/div>\n<\/div>\n<\/div>\n<div class=\"td-post-content td-pb-padding-side\">\n<div class=\"td-post-featured-image\"><a class=\"td-modal-image\" href=\"https:\/\/www.guineemining.info\/wp-content\/uploads\/2021\/01\/IMG-20210115-WA0045-1.jpg\" data-caption=\"\"><img loading=\"lazy\" decoding=\"async\" class=\"entry-thumb td-animation-stack-type0-1\" title=\"IMG-20210115-WA0045\" src=\"https:\/\/www.guineemining.info\/wp-content\/uploads\/2021\/01\/IMG-20210115-WA0045-1-640x480.jpg\" alt=\"\" width=\"640\" height=\"480\" \/><\/a><\/div>\n<p>&nbsp;<\/p>\n<p>La collectivit\u00e9 de Kolaboui, qui a connu ces derniers temps de nombreux remous sociaux \u00e0 cause du manque d\u2019\u00e9lectricit\u00e9, pourrait sortir bient\u00f4t de l\u2019obscurit\u00e9 gr\u00e2ce \u00e0 l\u2019\u0153uvre entam\u00e9e par l\u2019Agence nationale pour l\u2019am\u00e9nagement des infrastructures mini\u00e8res (ANAIM).<\/p>\n<div class=\"td-a-rec td-a-rec-id-content_inline  td_uid_10_60057bf2adc69_rand td_block_template_1\"><img loading=\"lazy\" decoding=\"async\" class=\"alignright size-medium wp-image-6564\" src=\"https:\/\/conakrynews.org\/wp-content\/uploads\/2021\/01\/IMG-20210115-WA0045-1-681x511-1-500x375.jpg\" alt=\"\" width=\"500\" height=\"375\" srcset=\"https:\/\/conakrynews.org\/wp-content\/uploads\/2021\/01\/IMG-20210115-WA0045-1-681x511-1-500x375.jpg 500w, https:\/\/conakrynews.org\/wp-content\/uploads\/2021\/01\/IMG-20210115-WA0045-1-681x511-1.jpg 681w\" sizes=\"auto, (max-width: 500px) 100vw, 500px\" \/><\/p>\n<div class=\"td-all-devices\"><\/div>\n<\/div>\n<p><img loading=\"lazy\" decoding=\"async\" class=\"alignnone size-medium wp-image-3184 td-animation-stack-type0-1\" src=\"https:\/\/www.guineemining.info\/wp-content\/uploads\/2021\/01\/IMG-20210115-WA0044-300x225.jpg\" alt=\"\" width=\"300\" height=\"225\" \/><\/p>\n<p>Le projet d\u2019\u00e9lectrification rurale est entr\u00e9 dans sa phase d\u2019ex\u00e9cution ce vendredi 15 janvier 2021. L\u2019entreprise MARINEX, en charge de r\u00e9alisation dudit projet, a lanc\u00e9 les travaux d\u2019installation des poteaux \u00e9lectriques, d\u00e9j\u00e0 re\u00e7us sur le terrain depuis le 7 octobre dernier.\u00a0<img loading=\"lazy\" decoding=\"async\" class=\"alignnone size-medium wp-image-3217 td-animation-stack-type0-1\" src=\"https:\/\/www.guineemining.info\/wp-content\/uploads\/2021\/01\/IMG-20210118-WA0007-300x225.jpg\" alt=\"\" width=\"300\" height=\"225\" \/><\/p>\n<p>&nbsp;<\/p>\n<p>Et c\u2019est le district de Kariki qui est le point de d\u00e9part pour le bonheur des citoyens de la collectivit\u00e9 de Kolaboui pour un retour rapide du courant dans les foyers.<\/p>\n<p><img loading=\"lazy\" decoding=\"async\" class=\"alignnone size-medium wp-image-3214 td-animation-stack-type0-1\" src=\"https:\/\/www.guineemining.info\/wp-content\/uploads\/2021\/01\/IMG-20210118-WA0006-300x225.jpg\" alt=\"\" width=\"300\" height=\"225\" \/><\/p>\n<p>Pr\u00e9sent \u00e0 cette c\u00e9r\u00e9monie, le repr\u00e9sentant du bureau de la jeunesse s\u2019est r\u00e9joui de la concr\u00e9tisation des engagements du gouvernement visant \u00e0 satisfaire la population de cette localit\u00e9.<\/p>\n<p><img loading=\"lazy\" decoding=\"async\" class=\"alignnone size-medium wp-image-3216 td-animation-stack-type0-1\" src=\"https:\/\/www.guineemining.info\/wp-content\/uploads\/2021\/01\/IMG-20210118-WA0008-300x225.jpg\" alt=\"\" width=\"300\" height=\"225\" \/><\/p>\n<p>&nbsp;<\/p>\n<p>Quant au repr\u00e9sentant de l\u2019ANAIM, Monsieur Bangoura Naby Laye, qui est le coordinateur de cette agence bas\u00e9e \u00e0 Kamsar, il a tout d\u2019abord salu\u00e9 l\u2019esprit de qui\u00e9tude r\u00e9gnant ces derniers temps \u00e0 Bok\u00e9. Et, il a promis le r\u00e9tablissement du courant \u00e9lectrique dans un bref d\u00e9lai gr\u00e2ce \u00e0 \u00ab la volont\u00e9 et la vision de la direction de l\u2019ANAIM, mais aussi la d\u00e9termination de la soci\u00e9t\u00e9 MARINEX \u00bb pour r\u00e9habiliter le r\u00e9seau dans un avenir imm\u00e9diat.<\/p>\n<p><img loading=\"lazy\" decoding=\"async\" class=\"alignnone size-medium wp-image-3206 td-animation-stack-type0-1\" src=\"https:\/\/www.guineemining.info\/wp-content\/uploads\/2021\/01\/IMG-20210115-WA0045-1-300x225.jpg\" alt=\"\" width=\"300\" height=\"225\" \/><\/p>\n<p>C\u2019est dire que le d\u00e9but de ces travaux illustre bien la volont\u00e9 manifeste de l\u2019ANAIM de promouvoir la culture de la paix, la stabilit\u00e9 et la qui\u00e9tude sociale pour favoriser l\u2019accroissement de la production des entreprises mini\u00e8res de la r\u00e9gion.<\/p>\n<p><img loading=\"lazy\" decoding=\"async\" class=\"alignnone size-medium wp-image-3216 td-animation-stack-type0-1\" src=\"https:\/\/www.guineemining.info\/wp-content\/uploads\/2021\/01\/IMG-20210118-WA0008-300x225.jpg\" alt=\"\" width=\"300\" height=\"225\" \/><\/p>\n<p>En fin, la parole est revenue \u00e0 Ousmane Sampil, Pr\u00e9sident directeur g\u00e9n\u00e9ral de la Soci\u00e9t\u00e9 MARINEX qui, au nom du personnel de la boite, a remerci\u00e9 \u00ab ses fr\u00e8res et s\u0153urs de Kolaboui pour leur implication \u00e0 travers la r\u00e9alisation des trous afin de faciliter l\u2019installation des poteaux \u00bb. Puis il a remerci\u00e9 la direction de l\u2019ANAIM de la confiance plac\u00e9e en sa soci\u00e9t\u00e9 avant d\u2019adresser ses chaleureuses f\u00e9licitations au chef de l\u2019Etat, pour sa brillante r\u00e9\u00e9lection \u00e0 la magistrature supr\u00eame du pays \u00ab car souligne-t-il, le Professeur Alpha Cond\u00e9 ne m\u00e9nage aucun effort pour le bonheur des filles et fils de Kakand\u00e9 \u00bb.<\/p>\n<p><img loading=\"lazy\" decoding=\"async\" class=\"alignnone size-medium wp-image-3205 td-animation-stack-type0-1\" src=\"https:\/\/www.guineemining.info\/wp-content\/uploads\/2021\/01\/IMG-20210117-WA0037-225x300.jpg\" alt=\"\" width=\"225\" height=\"300\" \/><\/p>\n<p>Sur ce, a pris fin la c\u00e9r\u00e9monie.<\/p>\n<p>I. NDiaye et<\/p>\n<p>Basekou Amirou Dram\u00e9 depuis Kolaboui<\/p>\n<\/div>\n<\/article>\n<\/div>\n<\/div>\n<\/div>\n<\/div>\n<\/div>\n","protected":false},"excerpt":{"rendered":"<p>&nbsp; La collectivit\u00e9 de Kolaboui, qui a connu ces derniers temps de nombreux remous sociaux \u00e0 cause du manque d\u2019\u00e9lectricit\u00e9, pourrait sortir bient\u00f4t de l\u2019obscurit\u00e9 gr\u00e2ce \u00e0 l\u2019\u0153uvre entam\u00e9e par l\u2019Agence nationale pour l\u2019am\u00e9nagement des infrastructures mini\u00e8res (ANAIM). Le projet d\u2019\u00e9lectrification rurale est entr\u00e9 dans sa phase d\u2019ex\u00e9cution ce vendredi 15 janvier 2021. L\u2019entreprise MARINEX, [&hellip;]<\/p>\n","protected":false},"author":2,"featured_media":6564,"comment_status":"open","ping_status":"open","sticky":false,"template":"","format":"standard","meta":{"footnotes":""},"categories":[64],"tags":[],"class_list":{"0":"post-6563","1":"post","2":"type-post","3":"status-publish","4":"format-standard","5":"has-post-thumbnail","7":"category-sport"},"_links":{"self":[{"href":"https:\/\/conakrynews.org\/index.php\/wp-json\/wp\/v2\/posts\/6563","targetHints":{"allow":["GET"]}}],"collection":[{"href":"https:\/\/conakrynews.org\/index.php\/wp-json\/wp\/v2\/posts"}],"about":[{"href":"https:\/\/conakrynews.org\/index.php\/wp-json\/wp\/v2\/types\/post"}],"author":[{"embeddable":true,"href":"https:\/\/conakrynews.org\/index.php\/wp-json\/wp\/v2\/users\/2"}],"replies":[{"embeddable":true,"href":"https:\/\/conakrynews.org\/index.php\/wp-json\/wp\/v2\/comments?post=6563"}],"version-history":[{"count":0,"href":"https:\/\/conakrynews.org\/index.php\/wp-json\/wp\/v2\/posts\/6563\/revisions"}],"wp:featuredmedia":[{"embeddable":true,"href":"https:\/\/conakrynews.org\/index.php\/wp-json\/wp\/v2\/media\/6564"}],"wp:attachment":[{"href":"https:\/\/conakrynews.org\/index.php\/wp-json\/wp\/v2\/media?parent=6563"}],"wp:term":[{"taxonomy":"category","embeddable":true,"href":"https:\/\/conakrynews.org\/index.php\/wp-json\/wp\/v2\/categories?post=6563"},{"taxonomy":"post_tag","embeddable":true,"href":"https:\/\/conakrynews.org\/index.php\/wp-json\/wp\/v2\/tags?post=6563"}],"curies":[{"name":"wp","href":"https:\/\/api.w.org\/{rel}","templated":true}]}}