{"id":6566,"date":"2021-01-18T12:37:11","date_gmt":"2021-01-18T12:37:11","guid":{"rendered":"https:\/\/conakrynews.org\/?p=6566"},"modified":"2021-01-18T12:44:06","modified_gmt":"2021-01-18T12:44:06","slug":"commune-urbaine-de-boke-le-maire-tawel-camara-semporte-et-profere-des-injures-a-amara-sompare-et-mathurin-bangoura","status":"publish","type":"post","link":"https:\/\/conakrynews.org\/index.php\/commune-urbaine-de-boke-le-maire-tawel-camara-semporte-et-profere-des-injures-a-amara-sompare-et-mathurin-bangoura\/","title":{"rendered":"Commune Urbaine de Bok\u00e9 :le maire Tawel Camara s\u2019emporte et prof\u00e8re des injures \u00e0 Amara Sompar\u00e9 et Mathurin Bangoura"},"content":{"rendered":"<div class=\"td-header-container td-header-wrap td-header-style-1\">\n<div class=\"td-header-menu-wrap\">\n<div class=\"td-header-row td-header-border td-header-main-menu\">\n<div id=\"td-header-menu\" role=\"navigation\">\n<div class=\"td-main-menu-logo td-logo-in-header td-logo-sticky\"><\/div>\n<div class=\"menu-td-demo-header-menu-container\"><\/div>\n<\/div>\n<div class=\"td-search-wrapper\">\n<div id=\"td-top-search\">\n<div class=\"header-search-wrap\">\n<div class=\"dropdown header-search\"><\/div>\n<\/div>\n<\/div>\n<\/div>\n<\/div>\n<\/div>\n<\/div>\n<div class=\"td-container td-post-template-default\">\n<div class=\"td-container-border\">\n<div class=\"td-pb-row\">\n<div class=\"td-pb-span8 td-main-content\" role=\"main\">\n<div class=\"td-ss-main-content\">\n<article id=\"post-3210\" class=\"post-3210 post type-post status-publish format-standard has-post-thumbnail hentry category-actualites category-economie category-mines category-politique category-securite category-societe\">\n<div class=\"td-post-header td-pb-padding-side\">\n<header>\n<div class=\"meta-info\">\n<div class=\"td-post-author-name\">\n<div class=\"td-author-by\"><\/div>\n<div class=\"td-author-line\">\u00a0&#8211;<\/div>\n<\/div>\n<\/div>\n<\/header>\n<\/div>\n<div class=\"td-post-sharing-top td-pb-padding-side\">\n<div id=\"td_social_sharing_article_top\" class=\"td-post-sharing td-ps-bg td-ps-notext td-post-sharing-style1 \">\n<div class=\"td-post-sharing-visible\">\n<div class=\"td-social-but-icon\"><\/div>\n<div class=\"td-social-but-icon\"><\/div>\n<div class=\"td-social-but-icon\"><\/div>\n<div class=\"td-social-but-icon\"><\/div>\n<div class=\"td-social-but-icon\"><\/div>\n<\/div>\n<\/div>\n<\/div>\n<div class=\"td-post-content td-pb-padding-side\">\n<p><img loading=\"lazy\" decoding=\"async\" class=\"alignright size-medium wp-image-6569\" src=\"https:\/\/conakrynews.org\/wp-content\/uploads\/2021\/01\/FB_IMG_1610933606467-1-515x213.jpg\" alt=\"\" width=\"515\" height=\"213\" srcset=\"https:\/\/conakrynews.org\/wp-content\/uploads\/2021\/01\/FB_IMG_1610933606467-1-515x213.jpg 515w, https:\/\/conakrynews.org\/wp-content\/uploads\/2021\/01\/FB_IMG_1610933606467-1.jpg 720w\" sizes=\"auto, (max-width: 515px) 100vw, 515px\" \/><\/p>\n<div class=\"td-post-featured-image\"><\/div>\n<p>&nbsp;<\/p>\n<p>Une mission du chef de l\u2019Etat, Pr Alpha Cond\u00e9, est en tourn\u00e9e dans la pr\u00e9fecture de Bok\u00e9 pour remercier les militants et sympathisants du Rpg arc-en-ciel suite \u00e0 la pr\u00e9sidentielle du18 octobre 2020. Une mission, essentiellement conduite par le ministre de l\u2019Information et de la Communication, Amara Sompar\u00e9 et G\u00e9n\u00e9ral Mathurin Bangoura, gouverneur de la ville de Conakry, tous deux originaires de Kakand\u00e9.<\/p>\n<div class=\"td-a-rec td-a-rec-id-content_inline td_uid_10_60057ee8cedc6_rand td_block_template_1\">\n<div class=\"td-all-devices\"><\/div>\n<\/div>\n<p>&nbsp;<\/p>\n<p>Une occasion mise \u00e0 profit par les ressortissants de Kakand\u00e9 r\u00e9unis au sein de l\u2019Union pour le d\u00e9veloppement de Kakand\u00e9 de se rencontrer et deviser sur les diff\u00e9rents probl\u00e8mes de d\u00e9veloppement de leur localit\u00e9. Et c\u2019\u00e9tait en pr\u00e9sence du pr\u00e9fet Hassane Sanoussy Camara. Ces autorit\u00e9s ont rencontr\u00e9 en fin de semaine derni\u00e8re les autorit\u00e9s de la commune urbaine de Bok\u00e9 dont le maire Mamadouba Tawel Camara et son premier vice maire Camus Camara. Le ministre Sompar\u00e9 et le gouverneur Mathurin ont tenu \u00e0 savoir la raison de l\u2019\u00e9chec des projets Anafic et les r\u00e9alisations des infrastructures par le Fodel. Car \u00e0 ce niveau, il leur semble que non seulement, il y a eu d\u00e9tournement de fonds allou\u00e9s aux projets mais aussi des surfacturations dans la r\u00e9alisation desdits projets.<\/p>\n<p>&nbsp;<\/p>\n<p>Ceux qui sont impliqu\u00e9s dans la gestion de ces fonds ont \u00e9t\u00e9s somm\u00e9s de s\u2019expliquer. Ce qui n\u2019a pas \u00e9t\u00e9 du go\u00fbt du maire Mamadouba Tawel Camara. Entrant dans une col\u00e8re noire, il aurait prof\u00e9r\u00e9 des injures \u00e0 l\u2019endroit du ministre et gouverneur de Conakry. Ce qui a envenim\u00e9 la situation. Et c\u2019\u00e9tait devant le pr\u00e9fet nous confie notre source.<\/p>\n<p>Aux derni\u00e8res nouvelles, une mission du minist\u00e8re de l\u2019Administration du territoire et de la d\u00e9centralisation est attendue ce lundi \u00e0 Bok\u00e9. Le maire Tawel serait expos\u00e9 \u00e0 une suspension.<\/p>\n<p>&nbsp;<\/p>\n<p>A suivre<\/p>\n<p>Basekou Amirou Dram\u00e9<\/p>\n<\/div>\n<\/article>\n<\/div>\n<\/div>\n<\/div>\n<\/div>\n<\/div>\n","protected":false},"excerpt":{"rendered":"<p>\u00a0&#8211; &nbsp; Une mission du chef de l\u2019Etat, Pr Alpha Cond\u00e9, est en tourn\u00e9e dans la pr\u00e9fecture de Bok\u00e9 pour remercier les militants et sympathisants du Rpg arc-en-ciel suite \u00e0 la pr\u00e9sidentielle du18 octobre 2020. Une mission, essentiellement conduite par le ministre de l\u2019Information et de la Communication, Amara Sompar\u00e9 et G\u00e9n\u00e9ral Mathurin Bangoura, gouverneur [&hellip;]<\/p>\n","protected":false},"author":2,"featured_media":6569,"comment_status":"open","ping_status":"open","sticky":false,"template":"","format":"standard","meta":{"footnotes":""},"categories":[57],"tags":[],"class_list":{"0":"post-6566","1":"post","2":"type-post","3":"status-publish","4":"format-standard","5":"has-post-thumbnail","7":"category-politique"},"_links":{"self":[{"href":"https:\/\/conakrynews.org\/index.php\/wp-json\/wp\/v2\/posts\/6566","targetHints":{"allow":["GET"]}}],"collection":[{"href":"https:\/\/conakrynews.org\/index.php\/wp-json\/wp\/v2\/posts"}],"about":[{"href":"https:\/\/conakrynews.org\/index.php\/wp-json\/wp\/v2\/types\/post"}],"author":[{"embeddable":true,"href":"https:\/\/conakrynews.org\/index.php\/wp-json\/wp\/v2\/users\/2"}],"replies":[{"embeddable":true,"href":"https:\/\/conakrynews.org\/index.php\/wp-json\/wp\/v2\/comments?post=6566"}],"version-history":[{"count":0,"href":"https:\/\/conakrynews.org\/index.php\/wp-json\/wp\/v2\/posts\/6566\/revisions"}],"wp:featuredmedia":[{"embeddable":true,"href":"https:\/\/conakrynews.org\/index.php\/wp-json\/wp\/v2\/media\/6569"}],"wp:attachment":[{"href":"https:\/\/conakrynews.org\/index.php\/wp-json\/wp\/v2\/media?parent=6566"}],"wp:term":[{"taxonomy":"category","embeddable":true,"href":"https:\/\/conakrynews.org\/index.php\/wp-json\/wp\/v2\/categories?post=6566"},{"taxonomy":"post_tag","embeddable":true,"href":"https:\/\/conakrynews.org\/index.php\/wp-json\/wp\/v2\/tags?post=6566"}],"curies":[{"name":"wp","href":"https:\/\/api.w.org\/{rel}","templated":true}]}}