{"id":6582,"date":"2021-01-18T22:23:49","date_gmt":"2021-01-18T22:23:49","guid":{"rendered":"https:\/\/conakrynews.org\/?p=6582"},"modified":"2021-01-18T22:39:25","modified_gmt":"2021-01-18T22:39:25","slug":"kassory-fofana-devoile-le-temps-quil-fera-au-poste-de-premier-ministre-cest-un-contrat-de-2-ans","status":"publish","type":"post","link":"https:\/\/conakrynews.org\/index.php\/kassory-fofana-devoile-le-temps-quil-fera-au-poste-de-premier-ministre-cest-un-contrat-de-2-ans\/","title":{"rendered":"Kassory Fofana\u00a0d\u00e9voile le temps qu\u2019il fera au poste de Premier ministre\u00a0: \u2018\u2019C\u2019est un contrat de 2 ans\u2026\u2019\u2019"},"content":{"rendered":"<div class=\"top-nav fade-in animated1 head_brnews\">\n<div class=\"container\">\n<div class=\"search-block\"><img loading=\"lazy\" decoding=\"async\" class=\"alignright size-full wp-image-6586\" src=\"https:\/\/conakrynews.org\/wp-content\/uploads\/2021\/01\/alpha-conde-et-kassory-fofana_4-300x160-1.jpg\" alt=\"\" width=\"300\" height=\"160\" \/><\/div>\n<div class=\"social-icons icon_flat\"><\/div>\n<\/div>\n<\/div>\n<div class=\"container\">\n<header id=\"theme-header\">\n<div class=\"header-content fade-in animated1\">\n<div class=\"logo\">\n<h2><\/h2>\n<\/div>\n<div class=\"ads-top\">\n<div><\/div>\n<\/div>\n<div class=\"clear\"><\/div>\n<\/div>\n<div id=\"header-widget-area\" class=\"chw-widget-area widget-area\" role=\"complementary\">\n<div class=\"chw-widget\">\n<h2 class=\"chw-title\"><\/h2>\n<div><\/div>\n<div class=\"clear\"><\/div>\n<\/div>\n<\/div>\n<nav id=\"main-nav\" class=\"fade-in animated2\">\n<div class=\"container\">\n<div class=\"main-menu\"><\/div>\n<\/div>\n<\/nav>\n<\/header>\n<div id=\"main-content\" class=\"container fade-in animated3\">\n<div><\/div>\n<div class=\"content-wrap\">\n<div class=\"content\">\n<div id=\"crumbs\"><\/div>\n<div class=\"ads-post\"><\/div>\n<article class=\"post-listing post-124455 post type-post status-publish format-standard has-post-thumbnail hentry category-politique\">\n<div class=\"post-inner\">\n<h1 class=\"name post-title entry-title\"><\/h1>\n<div class=\"clear\"><\/div>\n<div class=\"entry\">\n<p><strong><span class=\"dropcap\">R<\/span>econduit<\/strong><strong>\u00a0\u00e0 son poste de Premier ministre, Kassory Fofana a r\u00e9v\u00e9l\u00e9 le temps qu\u2019il est suppos\u00e9 faire \u00e0 la t\u00eate du gouvernement. Le patron du palais de la colombe assure que son deal avec le pr\u00e9sident Alpha Cond\u00e9 a une dur\u00e9e de 2 ans. Le temps pour lui de mener \u00e0 bien des r\u00e9formes au sein de l\u2019administration.<\/strong><\/p>\n<p>\u2018\u2019J\u2019ai un sentiment de responsabilit\u00e9 par rapport \u00e0 la charge qui va peser sur moi \u00e0 partir de maintenant. Les guin\u00e9ens doivent savoir que le pr\u00e9sident Alpha Cond\u00e9 s\u2019est engag\u00e9 \u00e0 gouverner autrement\u2019\u2019, d\u00e9clare le num\u00e9ro 1 du gouvernement.<\/p>\n<p>Il r\u00e9v\u00e8le que \u2018\u2019le contrat qui nous lie, au titre du d\u00e9cret qu\u2019il vient de signer, est un contrat de 2 ans par lequel il me demande de mener des r\u00e9formes hardies\u00a0pour que la Guin\u00e9e aille vite et que son programme social, pour que les plus pauvres profitent des avantages de la croissance, r\u00e9ussisse tr\u00e8s rapidement. J\u2019ai donc 2 ans. Apr\u00e8s 2 ans, je planterai mes choux ailleurs\u2019\u2019.<\/p>\n<p>Sur les deux prochaines ann\u00e9es, indique-t-il, \u2018\u2019les r\u00e9formes ont pour toile de fond l\u2019\u00e9conomie des ressources pour que les d\u00e9perditions que nous connaissons aujourd\u2019hui, li\u00e9es \u00e0 la corruption ambiante, puissent c\u00e9der afin que la Guin\u00e9e puisse trouver des moyens de sa politique\u2019\u2019.<\/p>\n<p>Le Premier ministre note que les tendances actuelles sont bonnes. \u2018\u2019Les r\u00e9sultats du Professeur Alpha Cond\u00e9 sont excellents. Ce n\u2019est pas moi qui le dis, ce sont les chiffres attest\u00e9s par les partenaires internationaux qui le disent\u2019\u2019, pr\u00e9cise-t-il.<\/p>\n<p>Il rappelle que \u2018\u2019la Banque mondiale a revu les perspectives de croissance en Afrique.\u00a0Dans le top 10 des pays qui vont connaitre une croissance importante en 2021, la Guin\u00e9e fait partie. Sur ces 10 premiers, dans la r\u00e9gion ouest-africaine, il n\u2019y a que la Guin\u00e9e, la C\u00f4te d\u2019Ivoire et le Cap Vert qui font partie des trois pays pilotes de la sous-r\u00e9gion qui vont atteindre un taux de croissance sup\u00e9rieur \u00e0 5 points et demi\u2019\u2019.<\/p>\n<p>\u2018\u2019Le mandat qui m\u2019est confi\u00e9, au titre de cette reconduction, est celui de booster cette croissance en mettant l\u2019accent sur la mobilisation des ressources int\u00e9rieures de mani\u00e8re \u00e0 \u00e9lever lever l\u2019argent interne pour faire face \u00e0 nos besoins de d\u00e9veloppement\u2019\u2019<\/p>\n<p>Source:visionguin\u00e9e.com<\/p>\n<\/div>\n<\/div>\n<\/article>\n<\/div>\n<\/div>\n<\/div>\n<\/div>\n","protected":false},"excerpt":{"rendered":"<p>Reconduit\u00a0\u00e0 son poste de Premier ministre, Kassory Fofana a r\u00e9v\u00e9l\u00e9 le temps qu\u2019il est suppos\u00e9 faire \u00e0 la t\u00eate du gouvernement. Le patron du palais de la colombe assure que son deal avec le pr\u00e9sident Alpha Cond\u00e9 a une dur\u00e9e de 2 ans. Le temps pour lui de mener \u00e0 bien des r\u00e9formes au sein [&hellip;]<\/p>\n","protected":false},"author":2,"featured_media":6586,"comment_status":"open","ping_status":"open","sticky":false,"template":"","format":"standard","meta":{"footnotes":""},"categories":[57],"tags":[],"class_list":{"0":"post-6582","1":"post","2":"type-post","3":"status-publish","4":"format-standard","5":"has-post-thumbnail","7":"category-politique"},"_links":{"self":[{"href":"https:\/\/conakrynews.org\/index.php\/wp-json\/wp\/v2\/posts\/6582","targetHints":{"allow":["GET"]}}],"collection":[{"href":"https:\/\/conakrynews.org\/index.php\/wp-json\/wp\/v2\/posts"}],"about":[{"href":"https:\/\/conakrynews.org\/index.php\/wp-json\/wp\/v2\/types\/post"}],"author":[{"embeddable":true,"href":"https:\/\/conakrynews.org\/index.php\/wp-json\/wp\/v2\/users\/2"}],"replies":[{"embeddable":true,"href":"https:\/\/conakrynews.org\/index.php\/wp-json\/wp\/v2\/comments?post=6582"}],"version-history":[{"count":0,"href":"https:\/\/conakrynews.org\/index.php\/wp-json\/wp\/v2\/posts\/6582\/revisions"}],"wp:featuredmedia":[{"embeddable":true,"href":"https:\/\/conakrynews.org\/index.php\/wp-json\/wp\/v2\/media\/6586"}],"wp:attachment":[{"href":"https:\/\/conakrynews.org\/index.php\/wp-json\/wp\/v2\/media?parent=6582"}],"wp:term":[{"taxonomy":"category","embeddable":true,"href":"https:\/\/conakrynews.org\/index.php\/wp-json\/wp\/v2\/categories?post=6582"},{"taxonomy":"post_tag","embeddable":true,"href":"https:\/\/conakrynews.org\/index.php\/wp-json\/wp\/v2\/tags?post=6582"}],"curies":[{"name":"wp","href":"https:\/\/api.w.org\/{rel}","templated":true}]}}