{"id":6645,"date":"2021-01-22T08:38:44","date_gmt":"2021-01-22T08:38:44","guid":{"rendered":"https:\/\/conakrynews.org\/?p=6645"},"modified":"2021-01-22T08:38:44","modified_gmt":"2021-01-22T08:38:44","slug":"libye-vers-la-construction-de-deux-centrales-electriques","status":"publish","type":"post","link":"https:\/\/conakrynews.org\/index.php\/libye-vers-la-construction-de-deux-centrales-electriques\/","title":{"rendered":"Libye : Vers la construction de deux centrales \u00e9lectriques"},"content":{"rendered":"<h1 class=\"name post-title entry-title\"><img loading=\"lazy\" decoding=\"async\" class=\"alignright size-medium wp-image-6646\" src=\"https:\/\/conakrynews.org\/wp-content\/uploads\/2021\/01\/energie-tension-660x330-1-515x258.jpg\" alt=\"\" width=\"515\" height=\"258\" srcset=\"https:\/\/conakrynews.org\/wp-content\/uploads\/2021\/01\/energie-tension-660x330-1-515x258.jpg 515w, https:\/\/conakrynews.org\/wp-content\/uploads\/2021\/01\/energie-tension-660x330-1.jpg 660w\" sizes=\"auto, (max-width: 515px) 100vw, 515px\" \/><\/h1>\n<p class=\"post-meta\">\n<div class=\"clear\"><\/div>\n<div class=\"entry\">\n<p class=\"teaser\">Livr\u00e9e au chaos apr\u00e8s la chute, en 2011, du r\u00e9gime de Mouammar Kadhafi, la Libye fait face depuis des ann\u00e9es \u00e0 des probl\u00e8mes de coupure d\u2019\u00e9lectricit\u00e9.<\/p>\n<p><span class=\"dateline\">Tunis\u00a0<span class=\"credit\">(dpa)<\/span>\u00a0\u2013\u00a0<\/span>Deux centrales \u00e9lectriques seront construites \u00e0 l\u2019Ouest de la Libye par un consortium impliquant ENKA, soci\u00e9t\u00e9 turque d\u2019ing\u00e9nierie et de construction, et Siemens, g\u00e9ant international allemand sp\u00e9cialis\u00e9 dans les secteurs de l\u2019\u00e9nergie, de la sant\u00e9, de l\u2019industrie et du b\u00e2timent, afin de r\u00e9pondre \u00e0 la demande croissante d\u2019\u00e9lectricit\u00e9 dans ce pays d\u2019Afrique du Nord.<\/p>\n<p>Il s\u2019agit respectivement d\u2019une centrale d\u2019une puissance de 671 m\u00e9gawatts (MW) dans la capitale Tripoli, et d\u2019une autre (650 MW) \u00e0 Misrata, troisi\u00e8me ville de Libye par sa population. La construction de ces deux centrales a fait l\u2019objet de contrats sign\u00e9s avec la soci\u00e9t\u00e9 publique libyenne\u00a0<a class=\"externalLink\" href=\"https:\/\/www.gecol.ly\/gecol_en\/\" target=\"_blank\" rel=\"noopener noreferrer\">General Electricity Company of Libya<\/a>\u00a0(GECOL), a annonc\u00e9 ENKA le 6 janvier 2021. Les deux projets devraient \u00eatre achev\u00e9s en 2022, a-t-on indiqu\u00e9 de m\u00eame source.<\/p>\n<p>Livr\u00e9e au chaos apr\u00e8s la chute, en 2011, du r\u00e9gime de Mouammar Kadhafi, la Libye fait face depuis des ann\u00e9es \u00e0 des probl\u00e8mes de coupure d\u2019\u00e9lectricit\u00e9. Le pays a enregistr\u00e9, en 2019, un d\u00e9ficit de production de l\u2019\u00e9lectricit\u00e9 de 2000 MW, selon des statistiques de la GECOL, relay\u00e9es par des m\u00e9dias.<\/p>\n<p>&nbsp;<\/p>\n<p><strong>Avec dpa-news<\/strong><\/p>\n<\/div>\n","protected":false},"excerpt":{"rendered":"<p>Livr\u00e9e au chaos apr\u00e8s la chute, en 2011, du r\u00e9gime de Mouammar Kadhafi, la Libye fait face depuis des ann\u00e9es \u00e0 des probl\u00e8mes de coupure d\u2019\u00e9lectricit\u00e9. Tunis\u00a0(dpa)\u00a0\u2013\u00a0Deux centrales \u00e9lectriques seront construites \u00e0 l\u2019Ouest de la Libye par un consortium impliquant ENKA, soci\u00e9t\u00e9 turque d\u2019ing\u00e9nierie et de construction, et Siemens, g\u00e9ant international allemand sp\u00e9cialis\u00e9 dans les [&hellip;]<\/p>\n","protected":false},"author":2,"featured_media":6646,"comment_status":"open","ping_status":"open","sticky":false,"template":"","format":"standard","meta":{"footnotes":""},"categories":[1],"tags":[],"class_list":{"0":"post-6645","1":"post","2":"type-post","3":"status-publish","4":"format-standard","5":"has-post-thumbnail","7":"category-non-classe"},"_links":{"self":[{"href":"https:\/\/conakrynews.org\/index.php\/wp-json\/wp\/v2\/posts\/6645","targetHints":{"allow":["GET"]}}],"collection":[{"href":"https:\/\/conakrynews.org\/index.php\/wp-json\/wp\/v2\/posts"}],"about":[{"href":"https:\/\/conakrynews.org\/index.php\/wp-json\/wp\/v2\/types\/post"}],"author":[{"embeddable":true,"href":"https:\/\/conakrynews.org\/index.php\/wp-json\/wp\/v2\/users\/2"}],"replies":[{"embeddable":true,"href":"https:\/\/conakrynews.org\/index.php\/wp-json\/wp\/v2\/comments?post=6645"}],"version-history":[{"count":0,"href":"https:\/\/conakrynews.org\/index.php\/wp-json\/wp\/v2\/posts\/6645\/revisions"}],"wp:featuredmedia":[{"embeddable":true,"href":"https:\/\/conakrynews.org\/index.php\/wp-json\/wp\/v2\/media\/6646"}],"wp:attachment":[{"href":"https:\/\/conakrynews.org\/index.php\/wp-json\/wp\/v2\/media?parent=6645"}],"wp:term":[{"taxonomy":"category","embeddable":true,"href":"https:\/\/conakrynews.org\/index.php\/wp-json\/wp\/v2\/categories?post=6645"},{"taxonomy":"post_tag","embeddable":true,"href":"https:\/\/conakrynews.org\/index.php\/wp-json\/wp\/v2\/tags?post=6645"}],"curies":[{"name":"wp","href":"https:\/\/api.w.org\/{rel}","templated":true}]}}