{"id":7117,"date":"2021-02-22T09:09:13","date_gmt":"2021-02-22T09:09:13","guid":{"rendered":"https:\/\/conakrynews.org\/?p=7117"},"modified":"2021-02-22T09:09:13","modified_gmt":"2021-02-22T09:09:13","slug":"scandale-a-la-mairie-de-ratoma-un-conseiller-communal-accuse-le-maire-issa-soumah-de-mauvaise-gestion","status":"publish","type":"post","link":"https:\/\/conakrynews.org\/index.php\/scandale-a-la-mairie-de-ratoma-un-conseiller-communal-accuse-le-maire-issa-soumah-de-mauvaise-gestion\/","title":{"rendered":"Scandale \u00e0 la mairie de Ratoma : un conseiller communal accuse le maire Issa Soumah de mauvaise gestion"},"content":{"rendered":"<div class=\"td-post-header\">\n<header class=\"td-post-title\">\n<h1 class=\"entry-title\"><\/h1>\n<div class=\"td-module-meta-info\">\n<div class=\"td-post-author-name\">\n<div class=\"td-author-by\"><\/div>\n<\/div>\n<\/div>\n<\/header>\n<\/div>\n<div class=\"td-post-sharing td-post-sharing-top \">\n<div class=\"td-default-sharing\"><i class=\"td-icon-facebook\"><\/i>\u00a0<i class=\"td-icon-twitter\"><\/i>\u00a0<i class=\"td-icon-googleplus\"><\/i>\u00a0<i class=\"td-icon-pinterest\"><\/i>\u00a0<i class=\"td-icon-whatsapp\"><\/i><\/div>\n<\/div>\n<div class=\"td-post-content\">\n<div class=\"td-post-featured-image\"><a class=\"td-modal-image\" href=\"https:\/\/liberationinfo.com\/wp-content\/uploads\/2021\/02\/Ratoma.jpg\" data-caption=\"\"><img loading=\"lazy\" decoding=\"async\" class=\"entry-thumb td-animation-stack-type0-1\" title=\"Ratoma\" src=\"https:\/\/liberationinfo.com\/wp-content\/uploads\/2021\/02\/Ratoma-696x338.jpg\" alt=\"\" width=\"696\" height=\"338\" \/><\/a><\/div>\n<div class=\"entry-header\">\n<h1 class=\"jeg_post_title\"><\/h1>\n<div class=\"jeg_meta_container\">\n<div class=\"jeg_post_meta jeg_post_meta_1\">\n<div class=\"meta_left\">\n<div class=\"jeg_meta_author\"><\/div>\n<\/div>\n<div class=\"meta_right\"><\/div>\n<\/div>\n<\/div>\n<\/div>\n<div class=\"jeg_featured featured_image\">\n<div class=\"thumbnail-container animate-lazy\"><\/div>\n<\/div>\n<div class=\"jeg_share_top_container\">\n<div class=\"jeg_share_button clearfix\">\n<div class=\"jeg_share_stats\"><\/div>\n<div class=\"jeg_sharelist\"><\/div>\n<\/div>\n<\/div>\n<div class=\"jeg_ad jeg_article jnews_content_top_ads \"><\/div>\n<div class=\"entry-content no-share\">\n<div class=\"jeg_share_button share-float jeg_sticky_share clearfix share-monocrhome\">\n<div class=\"jeg_share_float_container\"><\/div>\n<\/div>\n<div class=\"content-inner \">\n<p>Ce qui se murmurait jusque-l\u00e0 \u00e0 l\u2019interne \u00e0 la mairie de Ratoma, sort sur la place publique.<\/p>\n<p>\u00c0 travers un post sur sa page Facebook, Passy Cond\u00e9, conseiller communal de l\u2019UFDG \u00e0 la commune de Ratoma et pr\u00e9sident de la commission jeunesse, sport, arts et culture, a r\u00e9v\u00e9l\u00e9 que des conseillers communaux revendent des domaines et se partagent les sous en complicit\u00e9 avec le maire Issa Soumah.<\/p>\n<p>Joint \u00e0 cet effet par nos confr\u00e8res de FIM FM ce dimanche 21 f\u00e9vrier 2021, Passy Cond\u00e9 est revenu un peu en d\u00e9tails sur cette affaire qui risque de faire rage.<\/p>\n<p>\u00ab\u00a0<em>Ce que je suis en train de rapporter, n\u2019est pas du mensonge. Je mets le maire et ses acolytes au d\u00e9fi. S\u2019ils pensent que ce que je suis en train de faire comme r\u00e9v\u00e9lations est faux, ils n\u2019ont qu\u2019\u00e0 porter plainte contre ma personne partout o\u00f9 ils veulent. Je suis pr\u00eat \u00e0 r\u00e9pondre partout o\u00f9 besoin sera<\/em>\u00a0\u00bb, a entam\u00e9 le conseiller communal.<\/p>\n<p>Et de poursuivre : \u00ab\u00a0<em>Nous avons des chiffres. Depuis 2019 jusqu\u2019\u00e0 nos jours, le conseil communal n\u2019a tenu qu\u2019une seule session. Et cette session n\u2019\u00e9tait qu\u2019extraordinaire, convoqu\u00e9e par le maire juste pour parler du P.A.I, qu\u2019on doit mettre en place, parce que l\u2019Etat doit d\u00e9bloquer des fonds pour les communes. Pourquoi je parle de d\u00e9tournement ? Aujourd\u2019hui, nos coll\u00e8gues conseillers sont en train d\u2019acheter des voitures, ils sont log\u00e9s dans des immeubles ici qui sont pay\u00e9s \u00e0 2 millions GNF et plus. Nous, nous nous battons pour le d\u00e9veloppement de la commune. On ne se bat pas pour notre int\u00e9r\u00eat. Nos pr\u00e9rogatives sont pi\u00e9tin\u00e9es. Quand tu parles, on te demande de te taire\u2026<\/em><\/p>\n<p><em>Je vais faire quelques r\u00e9v\u00e9lations : par exemple, la r\u00e9novation du bureau du maire s\u2019\u00e9l\u00e8ve \u00e0 plus de 300 millions GNF. Aujourd\u2019hui, nous sommes inform\u00e9s qu\u2019il y a la majorit\u00e9 des conseillers qui ont sign\u00e9 une attestation en catimini disant qu\u2019ils ont donn\u00e9 leur avis pour la r\u00e9novation du bureau. Ce n\u2019est pas pass\u00e9 au conseil communal.<\/em><\/p>\n<p><em>Je parle de d\u00e9tournement pourquoi ? Parce qu\u2019on n\u2019a aucune visibilit\u00e9 sur la gestion \u00e9conomique de la commune de Ratoma. C\u2019est cela la v\u00e9rit\u00e9. L\u2019instance la plus appropri\u00e9e pour \u00e9voquer le probl\u00e8me, c\u2019est mon parti. Ils ont interpel\u00e9 ces gens-l\u00e0, ils n\u2019ont pas daign\u00e9 accept\u00e9<\/em>\u00a0\u00bb, a-t-il accus\u00e9.<\/p>\n<p>Sur le r\u00e9seau social Facebook, Passy Cond\u00e9 r\u00e9v\u00e8le : \u00ab\u00a0<em>un conseiller a d\u00e9tourn\u00e9 les recettes de 3 mois du march\u00e9 de la Cit\u00e9 Enco5, le bureau du maire de Ratoma a \u00e9t\u00e9 r\u00e9nov\u00e9 \u00e0 95.000.000 GNF, ils ont surfactur\u00e9 \u00e0 de plus de 300.000.000 GNF. Ils font signer quelques conseillers moyennant 200.000 GNF, dans les quartiers sans pass\u00e9 par le conseil.<\/em><\/p>\n<p><em>Pour l\u2019exercice 2019-2020, l\u2019\u00c9tat a d\u00e9bloqu\u00e9 2 milliards 500 millions GNF comme budget de fonctionnement. A part le petit clan, m\u00eame une simple r\u00e9union d\u2019information n\u2019a pas \u00e9t\u00e9 tenue. Nous voulons savoir comment ce budget avait \u00e9t\u00e9 g\u00e9r\u00e9\u2026<\/em>\u00a0\u00bb.<\/p>\n<p>Toutes nos tentatives pour recouper l\u2019information aupr\u00e8s du maire Issa Soumah, sont pour le moment improductives.<\/p>\n<p>&nbsp;<\/p>\n<p>Nous y reviendrons\u00a0!<\/p>\n<p>&nbsp;<\/p>\n<p><strong>Mosaiqueguinee.com<\/strong><\/p>\n<\/div>\n<\/div>\n<\/div>\n","protected":false},"excerpt":{"rendered":"<p>\u00a0\u00a0\u00a0\u00a0 Ce qui se murmurait jusque-l\u00e0 \u00e0 l\u2019interne \u00e0 la mairie de Ratoma, sort sur la place publique. \u00c0 travers un post sur sa page Facebook, Passy Cond\u00e9, conseiller communal de l\u2019UFDG \u00e0 la commune de Ratoma et pr\u00e9sident de la commission jeunesse, sport, arts et culture, a r\u00e9v\u00e9l\u00e9 que des conseillers communaux revendent des [&hellip;]<\/p>\n","protected":false},"author":2,"featured_media":7118,"comment_status":"open","ping_status":"open","sticky":false,"template":"","format":"standard","meta":{"footnotes":""},"categories":[58],"tags":[],"class_list":{"0":"post-7117","1":"post","2":"type-post","3":"status-publish","4":"format-standard","5":"has-post-thumbnail","7":"category-societe"},"_links":{"self":[{"href":"https:\/\/conakrynews.org\/index.php\/wp-json\/wp\/v2\/posts\/7117","targetHints":{"allow":["GET"]}}],"collection":[{"href":"https:\/\/conakrynews.org\/index.php\/wp-json\/wp\/v2\/posts"}],"about":[{"href":"https:\/\/conakrynews.org\/index.php\/wp-json\/wp\/v2\/types\/post"}],"author":[{"embeddable":true,"href":"https:\/\/conakrynews.org\/index.php\/wp-json\/wp\/v2\/users\/2"}],"replies":[{"embeddable":true,"href":"https:\/\/conakrynews.org\/index.php\/wp-json\/wp\/v2\/comments?post=7117"}],"version-history":[{"count":0,"href":"https:\/\/conakrynews.org\/index.php\/wp-json\/wp\/v2\/posts\/7117\/revisions"}],"wp:featuredmedia":[{"embeddable":true,"href":"https:\/\/conakrynews.org\/index.php\/wp-json\/wp\/v2\/media\/7118"}],"wp:attachment":[{"href":"https:\/\/conakrynews.org\/index.php\/wp-json\/wp\/v2\/media?parent=7117"}],"wp:term":[{"taxonomy":"category","embeddable":true,"href":"https:\/\/conakrynews.org\/index.php\/wp-json\/wp\/v2\/categories?post=7117"},{"taxonomy":"post_tag","embeddable":true,"href":"https:\/\/conakrynews.org\/index.php\/wp-json\/wp\/v2\/tags?post=7117"}],"curies":[{"name":"wp","href":"https:\/\/api.w.org\/{rel}","templated":true}]}}