{"id":7205,"date":"2021-03-01T14:23:30","date_gmt":"2021-03-01T14:23:30","guid":{"rendered":"https:\/\/conakrynews.org\/?p=7205"},"modified":"2021-03-01T14:23:30","modified_gmt":"2021-03-01T14:23:30","slug":"france-vers-la-tenue-dun-proces-contre-le-patron-du-groupe-bollore-pour-corruption-en-afrique-dont-la-guinee","status":"publish","type":"post","link":"https:\/\/conakrynews.org\/index.php\/france-vers-la-tenue-dun-proces-contre-le-patron-du-groupe-bollore-pour-corruption-en-afrique-dont-la-guinee\/","title":{"rendered":"France: Vers la tenue d\u2019un proc\u00e8s contre le\u00a0patron du groupe Bollor\u00e9 pour corruption en Afrique dont la Guin\u00e9e"},"content":{"rendered":"<h1 class=\"name post-title entry-title\"><\/h1>\n<p class=\"post-meta\">\n<div class=\"clear\"><\/div>\n<div class=\"entry\">\n<p>Le tribunal judiciaire de Paris a jug\u00e9, vendredi, \u00ab\u00a0n\u00e9cessaire\u00a0\u00bb un proc\u00e8s pour l\u2019homme d\u2019affaires fran\u00e7ais Vincent Bollor\u00e9 notamment pour des faits de corruption au Togo. Un retournement judiciaire qui intervient apr\u00e8s l\u2019annonce que le groupe Bollor\u00e9 paiera une amende de 12 millions d\u2019euros pour clore les poursuites.<\/p>\n<p>Rebondissements en s\u00e9rie\u00a0au Tribunal judiciaire de Paris. Pour des faits de\u00a0corruption au Togo, le\u00a0groupe Bollor\u00e9\u00a0a \u00e9cop\u00e9, vendredi 26 f\u00e9vrier, d\u2019une amende de 12 millions d\u2019euros pour clore les poursuites. Mais une juge a estim\u00e9 \u00ab\u00a0n\u00e9cessaire\u00a0\u00bb un proc\u00e8s contre la personne m\u00eame de\u00a0Vincent Bollor\u00e9, le patron du groupe \u00e9ponyme, en raison de la gravit\u00e9 des faits.<\/p>\n<p>Vincent Bollor\u00e9, Gilles Alix, directeur g\u00e9n\u00e9ral du groupe Bollor\u00e9 et Jean-Philippe Dorent, directeur international de l\u2019agence Havas, filiale de Bollor\u00e9, avaient accept\u00e9 une comparution sur reconnaissance pr\u00e9alable de culpabilit\u00e9 (CRPC, sorte de \u00ab\u00a0plaider-coupable\u00a0\u00bb \u00e0 la fran\u00e7aise) et le paiement d\u2019une amende de 375 000 euros.<\/p>\n<p>Mais lors de l\u2019audience, la juge a refus\u00e9 d\u2019homologuer cette CRPC, estimant que les peines \u00e9taient \u00ab\u00a0inadapt\u00e9es au regard\u00a0\u00bb de la gravit\u00e9 des faits reproch\u00e9s et consid\u00e9rant qu\u2019il \u00e9tait \u00ab\u00a0n\u00e9cessaire qu\u2019ils soient jug\u00e9s\u00a0\u00bb par un tribunal correctionnel. Les faits ont \u00ab\u00a0gravement port\u00e9 atteinte \u00e0 l\u2019ordre public \u00e9conomique\u00a0\u00bb et \u00ab\u00a0\u00e0 la souverainet\u00e9 du Togo\u00a0\u00bb, a d\u00e9clar\u00e9 la juge.<\/p>\n<p>Il appartient d\u00e9sormais \u00e0 un magistrat d\u2019ordonner ou non un proc\u00e8s pour Vincent Bollor\u00e9, Gilles Alix et jean-Philippe Dorente.<\/p>\n<div id=\"tms-ad-inread-26633340844060016\" class=\"tms-ad\" data-tms-ad-type=\"inread\" data-tms-ad-provider=\"teads\" data-tms-ad-status=\"idle\">\n<div class=\"teads\"><\/div>\n<\/div>\n<p><strong>\u00ab\u00a0Corruption d\u2019agent public \u00e9tranger\u00a0\u00bb<\/strong><\/p>\n<p>En revanche, la juge a valid\u00e9 la convention judiciaire d\u2019int\u00e9r\u00eat public (CJIP) visant le groupe Bollor\u00e9, qui pr\u00e9voit une amende de 12 millions d\u2019euros. La soci\u00e9t\u00e9 s\u2019est engag\u00e9e \u00e0 verser cette amende \u00ab\u00a0au Tr\u00e9sor public sous dix jours\u00a0\u00bb, a pr\u00e9cis\u00e9 le parquet national financier dans un communiqu\u00e9.<\/p>\n<p>\u00c0 cette amende s\u2019ajoute\u00a0le provisionnement de 4 millions d\u2019euros pour assumer le co\u00fbt d\u2019un programme de mise en conformit\u00e9 aux r\u00e8gles de l\u2019agence fran\u00e7aise anticorruption (AFA), qui r\u00e9alisera un suivi pendant deux ans, selon les termes de la CJIP.<\/p>\n<p>Si les conditions sont remplies, la fin des poursuites sera d\u00e9finitive.<\/p>\n<p>Lors de l\u2019audience, la holding et messieurs Bollor\u00e9, Alix et Dorente ont reconnu avoir utilis\u00e9 les activit\u00e9s de conseil politique de la filiale Havas afin de d\u00e9crocher la gestion des ports de Lom\u00e9, au Togo, et de Conakry, en Guin\u00e9e, via une autre de ses filiales, Bollor\u00e9 Africa Logistics, anciennement appel\u00e9e SDV.<\/p>\n<p>SDV avait obtenu la gestion du port de Conakry quelques mois apr\u00e8s l\u2019\u00e9lection \u00e0 la pr\u00e9sidence de la Guin\u00e9e d\u2019Alpha Cond\u00e9, fin 2010, et avait remport\u00e9 la concession \u00e0 Lom\u00e9 peu avant la r\u00e9\u00e9lection au Togo, en 2010, de Faure Gnassingb\u00e9. Tous deux \u00e9taient alors conseill\u00e9s par Havas.<\/p>\n<p>Une information judiciaire avait \u00e9t\u00e9 ouverte fin 2013 pour \u00ab\u00a0corruption d\u2019agent public \u00e9tranger, abus de confiance et complicit\u00e9 d\u2019abus de confiance\u00a0\u00bb commis entre 2009 et 2011.<\/p>\n<p>La mise en examen des protagonistes pour une partie des infractions concernant la Guin\u00e9e avait \u00e9t\u00e9 annul\u00e9e par la cour d\u2019appel de Paris en juin 2019, pour cause de prescription.<\/p>\n<p>&nbsp;<\/p>\n<p><strong><em>Avec AFP<\/em><\/strong><\/p>\n<\/div>\n","protected":false},"excerpt":{"rendered":"<p>Le tribunal judiciaire de Paris a jug\u00e9, vendredi, \u00ab\u00a0n\u00e9cessaire\u00a0\u00bb un proc\u00e8s pour l\u2019homme d\u2019affaires fran\u00e7ais Vincent Bollor\u00e9 notamment pour des faits de corruption au Togo. Un retournement judiciaire qui intervient apr\u00e8s l\u2019annonce que le groupe Bollor\u00e9 paiera une amende de 12 millions d\u2019euros pour clore les poursuites. Rebondissements en s\u00e9rie\u00a0au Tribunal judiciaire de Paris. Pour [&hellip;]<\/p>\n","protected":false},"author":2,"featured_media":7206,"comment_status":"open","ping_status":"open","sticky":false,"template":"","format":"standard","meta":{"footnotes":""},"categories":[58],"tags":[],"class_list":{"0":"post-7205","1":"post","2":"type-post","3":"status-publish","4":"format-standard","5":"has-post-thumbnail","7":"category-societe"},"_links":{"self":[{"href":"https:\/\/conakrynews.org\/index.php\/wp-json\/wp\/v2\/posts\/7205","targetHints":{"allow":["GET"]}}],"collection":[{"href":"https:\/\/conakrynews.org\/index.php\/wp-json\/wp\/v2\/posts"}],"about":[{"href":"https:\/\/conakrynews.org\/index.php\/wp-json\/wp\/v2\/types\/post"}],"author":[{"embeddable":true,"href":"https:\/\/conakrynews.org\/index.php\/wp-json\/wp\/v2\/users\/2"}],"replies":[{"embeddable":true,"href":"https:\/\/conakrynews.org\/index.php\/wp-json\/wp\/v2\/comments?post=7205"}],"version-history":[{"count":0,"href":"https:\/\/conakrynews.org\/index.php\/wp-json\/wp\/v2\/posts\/7205\/revisions"}],"wp:featuredmedia":[{"embeddable":true,"href":"https:\/\/conakrynews.org\/index.php\/wp-json\/wp\/v2\/media\/7206"}],"wp:attachment":[{"href":"https:\/\/conakrynews.org\/index.php\/wp-json\/wp\/v2\/media?parent=7205"}],"wp:term":[{"taxonomy":"category","embeddable":true,"href":"https:\/\/conakrynews.org\/index.php\/wp-json\/wp\/v2\/categories?post=7205"},{"taxonomy":"post_tag","embeddable":true,"href":"https:\/\/conakrynews.org\/index.php\/wp-json\/wp\/v2\/tags?post=7205"}],"curies":[{"name":"wp","href":"https:\/\/api.w.org\/{rel}","templated":true}]}}