{"id":7255,"date":"2021-03-05T09:13:40","date_gmt":"2021-03-05T09:13:40","guid":{"rendered":"https:\/\/conakrynews.org\/?p=7255"},"modified":"2021-03-05T09:13:40","modified_gmt":"2021-03-05T09:13:40","slug":"arrestation-dousmane-sonko-y-a-t-il-encore-une-opposition-au-senegal","status":"publish","type":"post","link":"https:\/\/conakrynews.org\/index.php\/arrestation-dousmane-sonko-y-a-t-il-encore-une-opposition-au-senegal\/","title":{"rendered":"Arrestation d\u2019Ousmane Sonko: y a-t-il encore une opposition au S\u00e9n\u00e9gal"},"content":{"rendered":"<article id=\"the-post\" class=\"post-listing post-15225 post type-post status-publish format-standard has-post-thumbnail  category-international\">\n<div class=\"post-inner\">\n<h1 class=\"name post-title entry-title\"><\/h1>\n<div class=\"clear\"><\/div>\n<div class=\"entry\">\n<div class=\"bbc-1unnq9o-GridComponent e57qer20\" dir=\"ltr\">\n<p class=\"bbc-983qgs-Paragraph e1cc2ql70\" dir=\"ltr\"><b>Au S\u00e9n\u00e9gal, la question est sur toutes les l\u00e8vres depuis que le leader de Pastef Les patriotes, Ousmane Sonko, est arr\u00eat\u00e9 mercredi puis plac\u00e9 en garde-\u00e0-vue pour trouble \u00e0 l\u2019ordre public et participation \u00e0 une manifestation non autoris\u00e9e. A trois ans de la prochaine pr\u00e9sidentielle de 2024, l\u2019opposition s\u00e9n\u00e9galaise fait face \u00e0 des difficult\u00e9s.<\/b><\/p>\n<\/div>\n<div class=\"bbc-1unnq9o-GridComponent e57qer20\" dir=\"ltr\">\n<p class=\"bbc-983qgs-Paragraph e1cc2ql70\" dir=\"ltr\">Recevant des politiciens qui ont rejoint son camp en avril 2015, Macky Sall promettait devant la presse de \u00ab\u00a0r\u00e9duire l\u2019opposition s\u00e9n\u00e9galaise \u00e0 sa plus simple expression.\u00a0\u00bb Six ans plus tard, cette promesse semble \u00eatre tenue. Les principaux opposants au pr\u00e9sident du S\u00e9n\u00e9gal ont eu maille \u00e0 partir avec la justice ou ont rejoint le camp de la majorit\u00e9 pr\u00e9sidentielle.<\/p>\n<\/div>\n<div class=\"bbc-1unnq9o-GridComponent e57qer20\" dir=\"ltr\">\n<p class=\"bbc-983qgs-Paragraph e1cc2ql70\" dir=\"ltr\">Avant Ousmane Sonko, ancien inspecteur des imp\u00f4ts radi\u00e9 en 2016, Karim Wade et Khalifa Sall sont tous pass\u00e9s par la case prison. Idrissa Seck, arriv\u00e9 deuxi\u00e8me \u00e0 la pr\u00e9sidentielle de 2019, est pour sa part un des principaux alli\u00e9s de Macky Sall. Il pr\u00e9side le Conseil \u00e9conomique social et environnemental et est la 3\u00e8me personnalit\u00e9 de l\u2019Etat s\u00e9n\u00e9galais.<\/p>\n<p dir=\"ltr\"><b>Karim Wade<\/b><\/p>\n<div class=\"bbc-1unnq9o-GridComponent e57qer20\" dir=\"ltr\">\n<p class=\"bbc-983qgs-Paragraph e1cc2ql70\" dir=\"ltr\">Le fils d\u2019Abdoulaye Wade est le premier \u00e0 avoir affaire \u00e0 la justice un an apr\u00e8s l\u2019arriv\u00e9e au pouvoir de Macky Sall. Dans une volont\u00e9 de reddition des comptes, le pr\u00e9sident nouvellement \u00e9lu remet en service la Cour de r\u00e9pression de l\u2019enrichissement illicite (CREI), une juridiction cr\u00e9\u00e9e dans les ann\u00e9es 1980 par Abdou Diouf<\/p>\n<\/div>\n<div class=\"bbc-1unnq9o-GridComponent e57qer20\" dir=\"ltr\">\n<p class=\"bbc-983qgs-Paragraph e1cc2ql70\" dir=\"ltr\">Arr\u00eat\u00e9 en avril, l\u2019ancien banquier \u00e0 Londres est condamn\u00e9 deux ans plus tard en mars 2015 \u00e0 6 ans de prison pour enrichissement illicite. Il ne purgera qu\u2019une partie de sa peine car il sera graci\u00e9 en juin 2016. D\u00e9s sa sortie de prison, il part en exil au Qatar o\u00f9 il vit depuis. Politiquement, il s\u2019active toujours et souhaite perp\u00e9tuer l\u2019h\u00e9ritage de son p\u00e8re, fondateur et toujours secr\u00e9taire g\u00e9n\u00e9ral du Parti d\u00e9mocratique s\u00e9n\u00e9galais (PDS) \u00e0 92 ans. Toutefois, sa condamnation l\u2019a emp\u00each\u00e9 de participer \u00e0 la pr\u00e9sidentielle de 2019. Son dossier avait \u00e9t\u00e9 rejet\u00e9 par le Conseil constitutionnel s\u00e9n\u00e9galais.<\/p>\n<\/div>\n<div class=\"bbc-1unnq9o-GridComponent e57qer20\" dir=\"ltr\">\n<p class=\"bbc-983qgs-Paragraph e1cc2ql70\" dir=\"ltr\"><b>Khalifa\u00a0<\/b><b>Ababacar\u00a0<\/b><b>Sall<\/b><\/p>\n<div class=\"bbc-1unnq9o-GridComponent e57qer20\" dir=\"ltr\">\n<p class=\"bbc-983qgs-Paragraph e1cc2ql70\" dir=\"ltr\">Le maire de Dakar, Khalifa Ababacar Sall, bien que membre du Parti socialiste, un des principaux alli\u00e9 du pr\u00e9sident Macky Sall, a toutefois eu des d\u00e9m\u00eal\u00e9s avec la justice en 2017.<\/p>\n<\/div>\n<div class=\"bbc-1unnq9o-GridComponent e57qer20\" dir=\"ltr\">\n<p class=\"bbc-983qgs-Paragraph e1cc2ql70\" dir=\"ltr\">Il a \u00e9t\u00e9 arr\u00eat\u00e9 en mars 2017 pour d\u00e9tournement de deniers publics dans l\u2019affaire dite de la caisse d\u2019avance. Il est condamn\u00e9 un an plus tard \u00e0 5 ans de prison ferme. Apr\u00e8s plus de deux ans de prison, il b\u00e9n\u00e9ficie d\u2019une gr\u00e2ce pr\u00e9sidentielle et est lib\u00e9r\u00e9 en 2019. Mais comme Karim Wade, il a vu ses ambitions pr\u00e9sidentielles r\u00e9duites \u00e0 n\u00e9ant en raison du rejet de sa candidature par le Conseil constitutionnel. Ils ont tous les deux \u00e9t\u00e9 radi\u00e9s des listes \u00e9lectorales apr\u00e8s leurs condamnations.<\/p>\n<div class=\"bbc-1unnq9o-GridComponent e57qer20\" dir=\"ltr\">\n<p class=\"bbc-983qgs-Paragraph e1cc2ql70\" dir=\"ltr\">Alli\u00e9 de Macky Sall au deuxi\u00e8me tour de la pr\u00e9sidentielle de 2012 contre Abdoulaye Wade, Idrissa Seck a rompu avec le pr\u00e9sident nouvellement \u00e9lu en 2013. De leur rupture \u00e0 la pr\u00e9sidentielle de 2019, Idrissa Seck \u00e9tait une figure centrale de l\u2019opposition \u00e0 Macky Sall. Mais depuis quelques temps, les deux anciens alli\u00e9s ont renou\u00e9. Arriv\u00e9 deuxi\u00e8me \u00e0 la pr\u00e9sidentielle de 2019, Idrissa Seck a rejoint la coalition pr\u00e9sidentielle Benno Bokk Yakaar et est d\u00e9sormais la 3\u00e8me personnalit\u00e9 de l\u2019Etat du S\u00e9n\u00e9gal en tant que pr\u00e9sident du Conseil \u00e9conomique social et environnemental.<\/p>\n<\/div>\n<div class=\"bbc-1unnq9o-GridComponent e57qer20\" dir=\"ltr\">\n<h3 id=\"Ousmane-Sonko\" class=\"bbc-jm96ii-SubHeading e14hemmw0\">Ousmane Sonko<\/h3>\n<\/div>\n<div class=\"bbc-1unnq9o-GridComponent e57qer20\" dir=\"ltr\">\n<p class=\"bbc-983qgs-Paragraph e1cc2ql70\" dir=\"ltr\">Avec l\u2019arrestation du pr\u00e9sident de Pastef, Ousmane Sonko, l\u2019opposition s\u00e9n\u00e9galaise perd un de ses leaders les plus en vue. C\u2019est un de ses remparts qui tombent. Accus\u00e9 de viols et menaces de mort par une jeune femme de 21 ans, masseuse dans un institut de beaut\u00e9, Ousmane Sonko a \u00e9t\u00e9 arr\u00eat\u00e9 et plac\u00e9 en garde-\u00e0-vue mercredi pour trouble \u00e0 l\u2019ordre public et participation \u00e0 une manifestation non autoris\u00e9e. Dans une s\u00e9rie de d\u00e9clarations publiques, il a ni\u00e9 les faits qui lui sont reproch\u00e9s et soutenu que c\u2019est un complot ourdi par le pr\u00e9sident Macky Sall. Ce dernier a d\u00e9menti toute implication dans \u00ab cette affaire priv\u00e9e \u00bb.<\/p>\n<\/div>\n<div class=\"bbc-1unnq9o-GridComponent e57qer20\" dir=\"ltr\">\n<h3 id=\"Aminata-Tour\u00e9\" class=\"bbc-jm96ii-SubHeading e14hemmw0\">Aminata Tour\u00e9<\/h3>\n<div class=\"bbc-1unnq9o-GridComponent e57qer20\" dir=\"ltr\">\n<p class=\"bbc-983qgs-Paragraph e1cc2ql70\" dir=\"ltr\">L\u2019ancienne Premier ministre et ancienne pr\u00e9sidente du Conseil \u00e9conomique social et environnementale n\u2019a pas d\u00e9missionn\u00e9 du parti pr\u00e9sidentielle, l\u2019Alliance pour la R\u00e9publique, apr\u00e8s son limogeage en 2020 mais elle a de plus en plus un discours critique vis-\u00e0-vis de Macky Sall.<\/p>\n<\/div>\n<div class=\"bbc-1unnq9o-GridComponent e57qer20\" dir=\"ltr\">\n<p class=\"bbc-983qgs-Paragraph e1cc2ql70\" dir=\"ltr\">Elle a \u00e9t\u00e9 remplac\u00e9e par le nouvel alli\u00e9 de Macky Sall, Idrissa Seck, et ne semble pas appr\u00e9cier le rapprochement entre les deux. M\u00eame si elle n\u2019a pas encore officiellement rompu avec la mouvance pr\u00e9sidentielle, beaucoup d\u2019observateurs consid\u00e8rent qu\u2019elle se positionne de plus en plus comme une opposante \u00e0 Macky Sall.<\/p>\n<div class=\"bbc-1unnq9o-GridComponent e57qer20\" dir=\"ltr\">\n<p class=\"bbc-983qgs-Paragraph e1cc2ql70\" dir=\"ltr\">C\u2019est un ancien ministre des Infrastructures et des Transports terrestre et du D\u00e9senclavement entre octobre 2012 et juillet 2014 et de l`\u00c9nergie entre 2014 et 2017. Thierno Alassane Sall a aussi \u00e9t\u00e9 le pr\u00e9sident des cadres de l\u2019Alliance pour la R\u00e9publique (APR), le parti pr\u00e9sidentiel de sa cr\u00e9ation en 2008 jusqu\u2019\u00e0 sa d\u00e9mission en 2017.<\/p>\n<\/div>\n<div class=\"bbc-1unnq9o-GridComponent e57qer20\" dir=\"ltr\">\n<p class=\"bbc-983qgs-Paragraph e1cc2ql70\" dir=\"ltr\">L\u2019ing\u00e9nieur en t\u00e9l\u00e9communications et en aviation civile a quitt\u00e9 ses fonctions de ministre \u00e0 la suite d\u2019un d\u00e9saccord avec Macky Sall sur l\u2019attribution de blocs gaziers \u00e0 la multinationale fran\u00e7aise Total. Dissident de l\u2019APR, Thierno Alassane Sall cr\u00e9e son mouvement politique, la R\u00e9publique des Valeurs, en 2017 et devient un opposant \u00e0 Macky Sall. Il n\u2019a pas pu participer \u00e0 la pr\u00e9sidentielle de 2019. Son dossier a \u00e9t\u00e9 rejet\u00e9 pour d\u00e9faut de parrainage.<\/p>\n<\/div>\n<div class=\"bbc-1unnq9o-GridComponent e57qer20\" dir=\"ltr\">\n<h3 id=\"Abdoul-Mbaye\" class=\"bbc-jm96ii-SubHeading e14hemmw0\">Abdoul Mbaye<\/h3>\n<div class=\"bbc-1unnq9o-GridComponent e57qer20\" dir=\"ltr\">\n<p class=\"bbc-983qgs-Paragraph e1cc2ql70\" dir=\"ltr\">Ancien Premier ministre de 2012 \u00e0 2013, le banquier sera remplac\u00e9 par Aminata Tour\u00e9. Il cr\u00e9e par la suite en 2016 son parti politique l\u2019Alliance pour la citoyennet\u00e9 et le travail (ACT). Abdoul Mbaye est l\u2019un des critiques les plus durs contre les politiques de Macky Sall. Bien que souhaitant participer \u00e0 la pr\u00e9sidentielle de 2019, il a \u00e9t\u00e9 recal\u00e9 par le Conseil constitutionnel.<\/p>\n<\/div>\n<div class=\"bbc-1unnq9o-GridComponent e57qer20\" dir=\"ltr\">\n<h3 id=\"Malick-Gackou\" class=\"bbc-jm96ii-SubHeading e14hemmw0\">Malick Gackou<\/h3>\n<div class=\"bbc-1unnq9o-GridComponent e57qer20\" dir=\"ltr\">\n<p class=\"bbc-983qgs-Paragraph e1cc2ql70\" dir=\"ltr\">Ancien ministre des Sport et aussi du Commerce, il d\u00e9missionne en 2013 du gouvernement et de l\u2019Alliance des Forces de progr\u00e8s, une formation politique dirig\u00e9e par l\u2019actuel pr\u00e9sident de l\u2019Assembl\u00e9e nationale Moustapha Niasse. EN 2015, il cr\u00e9e le Grand parti et devient un opposant \u00e0 Macky Sall. Sur le plan local, il a comme adversaire Aliou Sall, fr\u00e8re du pr\u00e9sident et maire de Gu\u00e9diawaye, fief politique de Malick Gackou dans la banlieue dakaroise. Comme beaucoup d\u2019hommes politiques s\u00e9n\u00e9galais, M. Gackou n\u2019a pas particip\u00e9 \u00e0 la pr\u00e9sidentielle de 2019 en raison du parrainage.<\/p>\n<\/div>\n<div class=\"bbc-1unnq9o-GridComponent e57qer20\" dir=\"ltr\">\n<h3 id=\"Cheikh-Bamba-Di\u00e8ye\" class=\"bbc-jm96ii-SubHeading e14hemmw0\">Cheikh Bamba Di\u00e8ye<\/h3>\n<p>Maire de Saint Louis de 2009 \u00e0 2014, Cheikh Bamba Di\u00e8ye \u00e9tait aussi ministre de la Communication et des T\u00e9l\u00e9communications de 2012 \u00e0 2014, ann\u00e9e de sa d\u00e9mission. Il est depuis un opposant radical \u00e0 Macky Sall. Avec l\u2019ancien ministre lib\u00e9ral Moustapha Guirassy, il fait partie des d\u00e9put\u00e9s qui se sont insurg\u00e9s contre la lev\u00e9e de l\u2019immunit\u00e9 parlementaire d\u2019Ousmane Sonko. Sa candidature \u00e0 la pr\u00e9sidentielle de 2019 a \u00e9t\u00e9 rejet\u00e9e par le Conseil constitutionnel pour d\u00e9faut de parrainages. A Saint-Louis, il s\u2019oppose au maire de la ville Mansour Faye, beau-fr\u00e8re du pr\u00e9sident.<\/p>\n<p>&nbsp;<\/p>\n<p><strong>Avec BBC<\/strong><\/p>\n<\/div>\n<\/div>\n<\/div>\n<\/div>\n<\/div>\n<\/div>\n<\/div>\n<\/div>\n<\/div>\n<div class=\"share-post\">\n<ul class=\"flat-social\">\n<li><\/li>\n<li><\/li>\n<\/ul>\n<div class=\"clear\"><\/div>\n<\/div>\n<div class=\"clear\"><\/div>\n<\/div>\n<\/article>\n<section id=\"author-box\">\n<div class=\"block-head\"><\/div>\n<\/section>\n","protected":false},"excerpt":{"rendered":"<p>Au S\u00e9n\u00e9gal, la question est sur toutes les l\u00e8vres depuis que le leader de Pastef Les patriotes, Ousmane Sonko, est arr\u00eat\u00e9 mercredi puis plac\u00e9 en garde-\u00e0-vue pour trouble \u00e0 l\u2019ordre public et participation \u00e0 une manifestation non autoris\u00e9e. A trois ans de la prochaine pr\u00e9sidentielle de 2024, l\u2019opposition s\u00e9n\u00e9galaise fait face \u00e0 des difficult\u00e9s. Recevant [&hellip;]<\/p>\n","protected":false},"author":2,"featured_media":7256,"comment_status":"open","ping_status":"open","sticky":false,"template":"","format":"standard","meta":{"footnotes":""},"categories":[57],"tags":[],"class_list":{"0":"post-7255","1":"post","2":"type-post","3":"status-publish","4":"format-standard","5":"has-post-thumbnail","7":"category-politique"},"_links":{"self":[{"href":"https:\/\/conakrynews.org\/index.php\/wp-json\/wp\/v2\/posts\/7255","targetHints":{"allow":["GET"]}}],"collection":[{"href":"https:\/\/conakrynews.org\/index.php\/wp-json\/wp\/v2\/posts"}],"about":[{"href":"https:\/\/conakrynews.org\/index.php\/wp-json\/wp\/v2\/types\/post"}],"author":[{"embeddable":true,"href":"https:\/\/conakrynews.org\/index.php\/wp-json\/wp\/v2\/users\/2"}],"replies":[{"embeddable":true,"href":"https:\/\/conakrynews.org\/index.php\/wp-json\/wp\/v2\/comments?post=7255"}],"version-history":[{"count":0,"href":"https:\/\/conakrynews.org\/index.php\/wp-json\/wp\/v2\/posts\/7255\/revisions"}],"wp:featuredmedia":[{"embeddable":true,"href":"https:\/\/conakrynews.org\/index.php\/wp-json\/wp\/v2\/media\/7256"}],"wp:attachment":[{"href":"https:\/\/conakrynews.org\/index.php\/wp-json\/wp\/v2\/media?parent=7255"}],"wp:term":[{"taxonomy":"category","embeddable":true,"href":"https:\/\/conakrynews.org\/index.php\/wp-json\/wp\/v2\/categories?post=7255"},{"taxonomy":"post_tag","embeddable":true,"href":"https:\/\/conakrynews.org\/index.php\/wp-json\/wp\/v2\/tags?post=7255"}],"curies":[{"name":"wp","href":"https:\/\/api.w.org\/{rel}","templated":true}]}}