{"id":7258,"date":"2021-03-06T12:33:36","date_gmt":"2021-03-06T12:33:36","guid":{"rendered":"https:\/\/conakrynews.org\/?p=7258"},"modified":"2021-03-06T13:57:44","modified_gmt":"2021-03-06T13:57:44","slug":"guinee-vers-laugmentation-du-prix-du-carburant-apres-le-mois-de-careme","status":"publish","type":"post","link":"https:\/\/conakrynews.org\/index.php\/guinee-vers-laugmentation-du-prix-du-carburant-apres-le-mois-de-careme\/","title":{"rendered":"Guin\u00e9e: vers l\u2019augmentation du prix du carburant"},"content":{"rendered":"<div class=\"td-post-header\">\n<header class=\"td-post-title\">\n<h1 class=\"entry-title\"><\/h1>\n<div class=\"td-module-meta-info\">\n<div class=\"td-post-author-name\">\n<div class=\"td-author-by\"><\/div>\n<\/div>\n<\/div>\n<\/header>\n<\/div>\n<div class=\"td-post-sharing td-post-sharing-top \">\n<div class=\"td-default-sharing\"><i class=\"td-icon-facebook\"><\/i>\u00a0<i class=\"td-icon-twitter\"><\/i>\u00a0<i class=\"td-icon-googleplus\"><\/i>\u00a0<i class=\"td-icon-pinterest\"><\/i>\u00a0<i class=\"td-icon-whatsapp\"><\/i><\/div>\n<\/div>\n<div class=\"td-post-content\">\n<div class=\"td-post-featured-image\"><a class=\"td-modal-image\" href=\"https:\/\/liberationinfo.com\/wp-content\/uploads\/2021\/03\/FB_IMG_16149699020430257.jpg\" data-caption=\"\"><img loading=\"lazy\" decoding=\"async\" class=\"entry-thumb td-animation-stack-type0-1\" title=\"FB_IMG_16149699020430257\" src=\"https:\/\/liberationinfo.com\/wp-content\/uploads\/2021\/03\/FB_IMG_16149699020430257.jpg\" alt=\"\" width=\"575\" height=\"689\" \/><\/a><\/div>\n<div class=\"entry-header\">\n<h1 class=\"jeg_post_title\"><\/h1>\n<\/div>\n<div class=\"jeg_ad jeg_article jnews_content_top_ads \">\n<div class=\"ads-wrapper \"><\/div>\n<\/div>\n<div class=\"entry-content no-share\">\n<div class=\"jeg_share_button share-float jeg_sticky_share clearfix share-monocrhome\"><\/div>\n<div class=\"content-inner \">\n<p><strong><em>Vers une augmentation du prix du carburant en Guin\u00e9e, l\u2019annonce a \u00e9t\u00e9 faite par le pr\u00e9sident Alpha Cond\u00e9 au cours du lancement du s\u00e9minaire gouvernemental, ce vendredi, 05 mars 2021 dans un h\u00f4tel de la place.\u00a0 Pour cause de la r\u00e9surgence de la fi\u00e8vre h\u00e9morragique \u00e0 virus Ebola et l\u2019augmentation sustentielle des cas confirm\u00e9s de la covid-19, le chef de l\u2019\u00e9tat a pris des mesures restrictives pour circonscrire \u00e0 ces deux pand\u00e9mies.<\/em><\/strong><\/p>\n<p>&nbsp;<\/p>\n<p><strong><em>Pour le pr\u00e9sident Alpha Cond\u00e9, les guin\u00e9ens doivent affronter les difficult\u00e9s dans les prochains mois \u00e0 cause du contexte mondial extr\u00eame difficile pour les pays producteurs du p\u00e9trole.<\/em><\/strong><\/p>\n<p><strong>\u00ab<em>J\u2019ai dit la derni\u00e8re fois que nous allons connaitre des difficult\u00e9s. Il y a une situation internationale. Aujourd\u2019hui le p\u00e9trole est \u00e0 13 mille francs au S\u00e9n\u00e9gal et 14 mille en C\u00f4te d\u2019ivoire. J\u2019\u00e9tais dans l\u2019optique d\u2019augmenter mais j\u2019ai dit qu\u2019il va y avoir le mois de car\u00eame, attendons apr\u00e8s le mois de car\u00eame<\/em>\u00bb,\u00a0<\/strong>a signal\u00e9 le chef de l\u2019\u00e9tat en pr\u00e9sence de ses ministres fortement mobilis\u00e9s.<\/p>\n<p>&nbsp;<\/p>\n<p><em><strong>Et de poursuivre \u00ab Gouverner autrement, c\u2019est accepter l\u2019impopularit\u00e9, accepter d\u2019affronter le peuple et lui dire la v\u00e9rit\u00e9\u2026Moi je n\u2019ai pas peur de prendre des d\u00e9cisions les plus impopulaires, les reformes les plus impopulaires parce que c\u2019est ce qui changera la Guin\u00e9e. Je n\u2019ai pas peur des lobbies, je n\u2019ai pas peur des groupes, parce que le destin d\u2019un homme d\u00e9pend de Dieu \u00bb,a-t-il d\u00e9clar\u00e9\u00a0<\/strong><\/em><\/p>\n<div class=\"jeg_ad jeg_ad_article jnews_content_inline_2_ads \">\n<div class=\"ads-wrapper align-center \">\n<div class=\"ads_code\"><\/div>\n<\/div>\n<\/div>\n<p><em>Pour terminer le pr\u00e9sident Alpha Cond\u00e9 a prof\u00e9r\u00e9 des menaces aux camionneurs et aux op\u00e9rateurs \u00e9conomiques qui chercheraient \u00e0 saper ces nouvelles dispositions<\/em>\u00a0\u201d\u00a0<strong><em>la semaine prochaine, je vais d\u00e9poser des projets de lois. Quiconque voudra jouer sur cela pour transporter le carburant dans les pays voisins, non seulement on saisit son camion de carburant, mais \u00e7a devient une propri\u00e9t\u00e9 de l\u2019Etat ou on met en vente aux ench\u00e8res\u2019\u2019, a avertit le pr\u00e9sident Cond\u00e9\u00a0<\/em><\/strong><\/p>\n<p>Mohamed Camara<\/p>\n<\/div>\n<\/div>\n<\/div>\n","protected":false},"excerpt":{"rendered":"<p>\u00a0\u00a0\u00a0\u00a0 Vers une augmentation du prix du carburant en Guin\u00e9e, l\u2019annonce a \u00e9t\u00e9 faite par le pr\u00e9sident Alpha Cond\u00e9 au cours du lancement du s\u00e9minaire gouvernemental, ce vendredi, 05 mars 2021 dans un h\u00f4tel de la place.\u00a0 Pour cause de la r\u00e9surgence de la fi\u00e8vre h\u00e9morragique \u00e0 virus Ebola et l\u2019augmentation sustentielle des cas confirm\u00e9s [&hellip;]<\/p>\n","protected":false},"author":2,"featured_media":7259,"comment_status":"open","ping_status":"open","sticky":false,"template":"","format":"standard","meta":{"footnotes":""},"categories":[58],"tags":[],"class_list":{"0":"post-7258","1":"post","2":"type-post","3":"status-publish","4":"format-standard","5":"has-post-thumbnail","7":"category-societe"},"_links":{"self":[{"href":"https:\/\/conakrynews.org\/index.php\/wp-json\/wp\/v2\/posts\/7258","targetHints":{"allow":["GET"]}}],"collection":[{"href":"https:\/\/conakrynews.org\/index.php\/wp-json\/wp\/v2\/posts"}],"about":[{"href":"https:\/\/conakrynews.org\/index.php\/wp-json\/wp\/v2\/types\/post"}],"author":[{"embeddable":true,"href":"https:\/\/conakrynews.org\/index.php\/wp-json\/wp\/v2\/users\/2"}],"replies":[{"embeddable":true,"href":"https:\/\/conakrynews.org\/index.php\/wp-json\/wp\/v2\/comments?post=7258"}],"version-history":[{"count":0,"href":"https:\/\/conakrynews.org\/index.php\/wp-json\/wp\/v2\/posts\/7258\/revisions"}],"wp:featuredmedia":[{"embeddable":true,"href":"https:\/\/conakrynews.org\/index.php\/wp-json\/wp\/v2\/media\/7259"}],"wp:attachment":[{"href":"https:\/\/conakrynews.org\/index.php\/wp-json\/wp\/v2\/media?parent=7258"}],"wp:term":[{"taxonomy":"category","embeddable":true,"href":"https:\/\/conakrynews.org\/index.php\/wp-json\/wp\/v2\/categories?post=7258"},{"taxonomy":"post_tag","embeddable":true,"href":"https:\/\/conakrynews.org\/index.php\/wp-json\/wp\/v2\/tags?post=7258"}],"curies":[{"name":"wp","href":"https:\/\/api.w.org\/{rel}","templated":true}]}}