{"id":7265,"date":"2021-03-07T21:36:54","date_gmt":"2021-03-07T21:36:54","guid":{"rendered":"https:\/\/conakrynews.org\/?p=7265"},"modified":"2021-03-07T21:36:54","modified_gmt":"2021-03-07T21:36:54","slug":"guinee-religion-imam-ismael-nanfo-diaby-porte-plainte-a-la-cour-supreme-contre-elhadj-aly-djamal-bangoura","status":"publish","type":"post","link":"https:\/\/conakrynews.org\/index.php\/guinee-religion-imam-ismael-nanfo-diaby-porte-plainte-a-la-cour-supreme-contre-elhadj-aly-djamal-bangoura\/","title":{"rendered":"Guin\u00e9e\/Religion : Imam Isma\u00ebl Nanfo Diaby porte plainte \u00e0 la cour supr\u00eame contre Elhadj Aly Djamal Bangoura"},"content":{"rendered":"<h1 class=\"name post-title entry-title\"><\/h1>\n<p class=\"post-meta\">\n<div class=\"clear\"><\/div>\n<div class=\"entry\">\n<p>Le c\u00e9l\u00e8bre pr\u00e9dicateur de l\u2019acad\u00e9mie N\u2019KO\u00a0 imam Isma\u00ebl Nanfo Diaby\u00a0\u00a0a anim\u00e9 une conf\u00e9rence de presse ce samedi 06 mars \u00e0 Conakry, pour se faire entendre.<\/p>\n<p>Au cours de cette rencontre, imam Isma\u00ebl Nanfo Diaby\u00a0\u00a0a annonc\u00e9 qu\u2019il compte porter plainte \u00e0 la cour supr\u00eame contre le secr\u00e9taire g\u00e9n\u00e9ral des affaires religieuses concernant la d\u00e9cision qui l\u2019interdit d\u2019exercer toutes activit\u00e9s religieuses en Guin\u00e9e.<\/p>\n<p>Selon lui, sa pr\u00e9sence \u00e0 Conakry \u00e9tait pour d\u00e9poser une plainte \u00e0 la cour supr\u00eame contre le secr\u00e9tariat g\u00e9n\u00e9ral des affaires religieuses afin d\u2019annuler cette d\u00e9cision et non contre ceux qui ont d\u00e9truit sa mosqu\u00e9e.<\/p>\n<p>&nbsp;<\/p>\n<p>\u00ab\u00a0Pour moi cette d\u00e9cision du secr\u00e9taire g\u00e9n\u00e9ral des affaires religieuses est ill\u00e9gale\u00a0 \u00e0 la constitution.\u00a0Ceux qui ont agress\u00e9s ma famille, d\u00e9truits ma mosqu\u00e9e,\u00a0 la plainte ne\u00a0 vise pas ces gens-l\u00e0, \u00a0j\u2019ai laiss\u00e9 \u00e7a \u00e0 Dieu. Cette \u00a0plainte\u00a0 est purement administrative en vue d\u2019annuler cette d\u00e9cision du secr\u00e9tariat g\u00e9n\u00e9ral des affaires religieuses\u00a0\u00bb\u00a0 a-t-il expliqu\u00e9.<\/p>\n<p>&nbsp;<\/p>\n<p>Poursuivant, l\u2019imam Isma\u00ebl Nanfo Diaby\u00a0\u00a0 a \u00e9galement indiqu\u00e9 qu\u2019il n\u2019abandonnera jamais cette culture.<\/p>\n<p>&nbsp;<\/p>\n<p>\u00ab\u00a0La pratique religieuse que\u00a0 je suis en train de pr\u00f4ner\u00a0 n\u2019est pas contre quelqu\u2019un,\u00a0 aimer soit m\u00eame ne\u00a0 veux pas dire que d\u00e9tester les autres. Donc, je veux que chacun pratique la religion dans le strict respect de ses convictions, sans faire du tort \u00e0 quelqu\u2019un. Donc moi j\u2019aime\u00a0 les langues africaines, je suis africain et je veux adorer mon cr\u00e9ateur \u00e0 travers une langue africaine.\u00a0 je n\u2019oblige pas les autres \u00e0 faire comme, moi mais je veux seulement qu\u2019on me\u00a0 laisse librement pratiqu\u00e9 la religion comme je comprends\u00a0\u00bb.<\/p>\n<p>Enfin, il affirme qu\u2019il n\u2019a pas peur\u00a0 d\u2019\u00eatre arr\u00eat\u00e9 parce qu\u2019il est sur le chemin de la v\u00e9rit\u00e9.<\/p>\n<p>\u00bb\u00a0Je n\u2019ai pas peur pour \u00eatre arr\u00eat\u00e9, parce-que je sais que je suis sur le chemin de la v\u00e9rit\u00e9\u00a0 qu\u2019il va m\u2019amener dans le paradis et surtout je sais que la loi existe. Je ne fais pas la\u00a0pri\u00e8re dans ma langue\u00a0 pour quelqu\u2019un,\u00a0 la pri\u00e8re est d\u00e9termin\u00e9e \u00e0 Dieu, donc je vais continuer \u00e0 prier dans ma langue et je n\u2019abandonnerai jamais\u00a0\u00bb affirme-t-il.<\/p>\n<p>\u00c0 rappeler que l\u2019imam Isma\u00ebl Nanfo Diaby\u00a0\u00a0a \u00e9t\u00e9 arr\u00eat\u00e9 en 2020 \u00e0 Kankan, alors qu\u2019il dirigeait des pri\u00e8res en N\u2019KO avant d\u2019\u00eatre interdit par les autorit\u00e9s religieuses d\u2019exercer toutes activit\u00e9s religieuses sur le territoire guin\u00e9en.<\/p>\n<p><strong>\u00a0<\/strong><\/p>\n<p><strong>Saran Nab\u00e9<\/strong><\/p>\n<\/div>\n","protected":false},"excerpt":{"rendered":"<p>Le c\u00e9l\u00e8bre pr\u00e9dicateur de l\u2019acad\u00e9mie N\u2019KO\u00a0 imam Isma\u00ebl Nanfo Diaby\u00a0\u00a0a anim\u00e9 une conf\u00e9rence de presse ce samedi 06 mars \u00e0 Conakry, pour se faire entendre. Au cours de cette rencontre, imam Isma\u00ebl Nanfo Diaby\u00a0\u00a0a annonc\u00e9 qu\u2019il compte porter plainte \u00e0 la cour supr\u00eame contre le secr\u00e9taire g\u00e9n\u00e9ral des affaires religieuses concernant la d\u00e9cision qui l\u2019interdit [&hellip;]<\/p>\n","protected":false},"author":2,"featured_media":7266,"comment_status":"open","ping_status":"open","sticky":false,"template":"","format":"standard","meta":{"footnotes":""},"categories":[58],"tags":[],"class_list":{"0":"post-7265","1":"post","2":"type-post","3":"status-publish","4":"format-standard","5":"has-post-thumbnail","7":"category-societe"},"_links":{"self":[{"href":"https:\/\/conakrynews.org\/index.php\/wp-json\/wp\/v2\/posts\/7265","targetHints":{"allow":["GET"]}}],"collection":[{"href":"https:\/\/conakrynews.org\/index.php\/wp-json\/wp\/v2\/posts"}],"about":[{"href":"https:\/\/conakrynews.org\/index.php\/wp-json\/wp\/v2\/types\/post"}],"author":[{"embeddable":true,"href":"https:\/\/conakrynews.org\/index.php\/wp-json\/wp\/v2\/users\/2"}],"replies":[{"embeddable":true,"href":"https:\/\/conakrynews.org\/index.php\/wp-json\/wp\/v2\/comments?post=7265"}],"version-history":[{"count":0,"href":"https:\/\/conakrynews.org\/index.php\/wp-json\/wp\/v2\/posts\/7265\/revisions"}],"wp:featuredmedia":[{"embeddable":true,"href":"https:\/\/conakrynews.org\/index.php\/wp-json\/wp\/v2\/media\/7266"}],"wp:attachment":[{"href":"https:\/\/conakrynews.org\/index.php\/wp-json\/wp\/v2\/media?parent=7265"}],"wp:term":[{"taxonomy":"category","embeddable":true,"href":"https:\/\/conakrynews.org\/index.php\/wp-json\/wp\/v2\/categories?post=7265"},{"taxonomy":"post_tag","embeddable":true,"href":"https:\/\/conakrynews.org\/index.php\/wp-json\/wp\/v2\/tags?post=7265"}],"curies":[{"name":"wp","href":"https:\/\/api.w.org\/{rel}","templated":true}]}}