{"id":7269,"date":"2021-03-07T21:48:14","date_gmt":"2021-03-07T21:48:14","guid":{"rendered":"https:\/\/conakrynews.org\/?p=7269"},"modified":"2021-03-07T21:52:28","modified_gmt":"2021-03-07T21:52:28","slug":"feguifoot-titi-camaracandidat-au-poste-de-vice-presidence","status":"publish","type":"post","link":"https:\/\/conakrynews.org\/index.php\/feguifoot-titi-camaracandidat-au-poste-de-vice-presidence\/","title":{"rendered":"FEGUIFOOT: Titi Camara,candidat \u00e0 un poste"},"content":{"rendered":"<p>Ancien international guin\u00e9en, Aboubacar Camara, tr\u00e8s c\u00e9l\u00e8bre sous le nom Titi, sera candidat au prochain congr\u00e8s de la f\u00e9d\u00e9ration guin\u00e9enne de football. Il tentera de convaincre les membres statutaires pour occuper le poste de 1er vice-pr\u00e9sident de la FEGUIFOOT. L\u2019annonce est faite en direct (au t\u00e9l\u00e9phone) par l\u2019int\u00e9ress\u00e9 lui-m\u00eame dans l\u2019\u00e9mission \u00ab FOOT EXPRESS \u00bb chez nos confr\u00e8res d\u2019Espace TV, ce dimanche 07 mars 2021.<\/p>\n<p>\u00ab Je suis candidat au poste de premier vice-pr\u00e9sident de la f\u00e9d\u00e9ration guin\u00e9enne de football. Je pense apporter un plus au d\u00e9veloppement du football guin\u00e9en, surtout l\u2019excellence. C\u2019est cela mon ambition. \u00bb a dit au passage l\u2019ancien ministre des sports de la Guin\u00e9e, Aboubacar Titi camara.<\/p>\n<p>Rappelons que le congr\u00e8s \u00e9lectif de la f\u00e9d\u00e9ration guin\u00e9enne de football est pr\u00e9vu vraisemblablement au 30 avril prochain. Antonio Souar\u00e9 pr\u00e9sident sortant veut s\u2019offrir un nouveau mandat. Il aura en face un challenger non des moindre, il s\u2019agit de Kerfalla Person Camara alias KPC, pr\u00e9sident du Hafia FC.<\/p>\n<p>africasport.org<\/p>\n","protected":false},"excerpt":{"rendered":"<p>Ancien international guin\u00e9en, Aboubacar Camara, tr\u00e8s c\u00e9l\u00e8bre sous le nom Titi, sera candidat au prochain congr\u00e8s de la f\u00e9d\u00e9ration guin\u00e9enne de football. Il tentera de convaincre les membres statutaires pour occuper le poste de 1er vice-pr\u00e9sident de la FEGUIFOOT. L\u2019annonce est faite en direct (au t\u00e9l\u00e9phone) par l\u2019int\u00e9ress\u00e9 lui-m\u00eame dans l\u2019\u00e9mission \u00ab FOOT EXPRESS \u00bb [&hellip;]<\/p>\n","protected":false},"author":2,"featured_media":7270,"comment_status":"open","ping_status":"open","sticky":false,"template":"","format":"standard","meta":{"footnotes":""},"categories":[64],"tags":[],"class_list":{"0":"post-7269","1":"post","2":"type-post","3":"status-publish","4":"format-standard","5":"has-post-thumbnail","7":"category-sport"},"_links":{"self":[{"href":"https:\/\/conakrynews.org\/index.php\/wp-json\/wp\/v2\/posts\/7269","targetHints":{"allow":["GET"]}}],"collection":[{"href":"https:\/\/conakrynews.org\/index.php\/wp-json\/wp\/v2\/posts"}],"about":[{"href":"https:\/\/conakrynews.org\/index.php\/wp-json\/wp\/v2\/types\/post"}],"author":[{"embeddable":true,"href":"https:\/\/conakrynews.org\/index.php\/wp-json\/wp\/v2\/users\/2"}],"replies":[{"embeddable":true,"href":"https:\/\/conakrynews.org\/index.php\/wp-json\/wp\/v2\/comments?post=7269"}],"version-history":[{"count":0,"href":"https:\/\/conakrynews.org\/index.php\/wp-json\/wp\/v2\/posts\/7269\/revisions"}],"wp:featuredmedia":[{"embeddable":true,"href":"https:\/\/conakrynews.org\/index.php\/wp-json\/wp\/v2\/media\/7270"}],"wp:attachment":[{"href":"https:\/\/conakrynews.org\/index.php\/wp-json\/wp\/v2\/media?parent=7269"}],"wp:term":[{"taxonomy":"category","embeddable":true,"href":"https:\/\/conakrynews.org\/index.php\/wp-json\/wp\/v2\/categories?post=7269"},{"taxonomy":"post_tag","embeddable":true,"href":"https:\/\/conakrynews.org\/index.php\/wp-json\/wp\/v2\/tags?post=7269"}],"curies":[{"name":"wp","href":"https:\/\/api.w.org\/{rel}","templated":true}]}}