{"id":7355,"date":"2021-03-14T13:37:44","date_gmt":"2021-03-14T13:37:44","guid":{"rendered":"https:\/\/conakrynews.org\/?p=7355"},"modified":"2021-03-14T13:37:44","modified_gmt":"2021-03-14T13:37:44","slug":"tchad-les-medias-prives-menacent-de-se-retirer-de-la-couverture-mediatique-de-la-campagne-presidentielle","status":"publish","type":"post","link":"https:\/\/conakrynews.org\/index.php\/tchad-les-medias-prives-menacent-de-se-retirer-de-la-couverture-mediatique-de-la-campagne-presidentielle\/","title":{"rendered":"Tchad : les m\u00e9dias priv\u00e9s menacent de se retirer de la couverture m\u00e9diatique de la campagne pr\u00e9sidentielle"},"content":{"rendered":"<div class=\"td-post-header\">\n<header class=\"td-post-title\">\n<h1 class=\"entry-title\"><\/h1>\n<div class=\"td-module-meta-info\">\n<div class=\"td-post-author-name\">\n<div class=\"td-author-by\"><\/div>\n<\/div>\n<\/div>\n<\/header>\n<\/div>\n<div class=\"td-post-sharing td-post-sharing-top \">\n<div class=\"td-default-sharing\"><i class=\"td-icon-facebook\"><\/i>\u00a0<i class=\"td-icon-twitter\"><\/i>\u00a0<i class=\"td-icon-googleplus\"><\/i>\u00a0<i class=\"td-icon-pinterest\"><\/i>\u00a0<i class=\"td-icon-whatsapp\"><\/i><\/div>\n<\/div>\n<div class=\"td-post-content\">\n<div class=\"entry-header\">\n<h1 class=\"jeg_post_title\"><\/h1>\n<div class=\"jeg_meta_container\">\n<div class=\"jeg_post_meta jeg_post_meta_1\">\n<div class=\"meta_right\"><\/div>\n<\/div>\n<\/div>\n<\/div>\n<div class=\"jeg_featured featured_image\">\n<div class=\"thumbnail-container animate-lazy\"><img decoding=\"async\" class=\"attachment-jnews-750x375 size-jnews-750x375 wp-post-image td-animation-stack-type0-2\" src=\"https:\/\/mosaiqueguinee.com\/wp-content\/themes\/jnews\/assets\/img\/jeg-empty.png\" alt=\"Tchad: le titre de mar\u00e9chal d\u00e9cern\u00e9 \u00e0 Idriss D\u00e9by le jour des 60 ans de l\u2019ind\u00e9pendance\" \/><\/div>\n<\/div>\n<div class=\"jeg_share_top_container\">\n<div class=\"jeg_share_button clearfix\">\n<div class=\"jeg_share_stats\"><\/div>\n<div class=\"jeg_sharelist\"><\/div>\n<\/div>\n<\/div>\n<div class=\"jeg_ad jeg_article jnews_content_top_ads \">\n<div class=\"ads-wrapper \"><\/div>\n<\/div>\n<div class=\"entry-content no-share\">\n<div class=\"jeg_share_button share-float jeg_sticky_share clearfix share-monocrhome\">\n<div class=\"jeg_share_float_container\"><\/div>\n<\/div>\n<div class=\"content-inner \">\n<p>Au Tchad, les m\u00e9dias priv\u00e9s menacent de se retirer de la couverture m\u00e9diatique de la campagne pr\u00e9sidentielle si rien n\u2019est fait dans un d\u00e9lai de 48 heures. Et pour cause, le fond d\u2019aide \u00e0 la presse n\u2019aurait pas \u00e9t\u00e9 pay\u00e9, pas d\u2019appui aux m\u00e9dias depuis 72 heures apr\u00e8s le lancement de ladite campagne pr\u00e9sidentielle ont-ils mentionn\u00e9 dans leur plateforme revendicative.<\/p>\n<p>&nbsp;<\/p>\n<p><strong>Ci-dessous communiqu\u00e9 des m\u00e9dias priv\u00e9s tchadien :<\/strong><\/p>\n<p>Source :liberationinfo.com<\/p>\n<p>&nbsp;<\/p>\n<p><img decoding=\"async\" class=\"wp-image-191822 size-full td-animation-stack-type0-2\" src=\"https:\/\/mosaiqueguinee.com\/wp-content\/uploads\/2021\/03\/tchad-medias.jpeg\" alt=\"\" \/><\/p>\n<\/div>\n<\/div>\n<\/div>\n","protected":false},"excerpt":{"rendered":"<p>\u00a0\u00a0\u00a0\u00a0 Au Tchad, les m\u00e9dias priv\u00e9s menacent de se retirer de la couverture m\u00e9diatique de la campagne pr\u00e9sidentielle si rien n\u2019est fait dans un d\u00e9lai de 48 heures. Et pour cause, le fond d\u2019aide \u00e0 la presse n\u2019aurait pas \u00e9t\u00e9 pay\u00e9, pas d\u2019appui aux m\u00e9dias depuis 72 heures apr\u00e8s le lancement de ladite campagne pr\u00e9sidentielle [&hellip;]<\/p>\n","protected":false},"author":2,"featured_media":0,"comment_status":"open","ping_status":"open","sticky":false,"template":"","format":"standard","meta":{"footnotes":""},"categories":[58],"tags":[],"class_list":{"0":"post-7355","1":"post","2":"type-post","3":"status-publish","4":"format-standard","6":"category-societe"},"_links":{"self":[{"href":"https:\/\/conakrynews.org\/index.php\/wp-json\/wp\/v2\/posts\/7355","targetHints":{"allow":["GET"]}}],"collection":[{"href":"https:\/\/conakrynews.org\/index.php\/wp-json\/wp\/v2\/posts"}],"about":[{"href":"https:\/\/conakrynews.org\/index.php\/wp-json\/wp\/v2\/types\/post"}],"author":[{"embeddable":true,"href":"https:\/\/conakrynews.org\/index.php\/wp-json\/wp\/v2\/users\/2"}],"replies":[{"embeddable":true,"href":"https:\/\/conakrynews.org\/index.php\/wp-json\/wp\/v2\/comments?post=7355"}],"version-history":[{"count":0,"href":"https:\/\/conakrynews.org\/index.php\/wp-json\/wp\/v2\/posts\/7355\/revisions"}],"wp:attachment":[{"href":"https:\/\/conakrynews.org\/index.php\/wp-json\/wp\/v2\/media?parent=7355"}],"wp:term":[{"taxonomy":"category","embeddable":true,"href":"https:\/\/conakrynews.org\/index.php\/wp-json\/wp\/v2\/categories?post=7355"},{"taxonomy":"post_tag","embeddable":true,"href":"https:\/\/conakrynews.org\/index.php\/wp-json\/wp\/v2\/tags?post=7355"}],"curies":[{"name":"wp","href":"https:\/\/api.w.org\/{rel}","templated":true}]}}