{"id":7357,"date":"2021-03-14T14:38:33","date_gmt":"2021-03-14T14:38:33","guid":{"rendered":"https:\/\/conakrynews.org\/?p=7357"},"modified":"2021-03-14T14:38:33","modified_gmt":"2021-03-14T14:38:33","slug":"72-heures-apres-son-deces-le-testament-quhamed-bakayoko-a-laisse-a-ses-enfants-connus","status":"publish","type":"post","link":"https:\/\/conakrynews.org\/index.php\/72-heures-apres-son-deces-le-testament-quhamed-bakayoko-a-laisse-a-ses-enfants-connus\/","title":{"rendered":"72 heures apr\u00e8s son d\u00e9c\u00e8s, le testament qu&rsquo;Hamed Bakayoko a laiss\u00e9 \u00e0 ses \u00ab\u00a0enfants\u00a0\u00bb connus"},"content":{"rendered":"<p>72 heures apr\u00e8s son d\u00e9c\u00e8s, le testament qu&rsquo;Hamed Bakayoko a laiss\u00e9 \u00e0 ses \u00ab\u00a0enfants\u00a0\u00bb connus<br \/>\nCI Information13 mars 2021<\/p>\n<p>C&rsquo;est n&rsquo;est pas \u00e0 tort qu&rsquo;Hamed Bakayoko est appel\u00e9 le ministre de la jeunesse. Chaque jeune se reconnaissait en effet en lui, vu son parcours. D\u00e9c\u00e9d\u00e9 le 10 mars 2021 en Allemagne, voici le testament que le Premier ministre laisse \u00e0 la jeunesse.<\/p>\n<p>Hamed Bakayoko \u00e9tait un leader de la jeunesse. Il arrivait facilement \u00e0 utiliser le langage des jeunes. Ce qui \u00e9tait exceptionnel, c&rsquo;est que du haut de son grade de ministre, il arrivait \u00e0 utiliser la mani\u00e8re de parler des jeunes ivoiriens (le nouchi) pour leur parler.<\/p>\n<p>Hamed Bakayoko n&rsquo;a pas fait de brillantes \u00e9tudes sup\u00e9rieures. \u00c0 part le baccalaur\u00e9at, on ne lui conna\u00eet pas d&rsquo;autres dipl\u00f4mes. Mais il n&rsquo;a jamais pris cela pour un handicap et cela ne l&rsquo;a pas emp\u00each\u00e9 de gravir les \u00e9chelons et devenir un homme politique de premier plan dans son pays la C\u00f4te d&rsquo;Ivoire.<\/p>\n<p>C&rsquo;est sans doute pour cela que les jeunes, surtout issus des couches les plus d\u00e9favoris\u00e9es se reconnaissait facilement en lui.<\/p>\n<p>&nbsp;<\/p>\n","protected":false},"excerpt":{"rendered":"<p>72 heures apr\u00e8s son d\u00e9c\u00e8s, le testament qu&rsquo;Hamed Bakayoko a laiss\u00e9 \u00e0 ses \u00ab\u00a0enfants\u00a0\u00bb connus CI Information13 mars 2021 C&rsquo;est n&rsquo;est pas \u00e0 tort qu&rsquo;Hamed Bakayoko est appel\u00e9 le ministre de la jeunesse. Chaque jeune se reconnaissait en effet en lui, vu son parcours. D\u00e9c\u00e9d\u00e9 le 10 mars 2021 en Allemagne, voici le testament que [&hellip;]<\/p>\n","protected":false},"author":2,"featured_media":7358,"comment_status":"open","ping_status":"open","sticky":false,"template":"","format":"standard","meta":{"footnotes":""},"categories":[58],"tags":[],"class_list":{"0":"post-7357","1":"post","2":"type-post","3":"status-publish","4":"format-standard","5":"has-post-thumbnail","7":"category-societe"},"_links":{"self":[{"href":"https:\/\/conakrynews.org\/index.php\/wp-json\/wp\/v2\/posts\/7357","targetHints":{"allow":["GET"]}}],"collection":[{"href":"https:\/\/conakrynews.org\/index.php\/wp-json\/wp\/v2\/posts"}],"about":[{"href":"https:\/\/conakrynews.org\/index.php\/wp-json\/wp\/v2\/types\/post"}],"author":[{"embeddable":true,"href":"https:\/\/conakrynews.org\/index.php\/wp-json\/wp\/v2\/users\/2"}],"replies":[{"embeddable":true,"href":"https:\/\/conakrynews.org\/index.php\/wp-json\/wp\/v2\/comments?post=7357"}],"version-history":[{"count":0,"href":"https:\/\/conakrynews.org\/index.php\/wp-json\/wp\/v2\/posts\/7357\/revisions"}],"wp:featuredmedia":[{"embeddable":true,"href":"https:\/\/conakrynews.org\/index.php\/wp-json\/wp\/v2\/media\/7358"}],"wp:attachment":[{"href":"https:\/\/conakrynews.org\/index.php\/wp-json\/wp\/v2\/media?parent=7357"}],"wp:term":[{"taxonomy":"category","embeddable":true,"href":"https:\/\/conakrynews.org\/index.php\/wp-json\/wp\/v2\/categories?post=7357"},{"taxonomy":"post_tag","embeddable":true,"href":"https:\/\/conakrynews.org\/index.php\/wp-json\/wp\/v2\/tags?post=7357"}],"curies":[{"name":"wp","href":"https:\/\/api.w.org\/{rel}","templated":true}]}}