{"id":7380,"date":"2021-03-18T09:51:53","date_gmt":"2021-03-18T09:51:53","guid":{"rendered":"https:\/\/conakrynews.org\/?p=7380"},"modified":"2021-03-18T09:51:53","modified_gmt":"2021-03-18T09:51:53","slug":"obseques-dhamed-bakayoko-le-calme-avant-la-tempete-au-sein-de-la-franc-maconnerie","status":"publish","type":"post","link":"https:\/\/conakrynews.org\/index.php\/obseques-dhamed-bakayoko-le-calme-avant-la-tempete-au-sein-de-la-franc-maconnerie\/","title":{"rendered":"Obs\u00e8ques d\u2019Hamed Bakayoko: le calme avant la temp\u00eate au sein de la Franc-ma\u00e7onnerie"},"content":{"rendered":"<div class=\"td-post-header\">\n<p>&nbsp;<\/p>\n<header class=\"td-post-title\">\n<h1 class=\"entry-title\"><\/h1>\n<div class=\"td-module-meta-info\">\n<div class=\"td-post-author-name\">\n<div class=\"td-author-by\"><\/div>\n<\/div>\n<\/div>\n<\/header>\n<\/div>\n<div class=\"td-post-sharing-top\">\n<div id=\"td_social_sharing_article_top\" class=\"td-post-sharing td-ps-bg td-ps-notext td-post-sharing-style1 \">\n<div class=\"td-post-sharing-visible\">\n<div class=\"td-social-but-icon\"><\/div>\n<div class=\"td-social-but-icon\"><\/div>\n<div class=\"td-social-but-icon\"><\/div>\n<div class=\"td-social-but-icon\"><\/div>\n<\/div>\n<\/div>\n<\/div>\n<div class=\"td-post-content tagdiv-type\">\n<div class=\"td-post-featured-image\"><a class=\"td-modal-image\" href=\"http:\/\/leverificateur.net\/wp-content\/uploads\/2021\/03\/Hamed-Bakayoko.jpg\" data-caption=\"\"><img loading=\"lazy\" decoding=\"async\" class=\"entry-thumb td-animation-stack-type0-2\" title=\"Hamed-Bakayoko\" src=\"http:\/\/leverificateur.net\/wp-content\/uploads\/2021\/03\/Hamed-Bakayoko-696x398.jpg\" alt=\"\" width=\"696\" height=\"398\" \/><\/a><\/div>\n<aside class=\"mashsb-container mashsb-main mashsb-stretched\">\n<div class=\"mashsb-box\">\n<div class=\"mashsb-count\">\n<div class=\"counts mashsbcount\"><\/div>\n<\/div>\n<\/div>\n<div><\/div>\n<\/aside>\n<p><em>Depuis la mort d\u2019Hamed Bakayoko, Pr\u00e9sident de la Grande Loge de C\u00f4te d\u2019Ivoire depuis 2015, les tractations vont bon train pour trouver un successeur au d\u00e9funt. Mais, selon nos informations, cette bataille entre les \u00ab\u00a0fr\u00e8res de lumi\u00e8re\u00a0\u00bb de la Grande Loge de C\u00f4te d\u2019Ivoire (GLCI)\u00a0s\u2019annonce rude.<\/em><\/p>\n<p>Le d\u00e9c\u00e8s d\u2019Hamed Bakayoko a cr\u00e9\u00e9 un grand vide dans la Grande Loge de C\u00f4te d\u2019Ivoire. Pr\u00e9sident de cette Grande Loge depuis 2015, Hamed Bakayoko, entr\u00e9 tardivement dans la Franc-ma\u00e7onnerie, s\u2019y \u00e9tait \u00e9norm\u00e9ment investi.<\/p>\n<p>Selon nos informations, les \u00ab fr\u00e8res de lumi\u00e8re \u00bb de la loge se sont r\u00e9unis en urgence le 11 mars \u00e0 Abidjan,\u00a0au lendemain du d\u00e9c\u00e8s de leur Grand ma\u00eetre, le Premier ministre Hamed Bakayoko. C\u2019est ainsi qu\u2019ils ont d\u00e9cid\u00e9 de suspendre toutes leurs activit\u00e9s et la tenue des loges pour une p\u00e9riode d\u2019un mois. Un deuil ma\u00e7onnique de trois mois a \u00e9t\u00e9 d\u00e9cr\u00e9t\u00e9.<\/p>\n<h2 id=\"h-le-calme-avant-la-temp-te\">Le calme avant la temp\u00eate<\/h2>\n<div class=\"fhtw fhtw-post-inline fhtw-float-center fhtw-align-center fhtw-column-1 fhtw-clearfix lazyloaded\">\n<div id=\"fhtw-120975-1904713712\" class=\"fhtw-container fhtw-type-code  lazyloaded\" data-adid=\"120975\" data-type=\"code\">\n<div id=\"fhtw-120975-1904713712-place\" class=\" lazyloaded\"><\/div>\n<\/div>\n<\/div>\n<p>Apr\u00e8s le deuil ma\u00e7onnique de trois mois, donc d\u2019inactivit\u00e9 au sein de la GLCI, la succession \u00e0 la t\u00eate de la loge sera ouvertement \u00e9voqu\u00e9e. Ainsi, un processus \u00e9lectoral s\u2019ouvrira pour d\u00e9signer le successeur de leur Grand ma\u00eetre, le Premier ministre\u00a0Hamed Bakayoko.<\/p>\n<p>Si par pudeur, cette question de succession n\u2019a pas \u00e9t\u00e9 ouvertement \u00e9voqu\u00e9e par les \u00ab\u00a0fr\u00e8res de lumi\u00e8re\u00a0\u00bb de la Grande Loge de C\u00f4te d\u2019Ivoire (GLCI), l\u2019enjeu est de taille pour ce poste strat\u00e9gique. Selon Africa Intelligence, le choix semble de plus en plus se porter sur Alain Richard Donwahi, ministre ivoirien des Eaux et for\u00eats. \u00c0 en croire le confr\u00e8re, le fils de l\u2019ancien Pr\u00e9sident de l\u2019Assembl\u00e9e nationale, Charles Boza Donwahi, est \u00ab membre de la loge depuis plus d\u2019une d\u00e9cennie \u00bb, pour finalement acqu\u00e9rir le grade de \u00ab grand ma\u00eetre des ma\u00e7ons des marques et de la province du centre \u00bb.<\/p>\n<p>Alain Richard Donwahi est membre du gouvernement ivoirien et membre fondateur du Rassemblement des houphou\u00ebtistes pour la d\u00e9mocratie et la paix (RHDP), parti du chef d\u2019\u00c9tat ivoirien, Alassane Ouattara. Lors de l\u2019\u00e9clatement de la mutinerie des anciens rebelles int\u00e9gr\u00e9s \u00e0 l\u2019arm\u00e9e ivoirienne \u00e0 Bouak\u00e9, en janvier et mai 2017, Donwahi \u00e9tait le ministre de la D\u00e9fense. Mais \u00e0 la suite d\u2019un r\u00e9am\u00e9nagement technique du gouvernement, le Pr\u00e9sident ivoirien a nomm\u00e9 Hamed Bakayoko \u00e0 la D\u00e9fense en remplacement de Donwahi, \u00e0 qui a \u00e9t\u00e9 confi\u00e9 le minist\u00e8re des Eaux et for\u00eats.<\/p>\n<p>Il faut rappeler que la grande loge de C\u00f4te d\u2019Ivoire (GLCI) a \u00e9t\u00e9 fond\u00e9e par Clotaire Magloire Coffie, d\u00e9c\u00e9d\u00e9 en janvier 2017, dans un accident de voiture. Son 4\u00d74 a crev\u00e9, avant de faire plusieurs tonneaux. C\u2019est ainsi qu\u2019Hamed Bakayoko est venu le succ\u00e9der.<\/p>\n<div class=\"fhtw fhtw-post-inline fhtw-float-center fhtw-align-center fhtw-column-1 fhtw-clearfix lazyloaded\">\n<div id=\"fhtw-120975-998850589\" class=\"fhtw-container fhtw-type-code  lazyloaded\" data-adid=\"120975\" data-type=\"code\">\n<div id=\"fhtw-120975-998850589-place\" class=\" lazyloaded\"><strong>beninwebtv<\/strong><\/div>\n<\/div>\n<\/div>\n<\/div>\n","protected":false},"excerpt":{"rendered":"<p>&nbsp; Depuis la mort d\u2019Hamed Bakayoko, Pr\u00e9sident de la Grande Loge de C\u00f4te d\u2019Ivoire depuis 2015, les tractations vont bon train pour trouver un successeur au d\u00e9funt. Mais, selon nos informations, cette bataille entre les \u00ab\u00a0fr\u00e8res de lumi\u00e8re\u00a0\u00bb de la Grande Loge de C\u00f4te d\u2019Ivoire (GLCI)\u00a0s\u2019annonce rude. Le d\u00e9c\u00e8s d\u2019Hamed Bakayoko a cr\u00e9\u00e9 un grand [&hellip;]<\/p>\n","protected":false},"author":2,"featured_media":7381,"comment_status":"open","ping_status":"open","sticky":false,"template":"","format":"standard","meta":{"footnotes":""},"categories":[58],"tags":[],"class_list":{"0":"post-7380","1":"post","2":"type-post","3":"status-publish","4":"format-standard","5":"has-post-thumbnail","7":"category-societe"},"_links":{"self":[{"href":"https:\/\/conakrynews.org\/index.php\/wp-json\/wp\/v2\/posts\/7380","targetHints":{"allow":["GET"]}}],"collection":[{"href":"https:\/\/conakrynews.org\/index.php\/wp-json\/wp\/v2\/posts"}],"about":[{"href":"https:\/\/conakrynews.org\/index.php\/wp-json\/wp\/v2\/types\/post"}],"author":[{"embeddable":true,"href":"https:\/\/conakrynews.org\/index.php\/wp-json\/wp\/v2\/users\/2"}],"replies":[{"embeddable":true,"href":"https:\/\/conakrynews.org\/index.php\/wp-json\/wp\/v2\/comments?post=7380"}],"version-history":[{"count":0,"href":"https:\/\/conakrynews.org\/index.php\/wp-json\/wp\/v2\/posts\/7380\/revisions"}],"wp:featuredmedia":[{"embeddable":true,"href":"https:\/\/conakrynews.org\/index.php\/wp-json\/wp\/v2\/media\/7381"}],"wp:attachment":[{"href":"https:\/\/conakrynews.org\/index.php\/wp-json\/wp\/v2\/media?parent=7380"}],"wp:term":[{"taxonomy":"category","embeddable":true,"href":"https:\/\/conakrynews.org\/index.php\/wp-json\/wp\/v2\/categories?post=7380"},{"taxonomy":"post_tag","embeddable":true,"href":"https:\/\/conakrynews.org\/index.php\/wp-json\/wp\/v2\/tags?post=7380"}],"curies":[{"name":"wp","href":"https:\/\/api.w.org\/{rel}","templated":true}]}}