{"id":7437,"date":"2021-03-23T12:46:07","date_gmt":"2021-03-23T12:46:07","guid":{"rendered":"https:\/\/conakrynews.org\/?p=7437"},"modified":"2021-03-23T13:06:50","modified_gmt":"2021-03-23T13:06:50","slug":"conakry-des-journalistes-outilles-dans-la-gestion-des-dechets","status":"publish","type":"post","link":"https:\/\/conakrynews.org\/index.php\/conakry-des-journalistes-outilles-dans-la-gestion-des-dechets\/","title":{"rendered":"Conakry : Des journalistes outill\u00e9s dans la gestion des d\u00e9chets\u00a0"},"content":{"rendered":"<p><img loading=\"lazy\" decoding=\"async\" class=\"alignright size-full wp-image-7439\" src=\"https:\/\/conakrynews.org\/wp-content\/uploads\/2021\/03\/thumbnail-1.jpeg\" alt=\"\" width=\"400\" height=\"300\" \/><\/p>\n<p>Dans le souci de promouvoir un cadre de vie profitable \u00a0dans un environnement appropri\u00e9. La F\u00e9d\u00e9ration des Gestionnaires des d\u00e9chets de Guin\u00e9e, a organis\u00e9 r\u00e9cemment,une formation \u00e0 l&rsquo;intention des journalistes Guin\u00e9ens.Le th\u00e8me central de\u00a0 cette formation est :\u2039\u2039le r\u00f4le des journalistes dans le processus de gestion des d\u00e9chets en Guin\u00e9e\u203a\u203a.<\/p>\n<p>La probl\u00e9matique li\u00e9e \u00e0 la collecte et \u00e0 la gestion des d\u00e9chets \u00e0 Conakry constitue une pr\u00e9occupation de la F\u00e9d\u00e9ration des gestionnaires\u00a0 des d\u00e9chets de Guin\u00e9e.<\/p>\n<p>Dans son intervention,M.Sory Camara, pr\u00e9sident de la F\u00e9d\u00e9ration des Gestionnaires des d\u00e9chets de Guin\u00e9e,a expliqu\u00e9 :\u2039\u2039 l&rsquo;objectif de cette formation,est de communiquer, dialoguer avec les journalistes, et de partager les diff\u00e9rents documents strat\u00e9giques qui parlent de l&rsquo;assainissement.vulgariser \u00e9galement les diff\u00e9rents documents inscrits dans la strat\u00e9gie de professionnalisation de la gestion des d\u00e9chets solides en Guin\u00e9e. Mais aussi d&rsquo;outiller ces journalistes dans leurs r\u00f4les en ce qui concerne la vulgarisation, la redevabilit\u00e9,la communication, la sensibilisation mais aussi la gouvernance dans le secteur d&rsquo;assainissement\u203a\u203a, a t-il expliqu\u00e9.<\/p>\n<p>Avant de pr\u00e9ciser que l&rsquo;implication des m\u00e9dias est une n\u00e9cessit\u00e9 pour la prosp\u00e9rit\u00e9 de ce secteur.\u2039\u2039Aujourd&rsquo;hui, il faut mettre les m\u00e9dias en contribution parce qu&rsquo;ils sont suivis et \u00e9cout\u00e9s.Ils interviennent sur les diff\u00e9rentes th\u00e9matiques et sur l&rsquo;assainissement. Donc, pour nous il faut impliquer les m\u00e9dias guin\u00e9ens dans le processus de pr\u00e9vention dans la gestion des d\u00e9chets en animant des \u00e9missions dans les langues nationales et des reportages qui parlent\u00a0 d&rsquo;assainissement\u203a\u203a, a conclu le pr\u00e9sident des Gestionnaires des d\u00e9chets de Guin\u00e9e.<\/p>\n<p>Oumar konat\u00e9\u00a0pour Conakrynews.org<\/p>\n","protected":false},"excerpt":{"rendered":"<p>Dans le souci de promouvoir un cadre de vie profitable \u00a0dans un environnement appropri\u00e9. La F\u00e9d\u00e9ration des Gestionnaires des d\u00e9chets de Guin\u00e9e, a organis\u00e9 r\u00e9cemment,une formation \u00e0 l&rsquo;intention des journalistes Guin\u00e9ens.Le th\u00e8me central de\u00a0 cette formation est :\u2039\u2039le r\u00f4le des journalistes dans le processus de gestion des d\u00e9chets en Guin\u00e9e\u203a\u203a. La probl\u00e9matique li\u00e9e \u00e0 la [&hellip;]<\/p>\n","protected":false},"author":2,"featured_media":7438,"comment_status":"closed","ping_status":"closed","sticky":false,"template":"","format":"standard","meta":{"footnotes":""},"categories":[58],"tags":[],"class_list":{"0":"post-7437","1":"post","2":"type-post","3":"status-publish","4":"format-standard","5":"has-post-thumbnail","7":"category-societe"},"_links":{"self":[{"href":"https:\/\/conakrynews.org\/index.php\/wp-json\/wp\/v2\/posts\/7437","targetHints":{"allow":["GET"]}}],"collection":[{"href":"https:\/\/conakrynews.org\/index.php\/wp-json\/wp\/v2\/posts"}],"about":[{"href":"https:\/\/conakrynews.org\/index.php\/wp-json\/wp\/v2\/types\/post"}],"author":[{"embeddable":true,"href":"https:\/\/conakrynews.org\/index.php\/wp-json\/wp\/v2\/users\/2"}],"replies":[{"embeddable":true,"href":"https:\/\/conakrynews.org\/index.php\/wp-json\/wp\/v2\/comments?post=7437"}],"version-history":[{"count":0,"href":"https:\/\/conakrynews.org\/index.php\/wp-json\/wp\/v2\/posts\/7437\/revisions"}],"wp:featuredmedia":[{"embeddable":true,"href":"https:\/\/conakrynews.org\/index.php\/wp-json\/wp\/v2\/media\/7438"}],"wp:attachment":[{"href":"https:\/\/conakrynews.org\/index.php\/wp-json\/wp\/v2\/media?parent=7437"}],"wp:term":[{"taxonomy":"category","embeddable":true,"href":"https:\/\/conakrynews.org\/index.php\/wp-json\/wp\/v2\/categories?post=7437"},{"taxonomy":"post_tag","embeddable":true,"href":"https:\/\/conakrynews.org\/index.php\/wp-json\/wp\/v2\/tags?post=7437"}],"curies":[{"name":"wp","href":"https:\/\/api.w.org\/{rel}","templated":true}]}}