{"id":7464,"date":"2021-03-25T07:56:46","date_gmt":"2021-03-25T07:56:46","guid":{"rendered":"https:\/\/conakrynews.org\/?p=7464"},"modified":"2021-03-25T08:01:40","modified_gmt":"2021-03-25T08:01:40","slug":"nouveau-gouvernement-en-cote-divoire-le-profil-de-la-future-equipe-se-dessine","status":"publish","type":"post","link":"https:\/\/conakrynews.org\/index.php\/nouveau-gouvernement-en-cote-divoire-le-profil-de-la-future-equipe-se-dessine\/","title":{"rendered":"Nouveau gouvernement en C\u00f4te d\u2019Ivoire : le profil de la future \u00e9quipe se dessine"},"content":{"rendered":"<h1 class=\"name post-title entry-title\"><img loading=\"lazy\" decoding=\"async\" class=\"alignright size-medium wp-image-7468\" src=\"https:\/\/conakrynews.org\/wp-content\/uploads\/2021\/03\/ado-consministres-592x296-1-1-515x258.jpeg\" alt=\"\" width=\"515\" height=\"258\" srcset=\"https:\/\/conakrynews.org\/wp-content\/uploads\/2021\/03\/ado-consministres-592x296-1-1-515x258.jpeg 515w, https:\/\/conakrynews.org\/wp-content\/uploads\/2021\/03\/ado-consministres-592x296-1-1.jpeg 592w\" sizes=\"auto, (max-width: 515px) 100vw, 515px\" \/><\/h1>\n<div class=\"clear\"><\/div>\n<div class=\"entry\">\n<p class=\"lead\">La composition du prochain gouvernement d\u2019Alassane Ouattara doit \u00eatre d\u00e9voil\u00e9e dans les jours qui viennent. Mais d\u00e9j\u00e0, les noms de certaines personnalit\u00e9s sont cit\u00e9s avec insistance.<\/p>\n<p>Tous le reconnaissent :\u00a0<a href=\"https:\/\/www.jeuneafrique.com\/1135071\/politique\/hamed-bakayoko-un-premier-ministre-ambitieux-et-prometteur-fauche-en-pleine-ascension\/\">la mort brutale de Hamed Bakayoko<\/a>, le 10 mars, a profond\u00e9ment secou\u00e9 l\u2019\u00e9chiquier politique ivoirien. Mais comme l\u2019explique une figure du gouvernement \u00e0 la sortie du deuil national de sept jours d\u00e9cr\u00e9t\u00e9 en l\u2019honneur de l\u2019ancien Premier ministre, \u00ab\u00a0la vie doit d\u00e9sormais reprendre son cours\u00a0\u00bb. Et pour les ministres et autres cadres du Rassemblement des Houphou\u00ebtistes pour la d\u00e9mocratie et la paix (RHDP), celle-ci d\u00e9pendra grandement de leur pr\u00e9sence ou non dans le futur gouvernement, dont la composition est attendue dans les jours \u00e0 venir.<\/p>\n<p>Les sp\u00e9culations vont bon train, mais les grandes lignes de la prochaine \u00e9quipe gouvernementale se dessinent. L\u2019effectif devrait d\u00e9j\u00e0 \u00eatre r\u00e9duit. Avec 41 ministres et six secr\u00e9taires d\u2019\u00c9tat, le gouvernement sortant est en effet l\u2019un des plus pl\u00e9thoriques que le pays ait connu ces derni\u00e8res ann\u00e9es. \u00ab\u00a0Ce gouvernement \u00e9tait notamment guid\u00e9 par des int\u00e9r\u00eats \u00e9lectoraux, avec le souci d\u2019y faire figurer des repr\u00e9sentants de chaque r\u00e9gion du pays, explique une source diplomatique \u00e0 Abidjan. Mais sur le plan purement administratif, cela n\u2019avait pas beaucoup de sens.<\/p>\n<p>Avec JA<\/p>\n<\/div>\n","protected":false},"excerpt":{"rendered":"<p>La composition du prochain gouvernement d\u2019Alassane Ouattara doit \u00eatre d\u00e9voil\u00e9e dans les jours qui viennent. Mais d\u00e9j\u00e0, les noms de certaines personnalit\u00e9s sont cit\u00e9s avec insistance. Tous le reconnaissent :\u00a0la mort brutale de Hamed Bakayoko, le 10 mars, a profond\u00e9ment secou\u00e9 l\u2019\u00e9chiquier politique ivoirien. Mais comme l\u2019explique une figure du gouvernement \u00e0 la sortie du [&hellip;]<\/p>\n","protected":false},"author":2,"featured_media":7468,"comment_status":"closed","ping_status":"closed","sticky":false,"template":"","format":"standard","meta":{"footnotes":""},"categories":[57],"tags":[],"class_list":{"0":"post-7464","1":"post","2":"type-post","3":"status-publish","4":"format-standard","5":"has-post-thumbnail","7":"category-politique"},"_links":{"self":[{"href":"https:\/\/conakrynews.org\/index.php\/wp-json\/wp\/v2\/posts\/7464","targetHints":{"allow":["GET"]}}],"collection":[{"href":"https:\/\/conakrynews.org\/index.php\/wp-json\/wp\/v2\/posts"}],"about":[{"href":"https:\/\/conakrynews.org\/index.php\/wp-json\/wp\/v2\/types\/post"}],"author":[{"embeddable":true,"href":"https:\/\/conakrynews.org\/index.php\/wp-json\/wp\/v2\/users\/2"}],"replies":[{"embeddable":true,"href":"https:\/\/conakrynews.org\/index.php\/wp-json\/wp\/v2\/comments?post=7464"}],"version-history":[{"count":0,"href":"https:\/\/conakrynews.org\/index.php\/wp-json\/wp\/v2\/posts\/7464\/revisions"}],"wp:featuredmedia":[{"embeddable":true,"href":"https:\/\/conakrynews.org\/index.php\/wp-json\/wp\/v2\/media\/7468"}],"wp:attachment":[{"href":"https:\/\/conakrynews.org\/index.php\/wp-json\/wp\/v2\/media?parent=7464"}],"wp:term":[{"taxonomy":"category","embeddable":true,"href":"https:\/\/conakrynews.org\/index.php\/wp-json\/wp\/v2\/categories?post=7464"},{"taxonomy":"post_tag","embeddable":true,"href":"https:\/\/conakrynews.org\/index.php\/wp-json\/wp\/v2\/tags?post=7464"}],"curies":[{"name":"wp","href":"https:\/\/api.w.org\/{rel}","templated":true}]}}