{"id":7472,"date":"2021-03-25T22:07:20","date_gmt":"2021-03-25T22:07:20","guid":{"rendered":"https:\/\/conakrynews.org\/?p=7472"},"modified":"2021-03-26T16:40:58","modified_gmt":"2021-03-26T16:40:58","slug":"rdc-mandat-darret-contre-un-puissant-general-proche-de-joseph-kabila","status":"publish","type":"post","link":"https:\/\/conakrynews.org\/index.php\/rdc-mandat-darret-contre-un-puissant-general-proche-de-joseph-kabila\/","title":{"rendered":"RDC: mandat d\u2019arr\u00eat contre un puissant g\u00e9n\u00e9ral proche de Joseph Kabila"},"content":{"rendered":"<p>RDC: mandat d\u2019arr\u00eat contre un puissant g\u00e9n\u00e9ral proche de Joseph Kabila<br \/>\nActucameroun24 mars 2021Sources<\/p>\n<p>Recherch\u00e9 par la justice pour son pr\u00e9sum\u00e9 r\u00f4le dans le meurtre du militant des droits humains, Floribert Chebeya, le g\u00e9n\u00e9ral John Numbi a est d\u00e9sormais sous le coup d\u2019un mandat d\u2019arr\u00eat international.<br \/>\nAlors qu\u2019il a quitt\u00e9 la R\u00e9publique d\u00e9mocratique du Congo il y a quelques jours pour se r\u00e9fugier au Zimbabwe, le g\u00e9n\u00e9ral de police John Numbi, puissant homme de main sous le r\u00e9gime de Joseph Kabila est d\u00e9sormais vis\u00e9 par un mandat d\u2019arr\u00eat de la justice congolaise.<\/p>\n<p>Soup\u00e7onn\u00e9 d\u2019\u00eatre commanditaire du double meurtre de Floribert Chebeya et son chauffeur Fid\u00e8le Bazana, deux activistes des droits de l\u2019homme, l\u2019ancien patron de la police nationale \u00e9tait convoqu\u00e9 devant la justice militaire le 17 mars mais ce dernier n\u2019a pas fait le d\u00e9placement de Kinshasa.<\/p>\n<p>Aux derni\u00e8res nouvelles, il se serait r\u00e9fugi\u00e9 au Zimbabwe. Selon l\u2019ONG congolaise \u00ab La voix des sans voix \u00bb, cette \u00e9ventuelle fuite \u00e0 l\u2019\u00e9tranger du g\u00e9n\u00e9ral John Numbi, d\u00e9sormais sous mandat d\u2019arr\u00eat, prouverait qu\u2019\u00ab il a fui par crainte d\u2019\u00eatre rattrap\u00e9 par la justice \u00bb, selon Rostin Manketa, le directeur ex\u00e9cutif de cette ONG qui avait \u00e9t\u00e9 fond\u00e9e par Floribert Chebeya.<\/p>\n<p>Ironie du sort ou un calendrier de hasard, l\u2019ancien puissant patron du r\u00e9gime de Kabila, Kalev Mutondo est \u00e9galement en cavale. Mais aucun lien entre les deux dossiers, faut-il pr\u00e9ciser.<\/p>\n","protected":false},"excerpt":{"rendered":"<p>RDC: mandat d\u2019arr\u00eat contre un puissant g\u00e9n\u00e9ral proche de Joseph Kabila Actucameroun24 mars 2021Sources Recherch\u00e9 par la justice pour son pr\u00e9sum\u00e9 r\u00f4le dans le meurtre du militant des droits humains, Floribert Chebeya, le g\u00e9n\u00e9ral John Numbi a est d\u00e9sormais sous le coup d\u2019un mandat d\u2019arr\u00eat international. Alors qu\u2019il a quitt\u00e9 la R\u00e9publique d\u00e9mocratique du Congo [&hellip;]<\/p>\n","protected":false},"author":2,"featured_media":7476,"comment_status":"closed","ping_status":"closed","sticky":false,"template":"","format":"standard","meta":{"footnotes":""},"categories":[58],"tags":[],"class_list":{"0":"post-7472","1":"post","2":"type-post","3":"status-publish","4":"format-standard","5":"has-post-thumbnail","7":"category-societe"},"_links":{"self":[{"href":"https:\/\/conakrynews.org\/index.php\/wp-json\/wp\/v2\/posts\/7472","targetHints":{"allow":["GET"]}}],"collection":[{"href":"https:\/\/conakrynews.org\/index.php\/wp-json\/wp\/v2\/posts"}],"about":[{"href":"https:\/\/conakrynews.org\/index.php\/wp-json\/wp\/v2\/types\/post"}],"author":[{"embeddable":true,"href":"https:\/\/conakrynews.org\/index.php\/wp-json\/wp\/v2\/users\/2"}],"replies":[{"embeddable":true,"href":"https:\/\/conakrynews.org\/index.php\/wp-json\/wp\/v2\/comments?post=7472"}],"version-history":[{"count":0,"href":"https:\/\/conakrynews.org\/index.php\/wp-json\/wp\/v2\/posts\/7472\/revisions"}],"wp:featuredmedia":[{"embeddable":true,"href":"https:\/\/conakrynews.org\/index.php\/wp-json\/wp\/v2\/media\/7476"}],"wp:attachment":[{"href":"https:\/\/conakrynews.org\/index.php\/wp-json\/wp\/v2\/media?parent=7472"}],"wp:term":[{"taxonomy":"category","embeddable":true,"href":"https:\/\/conakrynews.org\/index.php\/wp-json\/wp\/v2\/categories?post=7472"},{"taxonomy":"post_tag","embeddable":true,"href":"https:\/\/conakrynews.org\/index.php\/wp-json\/wp\/v2\/tags?post=7472"}],"curies":[{"name":"wp","href":"https:\/\/api.w.org\/{rel}","templated":true}]}}