{"id":7485,"date":"2021-03-27T01:56:47","date_gmt":"2021-03-27T01:56:47","guid":{"rendered":"https:\/\/conakrynews.org\/?p=7485"},"modified":"2021-03-27T01:56:47","modified_gmt":"2021-03-27T01:56:47","slug":"libye-macron-reconnait-la-dette-de-la-france-apres-lintervention-occidentale-de-2011","status":"publish","type":"post","link":"https:\/\/conakrynews.org\/index.php\/libye-macron-reconnait-la-dette-de-la-france-apres-lintervention-occidentale-de-2011\/","title":{"rendered":"Libye: Macron reconna\u00eet la \u00abdette\u00bb de la France apr\u00e8s l\u2019intervention occidentale de 2011"},"content":{"rendered":"<div class=\"the_title\">\n<h1><\/h1>\n<\/div>\n<div class=\"post_thumb\">\n<figure><img loading=\"lazy\" decoding=\"async\" class=\"attachment-full size-full wp-post-image\" src=\"https:\/\/guineeprogres.net\/wp-content\/uploads\/2021\/03\/sipa_ap22551459_000009-scaled-592x296-1616582092.jpg\" alt=\"Libye: Macron reconna\u00eet la \u00abdette\u00bb de la France apr\u00e8s l\u2019intervention occidentale de 2011\" width=\"592\" height=\"296\" \/><\/figure>\n<\/div>\n<div class=\"the_content\">\n<aside class=\"mashsb-container mashsb-main mashsb-stretched\">\n<div class=\"mashsb-box\">\n<div class=\"mashsb-count\">\n<div class=\"counts mashsbcount\"><\/div>\n<\/div>\n<\/div>\n<div><\/div>\n<\/aside>\n<p><strong>Nous avons une dette envers la Libye, tr\u00e8s claire : une d\u00e9cennie de d\u00e9sordre. \u00bb Ces mots d\u2019Emmanuel Macron, adress\u00e9s aux nouveaux dirigeants libyens mardi 23 mars \u00e0 l\u2019\u00c9lys\u00e9e, sonnent comme l\u2019aveu d\u2019une erreur : l\u2019intervention de 2011 contre Mouammar Kadhafi, encourag\u00e9e \u00e0 l\u2019\u00e9poque par le pr\u00e9sident fran\u00e7ais Nicolas Sarkozy, et qui a eu des r\u00e9percussions dans le Sahel.<\/strong><\/p>\n<p>Par une phrase laconique, longue de six secondes, Emmanuel Macron a \u2013 pour la premi\u00e8re fois \u2013 reconnu officiellement la responsabilit\u00e9 de la France dans les d\u00e9sordres qui agitent la Libye et une partie de l\u2019Afrique depuis dix ans.<\/p>\n<p>Les chefs d\u2019\u00c9tat du Sahel se plaignent r\u00e9guli\u00e8rement des cons\u00e9quences de l\u2019intervention des Occidentaux contre Mouammar Kadhafi en 2011 : sa chute les a non seulement priv\u00e9s de la manne financi\u00e8re de Tripoli, mais a aussi dispers\u00e9 des combattants en armes dans toute la r\u00e9gion et provoqu\u00e9 \u00ab l\u2019arriv\u00e9e massive de mercenaires de toutes nationalit\u00e9s \u00bb, comme le d\u00e9non\u00e7ait encore Idriss D\u00e9by, le pr\u00e9sident tchadien, au micro de RFI en ao\u00fbt 2020.<\/p>\n<p>Un geste pour reprendre pied en Libye ?<br \/>\nCertains acteurs de la coalition de l\u2019\u00e9poque avaient d\u00e9j\u00e0 fait leur mea culpa. L\u2019ex-pr\u00e9sident am\u00e9ricain Barack Obama jugeait m\u00eame que l\u2019intervention en Libye, \u00e0 l\u2019appel de Nicolas Sarkozy, \u00e9tait sa plus grande erreur.<\/p>\n<p>Selon l\u2019analyste Antoine Glaser, Emmanuel Macron r\u00e9alise cet aveu d\u2019une culpabilit\u00e9 fran\u00e7aise moins pour souligner la responsabilit\u00e9 de son pr\u00e9d\u00e9cesseur que pour tenter de reprendre pied en Libye, alors que la Turquie, la Russie et l\u2019Italie ont regagn\u00e9 du terrain. La Libye, outre ses richesses p\u00e9troli\u00e8res, est un pays cl\u00e9 pour le contr\u00f4le de la M\u00e9diterran\u00e9e et des flux de migrants.<\/p>\n<p>Au Mali, l\u2019espoir d\u2019un renouveau au Sahel<br \/>\nDepuis Bamako, notre correspondant, Serge Daniel, rapporte que la sortie d\u2019Emmanuel Macron sur la Libye est per\u00e7ue au Mali comme une reconnaissance indirecte du r\u00f4le de la France et des Occidentaux dans le chaos qui s\u2019est install\u00e9 au Sahel. Sory Ibrahim Diarra, pr\u00e9sident de l\u2019Association malienne de veille citoyenne, explique :<\/p>\n<p>\u00ab Nous sommes vraiment contents de cette d\u00e9claration du pr\u00e9sident Macron. Tous les d\u00e9sordres qui se sont pass\u00e9s en Libye, au Mali, au Tchad, au Niger\u2026 Chaque pays du Sahel a \u00e9t\u00e9 d\u00e9stabilis\u00e9. Si la Libye redevient stable, tout le Sahel sera stable. \u00bb<\/p>\n<p>Mais pour Ramata Ndaou, la vice-pr\u00e9sidente de la m\u00eame association, le chef d\u2019\u00c9tat fran\u00e7ais doit, avec ses alli\u00e9s, poser des actes concrets : \u00ab Il doit mettre ses dires en action. Il doit aller plus loin et faire en sorte que le Sahel puisse avoir la tranquillit\u00e9 et la paix. \u00bb<\/p>\n<p>Les membres de l\u2019Association malienne de veille citoyenne souhaitent la mise sur pied d\u2019une v\u00e9ritable coalition militaire internationale pour lutter efficacement contre le terrorisme dans le Sahel. \u00ab Nous ne comprenons toujours pas. Les terroristes n\u2019ont pas d\u2019avions, pas de blind\u00e9s, et on n\u2019arrive toujours pas \u00e0 les vaincre sur le terrain \u00bb, confient-ils.<\/p>\n<p>\u00ab QUE CE SOIT LES AM\u00c9RICAINS OU LES ANGLAIS, TOUS DISENT MAINTENANT QU\u2019ILS ONT \u00c9T\u00c9 ENTRA\u00ceN\u00c9S PAR NICOLAS SARKOZY EN 2011. ON A BIEN VU PENDANT DES ANN\u00c9ES COMMENT MOUAMMAR KADHAFI (\u2026) G\u00c9RAIT UN \u00c9QUILIBRE PR\u00c9CAIRE ENTRE LES CHEFS D\u2019\u00c9TATS DE LA R\u00c9GION. \u00bb<\/p>\n<p>AVEC RFI<\/p>\n<\/div>\n","protected":false},"excerpt":{"rendered":"<p>Nous avons une dette envers la Libye, tr\u00e8s claire : une d\u00e9cennie de d\u00e9sordre. \u00bb Ces mots d\u2019Emmanuel Macron, adress\u00e9s aux nouveaux dirigeants libyens mardi 23 mars \u00e0 l\u2019\u00c9lys\u00e9e, sonnent comme l\u2019aveu d\u2019une erreur : l\u2019intervention de 2011 contre Mouammar Kadhafi, encourag\u00e9e \u00e0 l\u2019\u00e9poque par le pr\u00e9sident fran\u00e7ais Nicolas Sarkozy, et qui a eu des [&hellip;]<\/p>\n","protected":false},"author":2,"featured_media":7486,"comment_status":"closed","ping_status":"closed","sticky":false,"template":"","format":"standard","meta":{"footnotes":""},"categories":[57],"tags":[],"class_list":{"0":"post-7485","1":"post","2":"type-post","3":"status-publish","4":"format-standard","5":"has-post-thumbnail","7":"category-politique"},"_links":{"self":[{"href":"https:\/\/conakrynews.org\/index.php\/wp-json\/wp\/v2\/posts\/7485","targetHints":{"allow":["GET"]}}],"collection":[{"href":"https:\/\/conakrynews.org\/index.php\/wp-json\/wp\/v2\/posts"}],"about":[{"href":"https:\/\/conakrynews.org\/index.php\/wp-json\/wp\/v2\/types\/post"}],"author":[{"embeddable":true,"href":"https:\/\/conakrynews.org\/index.php\/wp-json\/wp\/v2\/users\/2"}],"replies":[{"embeddable":true,"href":"https:\/\/conakrynews.org\/index.php\/wp-json\/wp\/v2\/comments?post=7485"}],"version-history":[{"count":0,"href":"https:\/\/conakrynews.org\/index.php\/wp-json\/wp\/v2\/posts\/7485\/revisions"}],"wp:featuredmedia":[{"embeddable":true,"href":"https:\/\/conakrynews.org\/index.php\/wp-json\/wp\/v2\/media\/7486"}],"wp:attachment":[{"href":"https:\/\/conakrynews.org\/index.php\/wp-json\/wp\/v2\/media?parent=7485"}],"wp:term":[{"taxonomy":"category","embeddable":true,"href":"https:\/\/conakrynews.org\/index.php\/wp-json\/wp\/v2\/categories?post=7485"},{"taxonomy":"post_tag","embeddable":true,"href":"https:\/\/conakrynews.org\/index.php\/wp-json\/wp\/v2\/tags?post=7485"}],"curies":[{"name":"wp","href":"https:\/\/api.w.org\/{rel}","templated":true}]}}