{"id":7511,"date":"2021-03-30T09:50:56","date_gmt":"2021-03-30T09:50:56","guid":{"rendered":"https:\/\/conakrynews.org\/?p=7511"},"modified":"2021-03-30T09:50:56","modified_gmt":"2021-03-30T09:50:56","slug":"justice-la-cour-penale-internationale-statuera-mercredi-sur-lacquittement-de-lex-president-ivoirien-laurent-gbagbo","status":"publish","type":"post","link":"https:\/\/conakrynews.org\/index.php\/justice-la-cour-penale-internationale-statuera-mercredi-sur-lacquittement-de-lex-president-ivoirien-laurent-gbagbo\/","title":{"rendered":"Justice: La Cour p\u00e9nale internationale statuera mercredi sur l\u2019acquittement de l\u2019ex-pr\u00e9sident ivoirien Laurent Gbagbo"},"content":{"rendered":"<h1 class=\"name post-title entry-title\"><img loading=\"lazy\" decoding=\"async\" class=\"alignright size-medium wp-image-7512\" src=\"https:\/\/conakrynews.org\/wp-content\/uploads\/2021\/03\/gbagbo-515x258.jpg\" alt=\"\" width=\"515\" height=\"258\" srcset=\"https:\/\/conakrynews.org\/wp-content\/uploads\/2021\/03\/gbagbo-515x258.jpg 515w, https:\/\/conakrynews.org\/wp-content\/uploads\/2021\/03\/gbagbo.jpg 592w\" sizes=\"auto, (max-width: 515px) 100vw, 515px\" \/><\/h1>\n<p class=\"post-meta\">\n<div class=\"clear\"><\/div>\n<div class=\"entry\">\n<div class=\"intro intro--bold\">\n<p>La Cour p\u00e9nale internationale (CPI) statuera mercredi sur l\u2019acquittement de l\u2019ex-pr\u00e9sident ivoirien Laurent Gbagbo, premier chef d\u2019\u00c9tat \u00e0 \u00eatre jug\u00e9 devant le tribunal, accus\u00e9 de crimes contre l\u2019humanit\u00e9 commis en 2010 et 2011 au cours des violences post-\u00e9lectorales en C\u00f4te d\u2019Ivoire.<\/p>\n<\/div>\n<div id=\"article-content\" class=\"content-floated-wrap fb-quotable\">\n<div class=\"wsw\">\n<p>Pr\u00e8s de 10 ans apr\u00e8s l\u2019ouverture du dossier, la chambre d\u2019appel de la CPI pourrait confirmer l\u2019acquittement et ainsi clore l\u2019affaire, ou au contraire ouvrir la voie \u00e0 un nouveau proc\u00e8s, souhait\u00e9 par l\u2019accusation.<\/p>\n<p>La procureure g\u00e9n\u00e9rale sortante de la Cour, Fatou Bensouda, a interjet\u00e9 appel en septembre 2019, huit mois apr\u00e8s l\u2019acquittement, souhaitant un nouveau proc\u00e8s.<\/p>\n<p>Accus\u00e9s de quatre chefs de crimes contre l\u2019humanit\u00e9 \u2013 meurtres, viols, pers\u00e9cutions et autres actes inhumains \u2013 Laurent Gbagbo, 75 ans, et un de ses proches, Charles Bl\u00e9 Goud\u00e9, surnomm\u00e9 \u00ab\u00a0le g\u00e9n\u00e9ral de la rue\u00a0\u00bb, ex-chef des Jeunes patriotes ivoiriens, ont \u00e9t\u00e9 acquitt\u00e9s en janvier 2019, et lib\u00e9r\u00e9s sous conditions un mois plus tard.<\/p>\n<p>Les deux hommes ont \u00e9t\u00e9 reconnus non coupables de crimes contre l\u2019humanit\u00e9, pour lesquels ils ont toujours clam\u00e9 leur innocence, commis en 2010 et 2011 au cours des violences post-\u00e9lectorales en C\u00f4te d\u2019Ivoire, n\u00e9es du refus de M. Gbagbo de reconna\u00eetre la victoire \u00e0 la pr\u00e9sidentielle de son rival Alassane Ouattara, qui ont fait 3.000 morts.<\/p>\n<p>Depuis, M. Gbagbo vit en Belgique. La CPI a refus\u00e9 une demande de libert\u00e9 sans condition, mais a autoris\u00e9 l\u2019ex-pr\u00e9sident \u00e0 quitter la Belgique si le pays o\u00f9 il souhaite se rendre accepte de le recevoir.<\/p>\n<p>Si l\u2019acquittement est confirm\u00e9, les conditions impos\u00e9es \u00e0 la lib\u00e9ration des deux hommes seraient alors imm\u00e9diatement lev\u00e9es, et ils pourraient alors rentrer en C\u00f4te d\u2019Ivoire, un retour qui serait un vrai \u00e9v\u00e9nement politique.<\/p>\n<h2 class=\"wsw__h2\">Erreurs de droit<\/h2>\n<p>En possession, selon son avocate, de deux passeports, un ordinaire et un diplomatique, l\u2019ex-pr\u00e9sident esp\u00e9rait rentrer en C\u00f4te d\u2019Ivoire en d\u00e9cembre. Mais plusieurs fois, son retour a \u00e9t\u00e9 remis \u00e0 plus tard et jusqu\u2019ici, les autorit\u00e9s ivoiriennes ne se sont pas prononc\u00e9es sur le calendrier de ce retour.<\/p>\n<p>L\u2019arr\u00eat de la CPI sera prononc\u00e9 \u00e0 15H00 (13H00 GMT) par le pr\u00e9sident de la chambre d\u2019appel et ancien pr\u00e9sident de la Cour, bas\u00e9e \u00e0 La Haye, Chile Eboe-Osuji.<\/p>\n<p>Il n\u2019a pas encore \u00e9t\u00e9 confirm\u00e9 si Laurent Gbagbo et Charles Bl\u00e9 Goud\u00e9 seront pr\u00e9sents dans la salle d\u2019audience ou s\u2019ils y assisteront par vid\u00e9oconf\u00e9rence, en raison des restrictions relatives aux coronavirus, a d\u00e9clar\u00e9 \u00e0 l\u2019AFP un porte-parole de la CPI.<\/p>\n<p>L\u2019arr\u00eat de la CPI devrait \u00eatre suivi de pr\u00e8s en C\u00f4te d\u2019Ivoire, o\u00f9 l\u2019ombre de Laurent Gbagbo plane toujours sur une nation meurtrie par les violences politiques depuis plus de vingt ans \u2013 dont celles li\u00e9es \u00e0 la derni\u00e8re pr\u00e9sidentielle d\u2019octobre 2020, remport\u00e9e par Alassane Ouattara qui se repr\u00e9sentait pour un troisi\u00e8me mandat controvers\u00e9, qui ont fait pr\u00e8s de cent morts.<\/p>\n<p>Pr\u00e9sident de 2000 \u00e0 2010, M. Gbagbo, toujours tr\u00e8s populaire chez ses partisans, avait \u00e9t\u00e9 arr\u00eat\u00e9 en 2011.<\/p>\n<p>Apr\u00e8s son acquittement surprise \u2013 les juges ayant notamment estim\u00e9 que les preuves \u00e0 charge \u00e9taient insuffisantes -, le bureau de la procureure de la CPI avait estim\u00e9 que les juges n\u2019avaient pas rendu une d\u00e9cision motiv\u00e9e en bonne et due forme et avaient commis des erreurs de droit et de proc\u00e9dure.<\/p>\n<p>Fatou Bensouda, ainsi que ses services, se trouvent sous le feu des critiques: si la CPI, fond\u00e9e en 2002 pour juger les pires atrocit\u00e9s commises \u00e0 travers le monde, a notamment condamn\u00e9 des chefs de guerre congolais et un jihadiste malien, l\u2019accusation a \u00e9chou\u00e9 dans ses dossiers les plus embl\u00e9matiques.<\/p>\n<\/div>\n<p><strong>AFP<\/strong><\/p>\n<\/div>\n<\/div>\n","protected":false},"excerpt":{"rendered":"<p>La Cour p\u00e9nale internationale (CPI) statuera mercredi sur l\u2019acquittement de l\u2019ex-pr\u00e9sident ivoirien Laurent Gbagbo, premier chef d\u2019\u00c9tat \u00e0 \u00eatre jug\u00e9 devant le tribunal, accus\u00e9 de crimes contre l\u2019humanit\u00e9 commis en 2010 et 2011 au cours des violences post-\u00e9lectorales en C\u00f4te d\u2019Ivoire. Pr\u00e8s de 10 ans apr\u00e8s l\u2019ouverture du dossier, la chambre d\u2019appel de la CPI [&hellip;]<\/p>\n","protected":false},"author":2,"featured_media":7512,"comment_status":"closed","ping_status":"closed","sticky":false,"template":"","format":"standard","meta":{"footnotes":""},"categories":[58],"tags":[],"class_list":{"0":"post-7511","1":"post","2":"type-post","3":"status-publish","4":"format-standard","5":"has-post-thumbnail","7":"category-societe"},"_links":{"self":[{"href":"https:\/\/conakrynews.org\/index.php\/wp-json\/wp\/v2\/posts\/7511","targetHints":{"allow":["GET"]}}],"collection":[{"href":"https:\/\/conakrynews.org\/index.php\/wp-json\/wp\/v2\/posts"}],"about":[{"href":"https:\/\/conakrynews.org\/index.php\/wp-json\/wp\/v2\/types\/post"}],"author":[{"embeddable":true,"href":"https:\/\/conakrynews.org\/index.php\/wp-json\/wp\/v2\/users\/2"}],"replies":[{"embeddable":true,"href":"https:\/\/conakrynews.org\/index.php\/wp-json\/wp\/v2\/comments?post=7511"}],"version-history":[{"count":0,"href":"https:\/\/conakrynews.org\/index.php\/wp-json\/wp\/v2\/posts\/7511\/revisions"}],"wp:featuredmedia":[{"embeddable":true,"href":"https:\/\/conakrynews.org\/index.php\/wp-json\/wp\/v2\/media\/7512"}],"wp:attachment":[{"href":"https:\/\/conakrynews.org\/index.php\/wp-json\/wp\/v2\/media?parent=7511"}],"wp:term":[{"taxonomy":"category","embeddable":true,"href":"https:\/\/conakrynews.org\/index.php\/wp-json\/wp\/v2\/categories?post=7511"},{"taxonomy":"post_tag","embeddable":true,"href":"https:\/\/conakrynews.org\/index.php\/wp-json\/wp\/v2\/tags?post=7511"}],"curies":[{"name":"wp","href":"https:\/\/api.w.org\/{rel}","templated":true}]}}