{"id":7586,"date":"2021-04-07T07:28:35","date_gmt":"2021-04-07T07:28:35","guid":{"rendered":"https:\/\/conakrynews.org\/?p=7586"},"modified":"2021-04-07T07:28:35","modified_gmt":"2021-04-07T07:28:35","slug":"mali-inauguration-du-centre-africain-detudes-sur-la-migration","status":"publish","type":"post","link":"https:\/\/conakrynews.org\/index.php\/mali-inauguration-du-centre-africain-detudes-sur-la-migration\/","title":{"rendered":"Mali : Inauguration du Centre africain d\u2019\u00e9tudes sur la migration"},"content":{"rendered":"<h1 class=\"name post-title entry-title\"><img loading=\"lazy\" decoding=\"async\" class=\"alignright size-medium wp-image-7587\" src=\"https:\/\/conakrynews.org\/wp-content\/uploads\/2021\/04\/Mali_Inauguration_du_68971848-660x330-1-515x258.jpeg\" alt=\"\" width=\"515\" height=\"258\" srcset=\"https:\/\/conakrynews.org\/wp-content\/uploads\/2021\/04\/Mali_Inauguration_du_68971848-660x330-1-515x258.jpeg 515w, https:\/\/conakrynews.org\/wp-content\/uploads\/2021\/04\/Mali_Inauguration_du_68971848-660x330-1.jpeg 660w\" sizes=\"auto, (max-width: 515px) 100vw, 515px\" \/><\/h1>\n<p class=\"post-meta\">\n<div class=\"clear\"><\/div>\n<div class=\"entry\">\n<p class=\"teaser\">\u00ab Ce centre viendra combler un d\u00e9ficit en mati\u00e8re de collecte, de traitement et d\u2019analyse de donn\u00e9es sur la migration \u00bb.<\/p>\n<p><span class=\"dateline\">Tunis\u00a0<span class=\"credit\">(dpa)<\/span>\u00a0\u2013\u00a0<\/span>Les activit\u00e9s du \u00ab Centre africain d\u2019\u00e9tudes et de recherche sur la migration \u00bb (CAREM), sis \u00e0 Bamako, capitale du Mali, ont \u00e9t\u00e9 lanc\u00e9es, le 19 mars. Le CAREM est une institution technique sp\u00e9cialis\u00e9e relevant de l\u2019Union africaine (UA). Il a pour objectif d\u2019\u00ab am\u00e9liorer le r\u00e9gime global de gouvernance de la migration en Afrique \u00bb, de \u00ab promouvoir la base de connaissances du continent africain sur les questions de migration et de mobilit\u00e9 \u00bb, et de \u00ab contribuer aux interventions fond\u00e9es sur des preuves en mati\u00e8re de migration en Afrique \u00bb, selon l\u2019UA.<\/p>\n<p>Le Centre devrait \u00e9galement \u00ab promouvoir des politiques qui favorisent l\u2019impact de la migration sur le d\u00e9veloppement et att\u00e9nuent ses impacts n\u00e9gatifs sur le continent \u00bb, a-t-on indiqu\u00e9 de m\u00eame source. Le CAREM collaborera avec l\u2019Observatoire africain des migrations (OAM), un \u00ab centre op\u00e9rationnel continental de lutte contre les migrations irr\u00e9guli\u00e8res \u00bb, bas\u00e9 au Maroc, et relevant aussi de l\u2019UA. Il collaborera \u00e9galement avec les instituts de recherche sur les migrations en Afrique et au-del\u00e0.<\/p>\n<p>\u00ab Ce centre viendra combler un d\u00e9ficit en mati\u00e8re de collecte, de traitement et d\u2019analyse de donn\u00e9es sur la migration, tout en contribuant \u00e0 am\u00e9liorer l\u2019\u00e9tat des connaissances sur la migration au niveau continental \u00bb a pr\u00e9cis\u00e9, Aminta Dicko, Coordinatrice des programmes de l\u2019<a class=\"externalLink\" href=\"https:\/\/mali.iom.int\/fr\" target=\"_blank\" rel=\"noopener noreferrer\">OIM Mali<\/a>. \u00ab L\u2019OIM s\u2019engage \u00e0 mettre \u00e0 profit ses connaissances institutionnelles et son exp\u00e9rience en mati\u00e8re de migration pour soutenir le Gouvernement du Mali (\u2026) \u00bb, a-elle ajout\u00e9.<\/p>\n<p>Selon l\u2019UA, environ 20 pour cent des migrants africains \u00e9migrent hors d\u2019Afrique, et pr\u00e8s de de 80 pour cent \u00e0 l\u2019int\u00e9rieur du continent. D\u2019apr\u00e8s la m\u00eame source, moins de 15 pour cent d\u2019Africains qui \u00e9migrent hors du continent, se dirigent vers l\u2019Europe ou l\u2019Am\u00e9rique du Nord.<\/p>\n<p>&nbsp;<\/p>\n<p><strong>Avec dpa-news<\/strong><\/p>\n<\/div>\n","protected":false},"excerpt":{"rendered":"<p>\u00ab Ce centre viendra combler un d\u00e9ficit en mati\u00e8re de collecte, de traitement et d\u2019analyse de donn\u00e9es sur la migration \u00bb. Tunis\u00a0(dpa)\u00a0\u2013\u00a0Les activit\u00e9s du \u00ab Centre africain d\u2019\u00e9tudes et de recherche sur la migration \u00bb (CAREM), sis \u00e0 Bamako, capitale du Mali, ont \u00e9t\u00e9 lanc\u00e9es, le 19 mars. Le CAREM est une institution technique sp\u00e9cialis\u00e9e [&hellip;]<\/p>\n","protected":false},"author":2,"featured_media":7587,"comment_status":"closed","ping_status":"closed","sticky":false,"template":"","format":"standard","meta":{"footnotes":""},"categories":[58],"tags":[],"class_list":{"0":"post-7586","1":"post","2":"type-post","3":"status-publish","4":"format-standard","5":"has-post-thumbnail","7":"category-societe"},"_links":{"self":[{"href":"https:\/\/conakrynews.org\/index.php\/wp-json\/wp\/v2\/posts\/7586","targetHints":{"allow":["GET"]}}],"collection":[{"href":"https:\/\/conakrynews.org\/index.php\/wp-json\/wp\/v2\/posts"}],"about":[{"href":"https:\/\/conakrynews.org\/index.php\/wp-json\/wp\/v2\/types\/post"}],"author":[{"embeddable":true,"href":"https:\/\/conakrynews.org\/index.php\/wp-json\/wp\/v2\/users\/2"}],"replies":[{"embeddable":true,"href":"https:\/\/conakrynews.org\/index.php\/wp-json\/wp\/v2\/comments?post=7586"}],"version-history":[{"count":0,"href":"https:\/\/conakrynews.org\/index.php\/wp-json\/wp\/v2\/posts\/7586\/revisions"}],"wp:featuredmedia":[{"embeddable":true,"href":"https:\/\/conakrynews.org\/index.php\/wp-json\/wp\/v2\/media\/7587"}],"wp:attachment":[{"href":"https:\/\/conakrynews.org\/index.php\/wp-json\/wp\/v2\/media?parent=7586"}],"wp:term":[{"taxonomy":"category","embeddable":true,"href":"https:\/\/conakrynews.org\/index.php\/wp-json\/wp\/v2\/categories?post=7586"},{"taxonomy":"post_tag","embeddable":true,"href":"https:\/\/conakrynews.org\/index.php\/wp-json\/wp\/v2\/tags?post=7586"}],"curies":[{"name":"wp","href":"https:\/\/api.w.org\/{rel}","templated":true}]}}