{"id":7653,"date":"2021-04-12T20:32:19","date_gmt":"2021-04-12T20:32:19","guid":{"rendered":"https:\/\/conakrynews.org\/?p=7653"},"modified":"2021-04-12T20:32:19","modified_gmt":"2021-04-12T20:32:19","slug":"sahel-375-millions-usd-pour-booster-le-pastoralisme","status":"publish","type":"post","link":"https:\/\/conakrynews.org\/index.php\/sahel-375-millions-usd-pour-booster-le-pastoralisme\/","title":{"rendered":"Sahel : 375 millions USD pour booster le pastoralisme"},"content":{"rendered":"<h1 class=\"name post-title entry-title\"><\/h1>\n<p class=\"post-meta\">\n<div class=\"clear\"><\/div>\n<div class=\"entry\">\n<p class=\"teaser\">V\u00e9ritables moteurs de la croissance, les syst\u00e8mes pastoraux font vivre plus de 20 millions de personnes au Sahel.<\/p>\n<p><span class=\"dateline\">Tunis\u00a0<span class=\"credit\">(dpa)<\/span>\u00a0\u2013\u00a0<\/span>Les efforts pour renforcer la productivit\u00e9 et la r\u00e9silience des syst\u00e8mes pastoraux au Sahel vont b\u00e9n\u00e9ficier d\u2019un nouveau financement de 375 millions de dollars, approuv\u00e9 le 30 mars, par la\u00a0<a class=\"externalLink\" href=\"https:\/\/www.banquemondiale.org\/fr\/home\" target=\"_blank\" rel=\"noopener noreferrer\">Banque mondiale<\/a> (BM) afin d\u2019accompagner le d\u00e9ploiement de la deuxi\u00e8me phase du <img loading=\"lazy\" decoding=\"async\" class=\"alignright size-medium wp-image-7654\" src=\"https:\/\/conakrynews.org\/wp-content\/uploads\/2021\/04\/Sahel_375_millions_U_69037459-660x330-1-515x258.jpeg\" alt=\"\" width=\"515\" height=\"258\" srcset=\"https:\/\/conakrynews.org\/wp-content\/uploads\/2021\/04\/Sahel_375_millions_U_69037459-660x330-1-515x258.jpeg 515w, https:\/\/conakrynews.org\/wp-content\/uploads\/2021\/04\/Sahel_375_millions_U_69037459-660x330-1.jpeg 660w\" sizes=\"auto, (max-width: 515px) 100vw, 515px\" \/> r\u00e9gional d\u2019appui au pastoralisme au Sahel (PRAPS-2). V\u00e9ritables moteurs de la croissance, les syst\u00e8mes pastoraux font vivre plus de 20 millions de personnes au Sahel, a soulign\u00e9 la BM.<\/p>\n<p>Le PRAPS-2 qui concerne le Burkina Faso, le Mali, la Mauritanie, le Niger, le S\u00e9n\u00e9gal et le Tchad, permettra d\u2019am\u00e9liorer la r\u00e9silience des \u00e9leveurs et des agropasteurs dans des zones cibl\u00e9es, a-t-on indiqu\u00e9. Le nombre de ses b\u00e9n\u00e9ficiaires directs devrait s\u2019\u00e9lever \u00e0 13 millions de personnes environ, y compris des jeunes, dont au moins 30 pour cent de femmes.<\/p>\n<p>Le PRAPS-2 poursuivra les investissements destin\u00e9s \u00e0 renforcer les syst\u00e8mes de sant\u00e9 animale, am\u00e9liorer l\u2019acc\u00e8s aux ressources naturelles et leur gouvernance (y compris \u00e0 travers la cr\u00e9ation de nouvelles zones de p\u00e2ture et de points d\u2019eau), favoriser des d\u00e9placements pacifiques locaux et transnationaux le long des axes de transhumance et accro\u00eetre les revenus, a-t-on ajout\u00e9. Les restrictions impos\u00e9es par la pand\u00e9mie de la Covid-19 ont rejailli sur les activit\u00e9s pastorales, induisant une forte hausse des prix du b\u00e9tail, tout en p\u00e9nalisant les \u00e9leveurs par la fermeture des march\u00e9s et les limitations de circulation.<\/p>\n<p>Le nouveau projet contribuera aux r\u00e9ponses cibl\u00e9es pour faire face \u00e0 ces difficult\u00e9s : am\u00e9lioration des cha\u00eenes de valeur de l\u2019\u00e9levage, facilitation du commerce de b\u00e9tail, soutien \u00e0 l\u2019int\u00e9gration des march\u00e9s r\u00e9gionaux et poursuite du d\u00e9veloppement des infrastructures de march\u00e9 strat\u00e9giques le long des axes commerciaux. Il devrait renforcer les interventions destin\u00e9es aux femmes et aux jeunes vuln\u00e9rables dans les m\u00e9nages vivant du pastoralisme, en am\u00e9liorant leur acc\u00e8s \u00e0 des formations, y compris pour assurer leur alphab\u00e9tisation fonctionnelle, num\u00e9rique et financi\u00e8re et consolider leurs comp\u00e9tences commerciales.<\/p>\n<p>Malgr\u00e9 les efforts constants des gouvernements et de leurs partenaires, l\u2019ins\u00e9curit\u00e9 alimentaire et la malnutrition continuent de s\u00e9vir au Sahel et les syst\u00e8mes d\u2019\u00e9levage pastoral font partie, parmi d\u2019autres leviers, des solutions cruciales pour y rem\u00e9dier, tout en contribuant \u00e0 l\u2019entretien de vastes pans d\u2019un territoire fragile dans ces r\u00e9gions arides et semi-arides.<\/p>\n<p>&nbsp;<\/p>\n<p><strong>Avec dpa-news<\/strong><\/p>\n<\/div>\n","protected":false},"excerpt":{"rendered":"<p>V\u00e9ritables moteurs de la croissance, les syst\u00e8mes pastoraux font vivre plus de 20 millions de personnes au Sahel. Tunis\u00a0(dpa)\u00a0\u2013\u00a0Les efforts pour renforcer la productivit\u00e9 et la r\u00e9silience des syst\u00e8mes pastoraux au Sahel vont b\u00e9n\u00e9ficier d\u2019un nouveau financement de 375 millions de dollars, approuv\u00e9 le 30 mars, par la\u00a0Banque mondiale (BM) afin d\u2019accompagner le d\u00e9ploiement de [&hellip;]<\/p>\n","protected":false},"author":2,"featured_media":7654,"comment_status":"closed","ping_status":"closed","sticky":false,"template":"","format":"standard","meta":{"footnotes":""},"categories":[58],"tags":[],"class_list":{"0":"post-7653","1":"post","2":"type-post","3":"status-publish","4":"format-standard","5":"has-post-thumbnail","7":"category-societe"},"_links":{"self":[{"href":"https:\/\/conakrynews.org\/index.php\/wp-json\/wp\/v2\/posts\/7653","targetHints":{"allow":["GET"]}}],"collection":[{"href":"https:\/\/conakrynews.org\/index.php\/wp-json\/wp\/v2\/posts"}],"about":[{"href":"https:\/\/conakrynews.org\/index.php\/wp-json\/wp\/v2\/types\/post"}],"author":[{"embeddable":true,"href":"https:\/\/conakrynews.org\/index.php\/wp-json\/wp\/v2\/users\/2"}],"replies":[{"embeddable":true,"href":"https:\/\/conakrynews.org\/index.php\/wp-json\/wp\/v2\/comments?post=7653"}],"version-history":[{"count":0,"href":"https:\/\/conakrynews.org\/index.php\/wp-json\/wp\/v2\/posts\/7653\/revisions"}],"wp:featuredmedia":[{"embeddable":true,"href":"https:\/\/conakrynews.org\/index.php\/wp-json\/wp\/v2\/media\/7654"}],"wp:attachment":[{"href":"https:\/\/conakrynews.org\/index.php\/wp-json\/wp\/v2\/media?parent=7653"}],"wp:term":[{"taxonomy":"category","embeddable":true,"href":"https:\/\/conakrynews.org\/index.php\/wp-json\/wp\/v2\/categories?post=7653"},{"taxonomy":"post_tag","embeddable":true,"href":"https:\/\/conakrynews.org\/index.php\/wp-json\/wp\/v2\/tags?post=7653"}],"curies":[{"name":"wp","href":"https:\/\/api.w.org\/{rel}","templated":true}]}}