{"id":7690,"date":"2021-04-16T12:51:11","date_gmt":"2021-04-16T12:51:11","guid":{"rendered":"https:\/\/conakrynews.org\/?p=7690"},"modified":"2021-04-16T12:51:11","modified_gmt":"2021-04-16T12:51:11","slug":"bresil-la-cour-supreme-confirme-lannulation-des-condamnations-de-lula","status":"publish","type":"post","link":"https:\/\/conakrynews.org\/index.php\/bresil-la-cour-supreme-confirme-lannulation-des-condamnations-de-lula\/","title":{"rendered":"Br\u00e9sil: La Cour supr\u00eame confirme l\u2019annulation des condamnations de Lula"},"content":{"rendered":"<div><\/div>\n<div>La Cour supr\u00eame du Br\u00e9sil a confirm\u00e9 jeudi l\u2019annulation des condamnations pour corruption de l\u2019ex-pr\u00e9sident de gauche Luiz Inacio Lula da Silva, qui a d\u00e9sormais le champ libre pour se pr\u00e9senter \u00e0 la pr\u00e9sidentielle de 2022.<\/div>\n<div class=\"wl-ad\"><\/div>\n<div>Par une large majorit\u00e9 de 8 contre 3, les juges r\u00e9unis en s\u00e9ance pl\u00e9ni\u00e8re ont confirm\u00e9 la d\u00e9cision du juge Edson Fachin, qui avait estim\u00e9 d\u00e9but mars que le tribunal de Curitiba (Sud) ayant condamn\u00e9 Lula dans deux proc\u00e8s n\u2019\u00e9tait \u201cpas comp\u00e9tent\u201d. L\u2019ex-pr\u00e9sident (2003-2010) est ainsi redevenu \u00e9ligible \u00e0 un troisi\u00e8me mandat et pourra affronter Jair Bolsonaro au scrutin de l\u2019an prochain. Lula, 75 ans, a notamment \u00e9t\u00e9 accus\u00e9 d\u2019avoir per\u00e7u des pots-de-vin pour favoriser des entreprises du b\u00e2timent dans l\u2019octroi de march\u00e9s publics, li\u00e9s \u00e0 la compagnie p\u00e9troli\u00e8re d\u2019\u00c9tat Petrobras, dans le cadre de l\u2019enqu\u00eate \u201cLavage express\u201d.<\/div>\n<div>\n<div><\/div>\n<div><\/div>\n<p>Belga<\/p>\n<\/div>\n","protected":false},"excerpt":{"rendered":"<p>La Cour supr\u00eame du Br\u00e9sil a confirm\u00e9 jeudi l\u2019annulation des condamnations pour corruption de l\u2019ex-pr\u00e9sident de gauche Luiz Inacio Lula da Silva, qui a d\u00e9sormais le champ libre pour se pr\u00e9senter \u00e0 la pr\u00e9sidentielle de 2022. Par une large majorit\u00e9 de 8 contre 3, les juges r\u00e9unis en s\u00e9ance pl\u00e9ni\u00e8re ont confirm\u00e9 la d\u00e9cision du [&hellip;]<\/p>\n","protected":false},"author":2,"featured_media":7691,"comment_status":"closed","ping_status":"closed","sticky":false,"template":"","format":"standard","meta":{"footnotes":""},"categories":[57,58],"tags":[],"class_list":{"0":"post-7690","1":"post","2":"type-post","3":"status-publish","4":"format-standard","5":"has-post-thumbnail","7":"category-politique","8":"category-societe"},"_links":{"self":[{"href":"https:\/\/conakrynews.org\/index.php\/wp-json\/wp\/v2\/posts\/7690","targetHints":{"allow":["GET"]}}],"collection":[{"href":"https:\/\/conakrynews.org\/index.php\/wp-json\/wp\/v2\/posts"}],"about":[{"href":"https:\/\/conakrynews.org\/index.php\/wp-json\/wp\/v2\/types\/post"}],"author":[{"embeddable":true,"href":"https:\/\/conakrynews.org\/index.php\/wp-json\/wp\/v2\/users\/2"}],"replies":[{"embeddable":true,"href":"https:\/\/conakrynews.org\/index.php\/wp-json\/wp\/v2\/comments?post=7690"}],"version-history":[{"count":0,"href":"https:\/\/conakrynews.org\/index.php\/wp-json\/wp\/v2\/posts\/7690\/revisions"}],"wp:featuredmedia":[{"embeddable":true,"href":"https:\/\/conakrynews.org\/index.php\/wp-json\/wp\/v2\/media\/7691"}],"wp:attachment":[{"href":"https:\/\/conakrynews.org\/index.php\/wp-json\/wp\/v2\/media?parent=7690"}],"wp:term":[{"taxonomy":"category","embeddable":true,"href":"https:\/\/conakrynews.org\/index.php\/wp-json\/wp\/v2\/categories?post=7690"},{"taxonomy":"post_tag","embeddable":true,"href":"https:\/\/conakrynews.org\/index.php\/wp-json\/wp\/v2\/tags?post=7690"}],"curies":[{"name":"wp","href":"https:\/\/api.w.org\/{rel}","templated":true}]}}