{"id":7741,"date":"2021-04-21T11:10:52","date_gmt":"2021-04-21T11:10:52","guid":{"rendered":"https:\/\/conakrynews.org\/?p=7741"},"modified":"2021-04-21T11:25:55","modified_gmt":"2021-04-21T11:25:55","slug":"usa-derek-chauvin-reconnu-coupable-de-meurtre-dans-lassassinat-de-george-floyd","status":"publish","type":"post","link":"https:\/\/conakrynews.org\/index.php\/usa-derek-chauvin-reconnu-coupable-de-meurtre-dans-lassassinat-de-george-floyd\/","title":{"rendered":"USA: Derek Chauvin reconnu coupable de meurtre dans l\u2019assassinat de George Floyd"},"content":{"rendered":"<h1 class=\"name post-title entry-title\"><img loading=\"lazy\" decoding=\"async\" class=\"alignright size-medium wp-image-7744\" src=\"https:\/\/conakrynews.org\/wp-content\/uploads\/2021\/04\/118136181_26ebd5cd-52a9-41f4-8264-ef51926abd7b-489x375.jpg\" alt=\"\" width=\"489\" height=\"375\" srcset=\"https:\/\/conakrynews.org\/wp-content\/uploads\/2021\/04\/118136181_26ebd5cd-52a9-41f4-8264-ef51926abd7b-489x375.jpg 489w, https:\/\/conakrynews.org\/wp-content\/uploads\/2021\/04\/118136181_26ebd5cd-52a9-41f4-8264-ef51926abd7b.jpg 640w\" sizes=\"auto, (max-width: 489px) 100vw, 489px\" \/><\/h1>\n<div class=\"clear\"><\/div>\n<div class=\"entry\">\n<div class=\"bbc-19j92fr e57qer20\" dir=\"ltr\">\n<p class=\"bbc-ph03xj e1cc2ql70\" dir=\"ltr\"><b>L\u2019ancien policier film\u00e9 avec son genou sur le cou de George Floyd, une sc\u00e8ne qui a d\u00e9clench\u00e9 des manifestations mondiales contre le racisme, a \u00e9t\u00e9 reconnu coupable de tous les chefs d\u2019accusation \u2013 meurtre au deuxi\u00e8me et au troisi\u00e8me degr\u00e9 ainsi qu\u2019homicide involontaire.<\/b><\/p>\n<\/div>\n<div class=\"bbc-19j92fr e57qer20\" dir=\"ltr\">\n<p class=\"bbc-ph03xj e1cc2ql70\" dir=\"ltr\">Suite \u00e0 une recommandation des procureurs, le juge Cahill a r\u00e9voqu\u00e9 la caution de Chauvin.<\/p>\n<\/div>\n<div class=\"bbc-19j92fr e57qer20\" dir=\"ltr\">\n<p class=\"bbc-ph03xj e1cc2ql70\" dir=\"ltr\">Il restera en prison jusqu\u2019\u00e0 sa condamnation d\u00e9finitive dans quelques semaines. Chauvin a \u00e9t\u00e9 conduit hors du tribunal avec des menottes.<\/p>\n<div class=\"bbc-19j92fr e57qer20\" dir=\"ltr\">\n<p class=\"bbc-ph03xj e1cc2ql70\" dir=\"ltr\">A l\u2019annonce du verdict, \u00e0 l\u2019ext\u00e9rieur du tribunal, le public c\u00e9l\u00e8bre et manifeste sa joie.<\/p>\n<\/div>\n<div class=\"bbc-19j92fr e57qer20\" dir=\"ltr\">\n<p class=\"bbc-ph03xj e1cc2ql70\" dir=\"ltr\">\u00c0 l\u2019int\u00e9rieur, le visage de Derek Chauvin reste presque sans expression sous son masque.<\/p>\n<p dir=\"ltr\"><b>\u00ab\u00a0La premi\u00e8re \u00e9tape d\u2019un long chemin vers la gu\u00e9rison\u00a0\u00bb<\/b><\/p>\n<div class=\"bbc-19j92fr e57qer20\" dir=\"ltr\">\n<p class=\"bbc-ph03xj e1cc2ql70\" dir=\"ltr\">S\u2019exprimant \u00e0 l\u2019ext\u00e9rieur du palais de justice avant le verdict, Courteney Ross, la petite amie de George Floyd, soutient qu\u2019un verdict de culpabilit\u00e9 serait \u00ab\u00a0la premi\u00e8re \u00e9tape d\u2019un long chemin vers la gu\u00e9rison\u00a0\u00bb.<\/p>\n<\/div>\n<div class=\"bbc-19j92fr e57qer20\" dir=\"ltr\">\n<p class=\"bbc-ph03xj e1cc2ql70\" dir=\"ltr\">\u00ab\u00a0Il \u00e9tait un homme tellement aimant et aurait voulu que nous nous serrions les uns contre les autres\u00a0\u00bb, dit-elle. \u00ab\u00a0Nous avons beaucoup de travail \u00e0 faire \u00e0 Minneapolis, mais je crois que George Floyd est venu ici pour une raison\u00a0\u00bb, dit-elle.<\/p>\n<\/div>\n<div class=\"bbc-19j92fr e57qer20\" dir=\"ltr\">\n<p class=\"bbc-ph03xj e1cc2ql70\" dir=\"ltr\">\u00ab\u00a0Je sais que c\u2019est arriv\u00e9 ici pour une raison. Peut-\u00eatre que nous sommes l\u2019\u00e9picentre du changement.\u00a0\u00bb<\/p>\n<\/div>\n<div class=\"bbc-19j92fr e57qer20\" dir=\"ltr\">\n<p class=\"bbc-ph03xj e1cc2ql70\" dir=\"ltr\">Ross a t\u00e9moign\u00e9 le quatri\u00e8me jour du proc\u00e8s de Chauvin. A la barre, elle a d\u00e9crit leur premier baiser, et leur lutte mutuelle contre la d\u00e9pendance aux opio\u00efdes.<\/p>\n<div class=\"bbc-19j92fr e57qer20\" dir=\"ltr\">\n<p class=\"bbc-ph03xj e1cc2ql70\" dir=\"ltr\">Selon l\u2019American Civil Liberties Union, c\u2019est la premi\u00e8re fois dans l\u2019histoire du Minnesota qu\u2019un policier blanc est jug\u00e9 l\u00e9galement responsable de la mort d\u2019un homme noir en garde \u00e0 vue.<\/p>\n<\/div>\n<div class=\"bbc-19j92fr e57qer20\" dir=\"ltr\">\n<p class=\"bbc-ph03xj e1cc2ql70\" dir=\"ltr\">Le Minnesota n\u2019est pas une exception. Dans l\u2019ensemble des \u00c9tats-Unis, les policiers sont rarement condamn\u00e9s ou inculp\u00e9s pour des d\u00e9c\u00e8s en garde \u00e0 vue.<\/p>\n<p dir=\"ltr\"><strong>Avec BBC<\/strong><\/p>\n<\/div>\n<\/div>\n<\/div>\n<\/div>\n<\/div>\n<div class=\"share-post\">\n<ul class=\"flat-social\">\n<li><\/li>\n<\/ul>\n<\/div>\n","protected":false},"excerpt":{"rendered":"<p>L\u2019ancien policier film\u00e9 avec son genou sur le cou de George Floyd, une sc\u00e8ne qui a d\u00e9clench\u00e9 des manifestations mondiales contre le racisme, a \u00e9t\u00e9 reconnu coupable de tous les chefs d\u2019accusation \u2013 meurtre au deuxi\u00e8me et au troisi\u00e8me degr\u00e9 ainsi qu\u2019homicide involontaire. Suite \u00e0 une recommandation des procureurs, le juge Cahill a r\u00e9voqu\u00e9 la [&hellip;]<\/p>\n","protected":false},"author":2,"featured_media":7744,"comment_status":"closed","ping_status":"closed","sticky":false,"template":"","format":"standard","meta":{"footnotes":""},"categories":[58],"tags":[],"class_list":{"0":"post-7741","1":"post","2":"type-post","3":"status-publish","4":"format-standard","5":"has-post-thumbnail","7":"category-societe"},"_links":{"self":[{"href":"https:\/\/conakrynews.org\/index.php\/wp-json\/wp\/v2\/posts\/7741","targetHints":{"allow":["GET"]}}],"collection":[{"href":"https:\/\/conakrynews.org\/index.php\/wp-json\/wp\/v2\/posts"}],"about":[{"href":"https:\/\/conakrynews.org\/index.php\/wp-json\/wp\/v2\/types\/post"}],"author":[{"embeddable":true,"href":"https:\/\/conakrynews.org\/index.php\/wp-json\/wp\/v2\/users\/2"}],"replies":[{"embeddable":true,"href":"https:\/\/conakrynews.org\/index.php\/wp-json\/wp\/v2\/comments?post=7741"}],"version-history":[{"count":0,"href":"https:\/\/conakrynews.org\/index.php\/wp-json\/wp\/v2\/posts\/7741\/revisions"}],"wp:featuredmedia":[{"embeddable":true,"href":"https:\/\/conakrynews.org\/index.php\/wp-json\/wp\/v2\/media\/7744"}],"wp:attachment":[{"href":"https:\/\/conakrynews.org\/index.php\/wp-json\/wp\/v2\/media?parent=7741"}],"wp:term":[{"taxonomy":"category","embeddable":true,"href":"https:\/\/conakrynews.org\/index.php\/wp-json\/wp\/v2\/categories?post=7741"},{"taxonomy":"post_tag","embeddable":true,"href":"https:\/\/conakrynews.org\/index.php\/wp-json\/wp\/v2\/tags?post=7741"}],"curies":[{"name":"wp","href":"https:\/\/api.w.org\/{rel}","templated":true}]}}