{"id":7795,"date":"2021-04-25T17:38:16","date_gmt":"2021-04-25T17:38:16","guid":{"rendered":"https:\/\/conakrynews.org\/?p=7795"},"modified":"2021-04-25T17:38:16","modified_gmt":"2021-04-25T17:38:16","slug":"guinee-le-gouvernement-et-la-bei-signent-un-contrat-de-financement-du-projet-dinterconnexion-electrique-a-hauteur-de-170-millions-deuros","status":"publish","type":"post","link":"https:\/\/conakrynews.org\/index.php\/guinee-le-gouvernement-et-la-bei-signent-un-contrat-de-financement-du-projet-dinterconnexion-electrique-a-hauteur-de-170-millions-deuros\/","title":{"rendered":"Guin\u00e9e: Le gouvernement et la BEI signent un contrat de financement du projet d\u2019interconnexion \u00e9lectrique \u00e0 hauteur de 170 millions d\u2019euros"},"content":{"rendered":"<article id=\"the-post\" class=\"post-listing post-15775 post type-post status-publish format-standard has-post-thumbnail  category-economie\">\n<div class=\"post-inner\">\n<h1 class=\"name post-title entry-title\"><img loading=\"lazy\" decoding=\"async\" class=\"alignright size-medium wp-image-7796\" src=\"https:\/\/conakrynews.org\/wp-content\/uploads\/2021\/04\/projet-dinterconnexion-660x330-1-515x258.jpg\" alt=\"\" width=\"515\" height=\"258\" srcset=\"https:\/\/conakrynews.org\/wp-content\/uploads\/2021\/04\/projet-dinterconnexion-660x330-1-515x258.jpg 515w, https:\/\/conakrynews.org\/wp-content\/uploads\/2021\/04\/projet-dinterconnexion-660x330-1.jpg 660w\" sizes=\"auto, (max-width: 515px) 100vw, 515px\" \/><\/h1>\n<p class=\"post-meta\">\n<div class=\"clear\"><\/div>\n<div class=\"entry\">\n<p>Le gouvernement guin\u00e9en et les repr\u00e9sentants de la BEI (Banque Europ\u00e9enne\u00a0 d\u2019Investissement) ont sign\u00e9 ce vendredi, 23 avril 2021, un contrat de financement pour la construction de la nouvelle ligne \u00e9lectrique 225 Kilo Volte Guin\u00e9e-Mali (composante B Linsan-Fomi).<\/p>\n<p>La c\u00e9r\u00e9monie de signature de ce contrat de financement \u00e0 hauteur de 170 millions d\u2019euros, pour une dur\u00e9e de r\u00e9alisation de 18 mois a eu lieu dans un r\u00e9ceptif h\u00f4telier de la place, en pr\u00e9sence des membres du gouvernement guin\u00e9en, des repr\u00e9sentants de l\u2019Union europ\u00e9enne et de la Banque Europ\u00e9enne d\u2019Investissement\u00a0 (BEI).<\/p>\n<p>Dans discours de circonstance,\u00a0 Bountouraby Yattara, ministre de l\u2019Energie s\u2019est r\u00e9jouie de la signature du contrat avant de revenir sur les avantages de ce contrat sur la vie des populations impact\u00e9es. \u00ab Vous savez que nous sommes dans un cycle de production d\u2019\u00e9nergie. Donc, qui parle de production d\u2019\u00e9nergie parle de transport et de distribution aupr\u00e8s des m\u00e9nages. Donc, la signature de cet accord aujourd\u2019hui, permet \u00e0 la Guin\u00e9e de b\u00e9n\u00e9ficier dans un premier temps le transport de l\u2019\u00e9nergie en reliant l\u2019Ouest de la Guin\u00e9e, la partie de la Basse Guin\u00e9e au Centre Est et \u00e0 l\u2019Est du pays \u00e0 travers l\u2019interconnexion qui va \u00eatre r\u00e9alis\u00e9e par cette ligne Lisan-Fomi, qui va relier la ligne OMVG qui est \u00e0 l\u2019Ouest \u00e0 la ligne Guin\u00e9e-Mali. Ce projet va contribuer \u00e0 l\u2019\u00e9lectrification de tout le pays, y compris la Haute Guin\u00e9e et la Guin\u00e9e Foresti\u00e8re. Deuxi\u00e8mement, c\u2019est une ligne qui va \u00eatre connect\u00e9e au projet de Guin\u00e9e-Mali, permettre ainsi de relier notre pays aux autres pays de la sous-r\u00e9gion \u00e0 travers un syst\u00e8me int\u00e9gr\u00e9 d\u2019\u00e9lectrification qui va donc permettre aux autres pays de la sous-r\u00e9gion notamment le Mali \u00e0 b\u00e9n\u00e9ficier de l\u2019\u00e9nergie de la Guin\u00e9e \u00bb, a-t-elle soulign\u00e9.<\/p>\n<p>De son c\u00f4t\u00e9,\u00a0 Mamadi Camara, ministre guin\u00e9en de l\u2019Economie et des Finances\u00a0 a remerci\u00e9 toutes les parties prenantes \u00e0 la signature du contrat de financement de ce projet avant de d\u00e9clarer. \u00ab La c\u00e9r\u00e9monie qui nous r\u00e9unit ici se traduit par la volont\u00e9 du gouvernement d\u2019acc\u00e9l\u00e9rer le d\u00e9veloppement \u00e9conomique et social de la Guin\u00e9e conform\u00e9ment aux souhaits du Chef de l\u2019Etat, professeur Alpha Cond\u00e9. La mise en ligne du projet de transport \u00e0 double terme 225 kilo volte Fomi-Kouroussa-Dabola-Lisan, inscrit parmi les projets prioritaires identifi\u00e9s dans le plan directeur d\u2019\u00e9lectrification de la Guin\u00e9e est n\u00e9cessaire. Cela d\u2019une part pour assurer une int\u00e9gration stable des r\u00e9seaux \u00e9lectriques nationaux dans l\u2019espace CEDEAO\u00a0 et pour faciliter les \u00e9changes et la commercialisation de l\u2019\u00e9nergie \u00e9lectrique entre les Etats voisins. Et d\u2019autre part, \u00e9vacuer l\u2019\u00e9nergie produite \u00e0 partir des centrales hydro-\u00e9lectriques et de celles \u00e0 l\u2019Est et du centre du pays dont Amaria vers la zone Est de la R\u00e9publique de Guin\u00e9e \u00bb a-t-il soulign\u00e9.<\/p>\n<p>S\u2019agissant\u00a0 du niveau d\u2019implication de la Banque Europ\u00e9enne\u00a0 d\u2019Investissement, sa repr\u00e9sentante Jane FEEHAN, intervenant par visioconf\u00e9rence a dit que \u00ab notre niveau d\u2019accompagnement sp\u00e9cifiquement dans la ligne interconnexion Lisan-Fomi dans un premier temps, est un accompagnement financi\u00e8re de pr\u00e8s de 170 millions d\u2019euros. C\u2019est-\u00e0-dire pour financer la construction de ladite ligne \u00e9lectrique. Mais, il faut bien s\u00fbr suivre pour l\u2019impl\u00e9mentation du projet et pour s\u2019assurer que le d\u00e9veloppement du projet est bien mis en place. Donc dans ce sens, pour notre bureau r\u00e9gional ici \u00e0 Abidjan, c\u2019est important pour nous de travailler avec les autres partenaires du pays et des soci\u00e9t\u00e9s qui interviendront sur place pour la construction et s\u2019assurer que la qualit\u00e9 des travaux atteigne les exigences techniques qui sont attendues \u00bb, a-t-elle pr\u00e9cis\u00e9.<\/p>\n<p>&nbsp;<\/p>\n<p><strong>Ibrahima Limbita Camara pour Guin\u00e9equotidien.com<\/strong><\/p>\n<\/div>\n<div class=\"share-post\">\n<div class=\"clear\"><\/div>\n<\/div>\n<div class=\"clear\"><\/div>\n<\/div>\n<\/article>\n<section id=\"author-box\">\n<div class=\"block-head\"><\/div>\n<\/section>\n","protected":false},"excerpt":{"rendered":"<p>Le gouvernement guin\u00e9en et les repr\u00e9sentants de la BEI (Banque Europ\u00e9enne\u00a0 d\u2019Investissement) ont sign\u00e9 ce vendredi, 23 avril 2021, un contrat de financement pour la construction de la nouvelle ligne \u00e9lectrique 225 Kilo Volte Guin\u00e9e-Mali (composante B Linsan-Fomi). La c\u00e9r\u00e9monie de signature de ce contrat de financement \u00e0 hauteur de 170 millions d\u2019euros, pour une [&hellip;]<\/p>\n","protected":false},"author":2,"featured_media":7796,"comment_status":"closed","ping_status":"closed","sticky":false,"template":"","format":"standard","meta":{"footnotes":""},"categories":[58],"tags":[],"class_list":{"0":"post-7795","1":"post","2":"type-post","3":"status-publish","4":"format-standard","5":"has-post-thumbnail","7":"category-societe"},"_links":{"self":[{"href":"https:\/\/conakrynews.org\/index.php\/wp-json\/wp\/v2\/posts\/7795","targetHints":{"allow":["GET"]}}],"collection":[{"href":"https:\/\/conakrynews.org\/index.php\/wp-json\/wp\/v2\/posts"}],"about":[{"href":"https:\/\/conakrynews.org\/index.php\/wp-json\/wp\/v2\/types\/post"}],"author":[{"embeddable":true,"href":"https:\/\/conakrynews.org\/index.php\/wp-json\/wp\/v2\/users\/2"}],"replies":[{"embeddable":true,"href":"https:\/\/conakrynews.org\/index.php\/wp-json\/wp\/v2\/comments?post=7795"}],"version-history":[{"count":0,"href":"https:\/\/conakrynews.org\/index.php\/wp-json\/wp\/v2\/posts\/7795\/revisions"}],"wp:featuredmedia":[{"embeddable":true,"href":"https:\/\/conakrynews.org\/index.php\/wp-json\/wp\/v2\/media\/7796"}],"wp:attachment":[{"href":"https:\/\/conakrynews.org\/index.php\/wp-json\/wp\/v2\/media?parent=7795"}],"wp:term":[{"taxonomy":"category","embeddable":true,"href":"https:\/\/conakrynews.org\/index.php\/wp-json\/wp\/v2\/categories?post=7795"},{"taxonomy":"post_tag","embeddable":true,"href":"https:\/\/conakrynews.org\/index.php\/wp-json\/wp\/v2\/tags?post=7795"}],"curies":[{"name":"wp","href":"https:\/\/api.w.org\/{rel}","templated":true}]}}