{"id":7798,"date":"2021-04-25T17:52:02","date_gmt":"2021-04-25T17:52:02","guid":{"rendered":"https:\/\/conakrynews.org\/?p=7798"},"modified":"2021-04-25T17:52:02","modified_gmt":"2021-04-25T17:52:02","slug":"violences-meurtrieres-a-friguiagbe-voici-ce-que-le-procureur-du-tpi-de-kindia-avait-pris-comme-decision-communique","status":"publish","type":"post","link":"https:\/\/conakrynews.org\/index.php\/violences-meurtrieres-a-friguiagbe-voici-ce-que-le-procureur-du-tpi-de-kindia-avait-pris-comme-decision-communique\/","title":{"rendered":"Violences meurtri\u00e8res \u00e0 Friguiagb\u00e9 : Voici ce que le procureur du TPI de Kindia avait pris comme d\u00e9cision (communiqu\u00e9)"},"content":{"rendered":"<h1 class=\"name post-title entry-title\"><img loading=\"lazy\" decoding=\"async\" class=\"alignright size-medium wp-image-7799\" src=\"https:\/\/conakrynews.org\/wp-content\/uploads\/2021\/04\/procureur-Kindia-563x330-1-515x302.jpg\" alt=\"\" width=\"515\" height=\"302\" srcset=\"https:\/\/conakrynews.org\/wp-content\/uploads\/2021\/04\/procureur-Kindia-563x330-1-515x302.jpg 515w, https:\/\/conakrynews.org\/wp-content\/uploads\/2021\/04\/procureur-Kindia-563x330-1.jpg 563w\" sizes=\"auto, (max-width: 515px) 100vw, 515px\" \/><\/h1>\n<p class=\"post-meta\">\n<div class=\"clear\"><\/div>\n<div class=\"entry\">\n<p>Dans un communiqu\u00e9 publi\u00e9 dans la soir\u00e9e du vendredi 23 avril 2021, le procureur de la R\u00e9publique pr\u00e8s du Tribunal de Premi\u00e8re Instance de Kindia a expliqu\u00e9 jeunesse de ces \u00e9v\u00e8nements \u00a0malheureux qui s\u2019est tenu le vendredi 16 avril dernier \u00e0 Friguiagb\u00e9 dans la pr\u00e9fecture de Kindia ayant cout\u00e9s la vie \u00e0 deux personnes dont le grand imam de ladite localit\u00e9.<\/p>\n<p><strong>Voici le contenu dudit communiqu\u00e9<\/strong><\/p>\n<p><img loading=\"lazy\" decoding=\"async\" class=\"alignnone size-medium wp-image-15772 tie-appear\" src=\"https:\/\/www.guineequotidien.com\/wp-content\/uploads\/2021\/04\/communi-justice-212x300.jpg\" alt=\"\" width=\"212\" height=\"300\" \/><\/p>\n<p>&nbsp;<\/p>\n<p><strong>Fanta Kamano pour guineequotidien.com<\/strong><\/p>\n<\/div>\n","protected":false},"excerpt":{"rendered":"<p>Dans un communiqu\u00e9 publi\u00e9 dans la soir\u00e9e du vendredi 23 avril 2021, le procureur de la R\u00e9publique pr\u00e8s du Tribunal de Premi\u00e8re Instance de Kindia a expliqu\u00e9 jeunesse de ces \u00e9v\u00e8nements \u00a0malheureux qui s\u2019est tenu le vendredi 16 avril dernier \u00e0 Friguiagb\u00e9 dans la pr\u00e9fecture de Kindia ayant cout\u00e9s la vie \u00e0 deux personnes dont [&hellip;]<\/p>\n","protected":false},"author":2,"featured_media":7799,"comment_status":"closed","ping_status":"closed","sticky":false,"template":"","format":"standard","meta":{"footnotes":""},"categories":[58],"tags":[],"class_list":{"0":"post-7798","1":"post","2":"type-post","3":"status-publish","4":"format-standard","5":"has-post-thumbnail","7":"category-societe"},"_links":{"self":[{"href":"https:\/\/conakrynews.org\/index.php\/wp-json\/wp\/v2\/posts\/7798","targetHints":{"allow":["GET"]}}],"collection":[{"href":"https:\/\/conakrynews.org\/index.php\/wp-json\/wp\/v2\/posts"}],"about":[{"href":"https:\/\/conakrynews.org\/index.php\/wp-json\/wp\/v2\/types\/post"}],"author":[{"embeddable":true,"href":"https:\/\/conakrynews.org\/index.php\/wp-json\/wp\/v2\/users\/2"}],"replies":[{"embeddable":true,"href":"https:\/\/conakrynews.org\/index.php\/wp-json\/wp\/v2\/comments?post=7798"}],"version-history":[{"count":0,"href":"https:\/\/conakrynews.org\/index.php\/wp-json\/wp\/v2\/posts\/7798\/revisions"}],"wp:featuredmedia":[{"embeddable":true,"href":"https:\/\/conakrynews.org\/index.php\/wp-json\/wp\/v2\/media\/7799"}],"wp:attachment":[{"href":"https:\/\/conakrynews.org\/index.php\/wp-json\/wp\/v2\/media?parent=7798"}],"wp:term":[{"taxonomy":"category","embeddable":true,"href":"https:\/\/conakrynews.org\/index.php\/wp-json\/wp\/v2\/categories?post=7798"},{"taxonomy":"post_tag","embeddable":true,"href":"https:\/\/conakrynews.org\/index.php\/wp-json\/wp\/v2\/tags?post=7798"}],"curies":[{"name":"wp","href":"https:\/\/api.w.org\/{rel}","templated":true}]}}