{"id":7801,"date":"2021-04-26T10:11:24","date_gmt":"2021-04-26T10:11:24","guid":{"rendered":"https:\/\/conakrynews.org\/?p=7801"},"modified":"2021-04-26T10:13:35","modified_gmt":"2021-04-26T10:13:35","slug":"guinee-litterature-dr-sakoba-keita-presente-son-oeuvre-intitulee-ma-lutte-contre-ebola","status":"publish","type":"post","link":"https:\/\/conakrynews.org\/index.php\/guinee-litterature-dr-sakoba-keita-presente-son-oeuvre-intitulee-ma-lutte-contre-ebola\/","title":{"rendered":"Guin\u00e9e\/Litt\u00e9rature : Dr Sakoba Keita pr\u00e9sente son \u0153uvre intitul\u00e9e \u00ab\u00a0Ma lutte contre Ebola\u2019\u2019"},"content":{"rendered":"<h1 class=\"name post-title entry-title\"><img loading=\"lazy\" decoding=\"async\" class=\"alignright size-medium wp-image-7802\" src=\"https:\/\/conakrynews.org\/wp-content\/uploads\/2021\/04\/ma-lutte-contre-ebola-583x330-1-515x292.jpg\" alt=\"\" width=\"515\" height=\"292\" srcset=\"https:\/\/conakrynews.org\/wp-content\/uploads\/2021\/04\/ma-lutte-contre-ebola-583x330-1-515x292.jpg 515w, https:\/\/conakrynews.org\/wp-content\/uploads\/2021\/04\/ma-lutte-contre-ebola-583x330-1.jpg 583w\" sizes=\"auto, (max-width: 515px) 100vw, 515px\" \/><\/h1>\n<div class=\"clear\"><\/div>\n<div class=\"entry\">\n<p>L\u2019humanit\u00e9 a c\u00e9l\u00e9br\u00e9 ce vendredi 23 avril 2021, la journ\u00e9e mondiale du livre et du droit d\u2019auteur. En Guin\u00e9e, la comm\u00e9moration de cette journ\u00e9e s\u2019est tenue au chapiteau du palais du peuple en pr\u00e9sence de plusieurs acteurs de la sant\u00e9 et des partenaires litt\u00e9raires.<\/p>\n<p>\u00c0 l\u2019occasion, le Directeur g\u00e9n\u00e9ral de l\u2019Agence Nationale pour la S\u00e9curit\u00e9 Sanitaire (ANSS), \u00a0Dr Sakoba Ke\u00efta, a saisi l\u2019opportunit\u00e9 pour d\u00e9dicacer son \u0153uvre litt\u00e9raire intitul\u00e9e\u00a0<strong>\u00ab\u00a0Ma lutte contre Ebola\u2019\u2019,<\/strong>compos\u00e9e de 215 pages.<\/p>\n<p>Dans son discours de circonstance, Dr Sakoba Keita, auteur du livre\u00a0<strong>\u00ab\u00a0Ma lutte contre Ebola\u2019\u2019<\/strong>\u00a0a fait savoir que son ouvrage a trois raisons fondamentales, la premi\u00e8re est que, en tant que premier responsable de la riposte contre les \u00e9pid\u00e9mies que j\u2019avais un devoir de restitution vis-\u00e0-vis non seulement au peuple de Guin\u00e9e, mais aussi vis-\u00e0-vis de la communaut\u00e9 internationale. \u00ab\u00a0La deuxi\u00e8me est que la plupart des partenaires, les experts qui ont travaill\u00e9 avec moi, la nouvelle g\u00e9n\u00e9ration et mes collaborateurs m\u2019ont dit que je dois faire un livre sur mes exp\u00e9riences de gestion des \u00e9pid\u00e9mies et, principalement Ebola qui a beaucoup endeuill\u00e9 notre pays. Troisi\u00e8me raison, c\u2019\u00e9tait pour la jeunesse, beaucoup de jeunes m\u2019admirent et me consid\u00e8rent comme leur idole. C\u2019\u00e9tait pour attirer leur attention que cet homme que vous admirez \u00e0 un parcours plein d\u2019\u00e9pines et de difficult\u00e9s, de mon handicap visuel, de mes difficult\u00e9s d\u2019\u00e9tudes et de tous les revers et les d\u00e9ceptions que j\u2019ai re\u00e7us. Je dis ce qui compte, c\u2019est la pers\u00e9v\u00e9rance, le courage, et se fixer un avenir et aller petit \u00e0 petit jusqu\u2019\u00e0 atteindre le sommet \u00bb. Explique-t-il l\u2019auteur.<\/p>\n<p>Poursuivant, le docteur Sackoba K\u00e9ita a d\u2019abord remerci\u00e9 le chef de l\u2019Etat pour la confiance plac\u00e9e en lui tout en indiquant que c\u2019est gr\u00e2ce au choix port\u00e9 sur sa personne pour diriger cette direction qui lui a permis d\u2019\u00eatre visible.<\/p>\n<p>\u00abIl y a de cela trente ans, je ne savais pas que je serais le Sakoba d\u2019aujourd\u2019hui. Mais gr\u00e2ce au courage j\u2019ai d\u00fb atteindre le niveau que je ne m\u2019attendais pas, donc c\u2019\u00e9tait pour dire aux jeunes du courage, prenez patience car, mont\u00e9 l\u2019ascenseur tout le temps tu risques de descendre aussi par l\u2019ascenseur. Prenez les escaliers avec toutes ses difficult\u00e9s et le niveau que vous allez atteindre seront des niveaux tr\u00e8s solides pour vous en termes d\u2019exp\u00e9rience, en termes d\u2019appui et d\u2019administration pour le peuple de Guin\u00e9e\u00a0\u00bb conclut-il<\/p>\n<p>&nbsp;<\/p>\n<p><strong>Ibrahima Limbita Camara pour guineequotidien.com<\/strong><\/p>\n<\/div>\n","protected":false},"excerpt":{"rendered":"<p>L\u2019humanit\u00e9 a c\u00e9l\u00e9br\u00e9 ce vendredi 23 avril 2021, la journ\u00e9e mondiale du livre et du droit d\u2019auteur. En Guin\u00e9e, la comm\u00e9moration de cette journ\u00e9e s\u2019est tenue au chapiteau du palais du peuple en pr\u00e9sence de plusieurs acteurs de la sant\u00e9 et des partenaires litt\u00e9raires. \u00c0 l\u2019occasion, le Directeur g\u00e9n\u00e9ral de l\u2019Agence Nationale pour la S\u00e9curit\u00e9 [&hellip;]<\/p>\n","protected":false},"author":2,"featured_media":7802,"comment_status":"closed","ping_status":"closed","sticky":false,"template":"","format":"standard","meta":{"footnotes":""},"categories":[62],"tags":[],"class_list":{"0":"post-7801","1":"post","2":"type-post","3":"status-publish","4":"format-standard","5":"has-post-thumbnail","7":"category-culture"},"_links":{"self":[{"href":"https:\/\/conakrynews.org\/index.php\/wp-json\/wp\/v2\/posts\/7801","targetHints":{"allow":["GET"]}}],"collection":[{"href":"https:\/\/conakrynews.org\/index.php\/wp-json\/wp\/v2\/posts"}],"about":[{"href":"https:\/\/conakrynews.org\/index.php\/wp-json\/wp\/v2\/types\/post"}],"author":[{"embeddable":true,"href":"https:\/\/conakrynews.org\/index.php\/wp-json\/wp\/v2\/users\/2"}],"replies":[{"embeddable":true,"href":"https:\/\/conakrynews.org\/index.php\/wp-json\/wp\/v2\/comments?post=7801"}],"version-history":[{"count":0,"href":"https:\/\/conakrynews.org\/index.php\/wp-json\/wp\/v2\/posts\/7801\/revisions"}],"wp:featuredmedia":[{"embeddable":true,"href":"https:\/\/conakrynews.org\/index.php\/wp-json\/wp\/v2\/media\/7802"}],"wp:attachment":[{"href":"https:\/\/conakrynews.org\/index.php\/wp-json\/wp\/v2\/media?parent=7801"}],"wp:term":[{"taxonomy":"category","embeddable":true,"href":"https:\/\/conakrynews.org\/index.php\/wp-json\/wp\/v2\/categories?post=7801"},{"taxonomy":"post_tag","embeddable":true,"href":"https:\/\/conakrynews.org\/index.php\/wp-json\/wp\/v2\/tags?post=7801"}],"curies":[{"name":"wp","href":"https:\/\/api.w.org\/{rel}","templated":true}]}}