{"id":7805,"date":"2021-04-27T10:27:48","date_gmt":"2021-04-27T10:27:48","guid":{"rendered":"https:\/\/conakrynews.org\/?p=7805"},"modified":"2021-04-27T10:27:48","modified_gmt":"2021-04-27T10:27:48","slug":"la-junte-tchadienne-refuse-de-negocier-avec-les-rebelles","status":"publish","type":"post","link":"https:\/\/conakrynews.org\/index.php\/la-junte-tchadienne-refuse-de-negocier-avec-les-rebelles\/","title":{"rendered":"La junte tchadienne refuse de n\u00e9gocier avec les rebelles"},"content":{"rendered":"<h1 class=\"name post-title entry-title\"><img loading=\"lazy\" decoding=\"async\" class=\"alignright size-medium wp-image-7806\" src=\"https:\/\/conakrynews.org\/wp-content\/uploads\/2021\/04\/tchad-rebelle-660x330-1-515x258.jpg\" alt=\"\" width=\"515\" height=\"258\" srcset=\"https:\/\/conakrynews.org\/wp-content\/uploads\/2021\/04\/tchad-rebelle-660x330-1-515x258.jpg 515w, https:\/\/conakrynews.org\/wp-content\/uploads\/2021\/04\/tchad-rebelle-660x330-1.jpg 660w\" sizes=\"auto, (max-width: 515px) 100vw, 515px\" \/><\/h1>\n<p class=\"post-meta\">\n<div class=\"clear\"><\/div>\n<div class=\"entry\">\n<div class=\"intro intro--bold\">\n<p>Les militaires au pouvoir au Tchad depuis la mort du pr\u00e9sident Idriss D\u00e9by Itno ont annonc\u00e9 dimanche soir leur refus de n\u00e9gocier avec les rebelles qui ont lanc\u00e9 il y a deux semaines une offensive contre la capitale et s\u2019\u00e9taient dit la veille ouverts \u00e0 un cessez-le-feu.<\/p>\n<\/div>\n<div id=\"article-content\" class=\"content-floated-wrap fb-quotable\">\n<div class=\"wsw\">\n<p>Dans une d\u00e9claration \u00e0 la t\u00e9l\u00e9vision d\u2019Etat T\u00e9l\u00e9 Tchad, leur porte-parole Azem Bermandoa Agouna a annonc\u00e9 les intentions des militaires de mater la r\u00e9bellion et demand\u00e9 au Niger voisin de les aider \u00e0 \u00ab\u00a0<em>capturer<\/em>\u00a0\u00bb le chef rebelle du Front pour l\u2019alternance et la concorde au Tchad (FACT), Mahamat Mahadi Ali.<\/p>\n<p><em>\u00ab\u00a0L\u2019heure n\u2019est ni \u00e0 la m\u00e9diation ni \u00e0 la n\u00e9gociation avec des hors-la-loi\u00a0\u00bb<\/em>, a martel\u00e9 le porte-parole du CMT.<\/p>\n<p><em>\u00ab\u00a0Le Tchad en appelle \u00e0 la coop\u00e9ration et \u00e0 la solidarit\u00e9 du Niger (\u2026) en vue de faciliter la capture et la mise \u00e0 disposition de la justice de ces criminels de guerre\u00a0\u00bb,<\/em>\u00a0a ajout\u00e9 le porte-parole.<\/p>\n<p>Samedi, le FACT s\u2019\u00e9tait dit dispos\u00e9 \u00e0 un cessez-le-feu suite \u00e0 une m\u00e9diation lanc\u00e9e la veille entre les militaires et les rebelles par les pr\u00e9sidents du Niger et de la Mauritanie, membres de l\u2019organisation du G5 Sahel (Tchad, Mali, Mauritanie, Niger, Burkina Faso).<\/p>\n<p>Le pr\u00e9sident du Niger, Mohamed Bazoum, avait notamment appel\u00e9 le chef rebelle Mahadi Ali, selon un conseiller du chef d\u2019Etat.<\/p>\n<p><em>\u00ab\u00a0Nous avons r\u00e9pondu positivement \u00e0 la m\u00e9diation du Niger et de la Mauritanie (et) avons affirm\u00e9 notre disponibilit\u00e9 \u00e0 observer une tr\u00eave, un cessez-le feu\u00a0\u00bb<\/em>, avait affirm\u00e9 \u00e0 l\u2019AFP samedi soir M. Mahadi Ali.<\/p>\n<p>Mais au m\u00eame moment, selon lui, ses troupes continuaient de se faire bombarder par l\u2019arm\u00e9e tchadienne.<\/p>\n<p>L\u2019arm\u00e9e tchadienne a accus\u00e9 dimanche des rebelles du FACT, et notamment leur chef, d\u2019avoir fui sur le territoire nig\u00e9rien.<\/p>\n<p>Joint au t\u00e9l\u00e9phone par l\u2019AFP, M. Mahadi Ali a affirm\u00e9 pour sa part qu\u2019il se trouvait toujours au Tchad, dans la province du Kanem, r\u00e9gion frontali\u00e8re du Niger, \u00e0 environ 400 km au nord de N\u2019Djamena.<\/p>\n<p><em>\u00ab\u00a0S\u2019ils veulent faire la guerre, on fera la guerre. Si on nous attaque, on va r\u00e9pliquer\u00a0\u00bb<\/em>, a-t-il affirm\u00e9 dimanche soir \u00e0 l\u2019AFP, r\u00e9agissant au refus de n\u00e9gocier de la junte militaire.<\/p>\n<p><em>\u00ab\u00a0Dans sa lutte contre le FACT, \u00e0 laquelle d\u2019autres rebellions tchadiennes bas\u00e9es en Libye ou au Soudan ont apport\u00e9 leur soutien sans pour autant lancer pour l\u2019heure leurs troupes dans la bataille, N\u2019Djamena se sent assur\u00e9 du soutien international\u00a0\u00bb,<\/em>\u00a0a estim\u00e9 une source diplomatique africaine.<\/p>\n<p>Et de citer la pr\u00e9sence vendredi aux obs\u00e8ques du pr\u00e9sident D\u00e9by d\u2019Emmanuel Macron, pr\u00e9sident d\u2019une France alli\u00e9e de longue date du pays enclav\u00e9 parmi les plus pauvres du monde et tenu d\u2019une main de fer pendant trente ans par le pr\u00e9sident d\u00e9funt tchadien.<\/p>\n<p><em>\u00ab\u00a0La France ne laissera jamais personne, ni aujourd\u2019hui, ni demain, remettre en cause la stabilit\u00e9 et l\u2019int\u00e9grit\u00e9 du Tchad\u00a0\u00bb,<\/em>\u00a0avait promis M. Macron dans son oraison fun\u00e8bre.<\/p>\n<h2 class=\"wsw__h2\">Combats \u00ab\u00a0tr\u00e8s meurtriers\u00a0\u00bb<\/h2>\n<p>Le FACT, bas\u00e9 en Libye voisine du nord du Tchad, \u00e9tait pass\u00e9 par le Niger dans sa progression mi-avril vers la capitale N\u2019Djamena dans le sud du pays, selon plusieurs sources concordantes.<\/p>\n<p>Les rebelles du FACT ont \u00e9t\u00e9 stopp\u00e9s lundi dans le Kanem par l\u2019arm\u00e9e tchadienne, appuy\u00e9e dans les airs par \u00ab\u00a0des vols de reconnaissance et de surveillance\u00a0\u00bb de l\u2019arm\u00e9e fran\u00e7aise. 300 rebelles auraient \u00e9t\u00e9 tu\u00e9s dans les combats, selon l\u2019arm\u00e9e tchadienne.<\/p>\n<p>Plusieurs sources ont confirm\u00e9 en fin de semaine \u00e0 l\u2019AFP que les combats ont \u00e9t\u00e9 tr\u00e8s meurtriers,\u00a0<em>\u00ab\u00a0dans les deux camps\u00a0\u00bb\u00a0<\/em>selon une source diplomatique africaine \u00e0 N\u2019Djamena. Aucun bilan du c\u00f4t\u00e9 de l\u2019arm\u00e9e tchadienne n\u2019a \u00e9t\u00e9 rendu public mais elle \u00e9voque dimanche\u00a0<em>\u00ab\u00a0plusieurs dizaines de soldats tchadiens\u00a0\u00bb<\/em>\u00a0tu\u00e9s.<\/p>\n<p>Mardi, au lendemain de ces combats, le porte-parole de l\u2019arm\u00e9e annon\u00e7ait qu\u2019Idriss D\u00e9by \u00e9tait mort des suites de blessures au front.<\/p>\n<p>Le fils du d\u00e9funt Mar\u00e9chal D\u00e9by, Mahamat Idriss D\u00e9by, g\u00e9n\u00e9ral quatre \u00e9toiles \u00e0 37 ans et jusqu\u2019alors commandant de la Garde r\u00e9publicaine, la garde pr\u00e9torienne du r\u00e9gime, est depuis le nouvel homme fort du Tchad, entour\u00e9 de 14 des plus fid\u00e8les g\u00e9n\u00e9raux de son p\u00e8re.<\/p>\n<p>Il dispose<em>\u00a0des pleins pouvoirs mais a promis de nouvelles institutions apr\u00e8s des \u00e9lections \u00ab\u00a0libres et d\u00e9mocratiques\u00a0\u00bb<\/em>\u00a0dans un an et demi.<\/p>\n<p>Vendredi, une douzaine de chefs d\u2019\u00c9tat \u00e9taient r\u00e9unis au c\u0153ur de N\u2019Djamena, pour rendre un dernier hommage au mar\u00e9chal D\u00e9by, partenaire-cl\u00e9 des Occidentaux dans la r\u00e9gion dans la lutte contre les jihadistes.<\/p>\n<p>Les pr\u00e9sidents des pays composant le G5 Sahel, pr\u00e9sents aux obs\u00e8ques, ont \u00e0 l\u2019unanimit\u00e9 apport\u00e9 leur soutien \u00e0 la junte militaire.<\/p>\n<p>Outre celle des rebelles, la menace pour le nouveau r\u00e9gime pourrait aussi venir de l\u2019int\u00e9rieur. Des rumeurs de dissensions internes \u00e0 l\u2019arm\u00e9e courent \u00e0 N\u2019Djamena depuis la mort du pr\u00e9sident D\u00e9by.<\/p>\n<p>Un g\u00e9n\u00e9ral, de la m\u00eame ethnie zaghawa que l\u2019ancien pr\u00e9sident qui a la main sur l\u2019appareil s\u00e9curitaire, a affirm\u00e9 mercredi qu\u2019il y avait\u00a0<em>\u00ab\u00a0deux camps\u00a0\u00bb<\/em>\u00a0dans l\u2019arm\u00e9e, sans que ses affirmations puissent \u00eatre confirm\u00e9es de source ind\u00e9pendante.<\/p>\n<\/div>\n<p>&nbsp;<\/p>\n<p><strong>Avec AFP<\/strong><\/p>\n<\/div>\n<\/div>\n","protected":false},"excerpt":{"rendered":"<p>Les militaires au pouvoir au Tchad depuis la mort du pr\u00e9sident Idriss D\u00e9by Itno ont annonc\u00e9 dimanche soir leur refus de n\u00e9gocier avec les rebelles qui ont lanc\u00e9 il y a deux semaines une offensive contre la capitale et s\u2019\u00e9taient dit la veille ouverts \u00e0 un cessez-le-feu. Dans une d\u00e9claration \u00e0 la t\u00e9l\u00e9vision d\u2019Etat T\u00e9l\u00e9 [&hellip;]<\/p>\n","protected":false},"author":2,"featured_media":7806,"comment_status":"closed","ping_status":"closed","sticky":false,"template":"","format":"standard","meta":{"footnotes":""},"categories":[57],"tags":[],"class_list":{"0":"post-7805","1":"post","2":"type-post","3":"status-publish","4":"format-standard","5":"has-post-thumbnail","7":"category-politique"},"_links":{"self":[{"href":"https:\/\/conakrynews.org\/index.php\/wp-json\/wp\/v2\/posts\/7805","targetHints":{"allow":["GET"]}}],"collection":[{"href":"https:\/\/conakrynews.org\/index.php\/wp-json\/wp\/v2\/posts"}],"about":[{"href":"https:\/\/conakrynews.org\/index.php\/wp-json\/wp\/v2\/types\/post"}],"author":[{"embeddable":true,"href":"https:\/\/conakrynews.org\/index.php\/wp-json\/wp\/v2\/users\/2"}],"replies":[{"embeddable":true,"href":"https:\/\/conakrynews.org\/index.php\/wp-json\/wp\/v2\/comments?post=7805"}],"version-history":[{"count":0,"href":"https:\/\/conakrynews.org\/index.php\/wp-json\/wp\/v2\/posts\/7805\/revisions"}],"wp:featuredmedia":[{"embeddable":true,"href":"https:\/\/conakrynews.org\/index.php\/wp-json\/wp\/v2\/media\/7806"}],"wp:attachment":[{"href":"https:\/\/conakrynews.org\/index.php\/wp-json\/wp\/v2\/media?parent=7805"}],"wp:term":[{"taxonomy":"category","embeddable":true,"href":"https:\/\/conakrynews.org\/index.php\/wp-json\/wp\/v2\/categories?post=7805"},{"taxonomy":"post_tag","embeddable":true,"href":"https:\/\/conakrynews.org\/index.php\/wp-json\/wp\/v2\/tags?post=7805"}],"curies":[{"name":"wp","href":"https:\/\/api.w.org\/{rel}","templated":true}]}}