{"id":7816,"date":"2021-04-28T15:17:09","date_gmt":"2021-04-28T15:17:09","guid":{"rendered":"https:\/\/conakrynews.org\/?p=7816"},"modified":"2021-04-28T15:18:05","modified_gmt":"2021-04-28T15:18:05","slug":"tchad-des-morts-dans-des-manifestations-contre-la-junte","status":"publish","type":"post","link":"https:\/\/conakrynews.org\/index.php\/tchad-des-morts-dans-des-manifestations-contre-la-junte\/","title":{"rendered":"Tchad: Des morts dans des manifestations contre la junte"},"content":{"rendered":"<h1 class=\"name post-title entry-title\"><img loading=\"lazy\" decoding=\"async\" class=\"alignright size-medium wp-image-7817\" src=\"https:\/\/conakrynews.org\/wp-content\/uploads\/2021\/04\/118221875_51398920-cea8-45f2-9986-526a864e2f58-660x330-1-515x258.jpg\" alt=\"\" width=\"515\" height=\"258\" srcset=\"https:\/\/conakrynews.org\/wp-content\/uploads\/2021\/04\/118221875_51398920-cea8-45f2-9986-526a864e2f58-660x330-1-515x258.jpg 515w, https:\/\/conakrynews.org\/wp-content\/uploads\/2021\/04\/118221875_51398920-cea8-45f2-9986-526a864e2f58-660x330-1.jpg 660w\" sizes=\"auto, (max-width: 515px) 100vw, 515px\" \/><img loading=\"lazy\" decoding=\"async\" class=\"alignright size-medium wp-image-7817\" src=\"https:\/\/conakrynews.org\/wp-content\/uploads\/2021\/04\/118221875_51398920-cea8-45f2-9986-526a864e2f58-660x330-1-515x258.jpg\" alt=\"\" width=\"515\" height=\"258\" srcset=\"https:\/\/conakrynews.org\/wp-content\/uploads\/2021\/04\/118221875_51398920-cea8-45f2-9986-526a864e2f58-660x330-1-515x258.jpg 515w, https:\/\/conakrynews.org\/wp-content\/uploads\/2021\/04\/118221875_51398920-cea8-45f2-9986-526a864e2f58-660x330-1.jpg 660w\" sizes=\"auto, (max-width: 515px) 100vw, 515px\" \/><\/h1>\n<div class=\"clear\"><\/div>\n<div class=\"entry\">\n<p>Au moins deux personnes ont \u00e9t\u00e9 tu\u00e9es mardi dans des manifestations sporadiques \u00e0 N\u2019Djamena et dans le sud du Tchad contre la junte militaire qui a pris le pouvoir apr\u00e8s la mort du pr\u00e9sident Idriss D\u00e9by Itno il y a une semaine, a annonc\u00e9 le parquet.<\/p>\n<p><em>\u00ab\u00a0Il y a eu un mort \u00e0 Moundou, d\u00e9c\u00e9d\u00e9 ce matin dans les manifestations, nous n\u2019avons pas encore les circonstances exactes du d\u00e9c\u00e8s, c\u2019est un jeune de 21 ans\u00a0\u00bb,<\/em>\u00a0a annonc\u00e9 par t\u00e9l\u00e9phone \u00e0 l\u2019AFP Ali Kolla Brahim, le procureur de la R\u00e9publique de la deuxi\u00e8me ville du Tchad, \u00e0 environ 400 km au sud de N\u2019Djamena.<\/p>\n<p><em>\u00ab\u00a0Un \u00e9l\u00e8ve a jet\u00e9 une pierre dans une voiture de la police et la police a tir\u00e9 avec une balle r\u00e9elle et l\u2019\u00e9l\u00e8ve est mort sur le coup\u00a0\u00bb,<\/em>\u00a0a affirm\u00e9 \u00e0 l\u2019AFP par t\u00e9l\u00e9phone Ahmat Malloum, haut fonctionnaire responsable des m\u00e9dias d\u2019Etat \u00e0 Moundou.<\/p>\n<p>Dans la capitale N\u2019Djamena, les manifestants ont r\u00e9pondu \u00e0 l\u2019appel de la coalition politico-civile d\u00e9nomm\u00e9e\u00a0<em>\u00ab\u00a0Wakit Tama\u00a0\u00bb<\/em>\u00a0qui les a appel\u00e9es \u00e0 braver l\u2019interdiction de mener une marche pacifique. Des manifestants sporadiques ont \u00e9t\u00e9 observ\u00e9es \u00e0 travers la ville depuis 5 heures locales pour exiger la d\u00e9mission de la junte et le retour \u00e0 l\u2019ordre constitutionnel.<\/p>\n<p>La police a dispers\u00e9 les manifestants \u00e0 coups de gaz lacrymog\u00e8nes et des militaires ont ouvert le feu sur les manifestants, selon des t\u00e9moins.<\/p>\n<p>Une version des faits contest\u00e9e par les autorit\u00e9s. \u00ab\u00a0Les manifestants ont attaqu\u00e9 un bus dans le quartier de Demb\u00e9, certains passagers ont fui mais une dame est rest\u00e9e et a \u00e9t\u00e9 tu\u00e9e par les manifestants\u00a0\u00bb, a assur\u00e9 \u00e0 l\u2019AFP le procureur de la R\u00e9publique Youssouf Tom.<\/p>\n<p>Dans le quartier Walia, dans le sud de la capitale, un manifestant a \u00e9t\u00e9 rou\u00e9 de coups par les forces de l\u2019ordre, ont constat\u00e9 des journalistes de l\u2019AFP.<\/p>\n<p>Le 20 avril, l\u2019un des fils d\u2019Idriss D\u00e9by, \u00e2g\u00e9 de seulement 37 ans, a pris le pouvoir \u00e0 la t\u00eate du CMT, au lendemain de la mort de son p\u00e8re tu\u00e9, selon l\u2019arm\u00e9e, au combat contre des rebelles dans le nord du pays.<\/p>\n<p>Le CMT a abrog\u00e9 la Constitution et dissous le gouvernement et l\u2019Assembl\u00e9e nationale, mais le g\u00e9n\u00e9ral Mahamat Idriss D\u00e9by a promis des \u00ab\u00a0\u00e9lections libres et d\u00e9mocratiques\u00a0\u00bb dans 18 mois. Il a pris le titre de Pr\u00e9sident de la R\u00e9publique et chef supr\u00eame des Arm\u00e9es.<\/p>\n<p>Le 11 avril, jour de la pr\u00e9sidentielle que M. D\u00e9by avait remport\u00e9 avec 79,32% des voix selon la commission \u00e9lectorale, le Front pour l\u2019Alternance et la Concorde au Tchad (FACT), l\u2019un des nombreux groupes rebelles contre le r\u00e9gime qu\u2019il dirigeait depuis 30 ans, avait lanc\u00e9 une offensive.<\/p>\n<p>C\u2019est en allant diriger lui-m\u00eame les combats dans le nord du pays que M. D\u00e9by a \u00e9t\u00e9 tu\u00e9 par les rebelles, a affirm\u00e9 le CMT.<\/p>\n<p>&nbsp;<\/p>\n<p>Avec AFP<\/p>\n<p>&nbsp;<\/p>\n<\/div>\n","protected":false},"excerpt":{"rendered":"<p>Au moins deux personnes ont \u00e9t\u00e9 tu\u00e9es mardi dans des manifestations sporadiques \u00e0 N\u2019Djamena et dans le sud du Tchad contre la junte militaire qui a pris le pouvoir apr\u00e8s la mort du pr\u00e9sident Idriss D\u00e9by Itno il y a une semaine, a annonc\u00e9 le parquet. \u00ab\u00a0Il y a eu un mort \u00e0 Moundou, d\u00e9c\u00e9d\u00e9 [&hellip;]<\/p>\n","protected":false},"author":2,"featured_media":7817,"comment_status":"closed","ping_status":"closed","sticky":false,"template":"","format":"standard","meta":{"footnotes":""},"categories":[57],"tags":[],"class_list":{"0":"post-7816","1":"post","2":"type-post","3":"status-publish","4":"format-standard","5":"has-post-thumbnail","7":"category-politique"},"_links":{"self":[{"href":"https:\/\/conakrynews.org\/index.php\/wp-json\/wp\/v2\/posts\/7816","targetHints":{"allow":["GET"]}}],"collection":[{"href":"https:\/\/conakrynews.org\/index.php\/wp-json\/wp\/v2\/posts"}],"about":[{"href":"https:\/\/conakrynews.org\/index.php\/wp-json\/wp\/v2\/types\/post"}],"author":[{"embeddable":true,"href":"https:\/\/conakrynews.org\/index.php\/wp-json\/wp\/v2\/users\/2"}],"replies":[{"embeddable":true,"href":"https:\/\/conakrynews.org\/index.php\/wp-json\/wp\/v2\/comments?post=7816"}],"version-history":[{"count":0,"href":"https:\/\/conakrynews.org\/index.php\/wp-json\/wp\/v2\/posts\/7816\/revisions"}],"wp:featuredmedia":[{"embeddable":true,"href":"https:\/\/conakrynews.org\/index.php\/wp-json\/wp\/v2\/media\/7817"}],"wp:attachment":[{"href":"https:\/\/conakrynews.org\/index.php\/wp-json\/wp\/v2\/media?parent=7816"}],"wp:term":[{"taxonomy":"category","embeddable":true,"href":"https:\/\/conakrynews.org\/index.php\/wp-json\/wp\/v2\/categories?post=7816"},{"taxonomy":"post_tag","embeddable":true,"href":"https:\/\/conakrynews.org\/index.php\/wp-json\/wp\/v2\/tags?post=7816"}],"curies":[{"name":"wp","href":"https:\/\/api.w.org\/{rel}","templated":true}]}}