{"id":7823,"date":"2021-04-29T08:56:34","date_gmt":"2021-04-29T08:56:34","guid":{"rendered":"https:\/\/conakrynews.org\/?p=7823"},"modified":"2021-04-29T09:02:40","modified_gmt":"2021-04-29T09:02:40","slug":"conakryafrican-academyorganise-la-premiere-edition-du-forum-minier-sur-la-legislation-et-le-contentieux-du-travail","status":"publish","type":"post","link":"https:\/\/conakrynews.org\/index.php\/conakryafrican-academyorganise-la-premiere-edition-du-forum-minier-sur-la-legislation-et-le-contentieux-du-travail\/","title":{"rendered":"Conakry:\u00a0\u00bbAfrican Acad\u00e9my\u00a0\u00bb organise\u00a0 la premi\u00e8re \u00e9dition du forum minier sur la l\u00e9gislation et le contentieux du travail\u00a0"},"content":{"rendered":"<div dir=\"auto\"><img loading=\"lazy\" decoding=\"async\" class=\"alignright size-medium wp-image-7824\" src=\"https:\/\/conakrynews.org\/wp-content\/uploads\/2021\/04\/FB_IMG_1619686263581-515x232.jpg\" alt=\"\" width=\"515\" height=\"232\" srcset=\"https:\/\/conakrynews.org\/wp-content\/uploads\/2021\/04\/FB_IMG_1619686263581-515x232.jpg 515w, https:\/\/conakrynews.org\/wp-content\/uploads\/2021\/04\/FB_IMG_1619686263581.jpg 720w\" sizes=\"auto, (max-width: 515px) 100vw, 515px\" \/><\/div>\n<div dir=\"auto\"><b><i>\u00a0<\/i><\/b><\/div>\n<p><b><i>Le cabinet \u00ab\u00a0African Acad\u00e9my\u00a0\u00bb\u00a0 a organis\u00e9\u00a0 la premi\u00e8re \u00e9dition du forum minier sur la l\u00e9gislation et le contentieux du travail ce mercredi,28 avril 2021\u00a0 dans un r\u00e9ceptif h\u00f4telier de la place.C&rsquo;est un\u00a0 forum\u00a0 qui a pour objectif de cr\u00e9er un cadre de rencontre entre les acteurs du secteur notamment\u00a0<\/i><\/b><b><i>le personnel des mines, l&rsquo;administration mini\u00e8re, chefs d&rsquo;entreprises, conseillers juridiques, les syndicalistes, l&rsquo;inspection du travail. Ces diff\u00e9rents acteurs\u00a0 vont \u00e9changer\u00a0 sur des\u00a0 probl\u00e9matiques\u00a0 li\u00e9es dans le secteur minier\u00a0 durant trois jours de travaux.<\/i><\/b><\/p>\n<div dir=\"auto\"><\/div>\n<div dir=\"auto\"><\/div>\n<div dir=\"auto\">Thierno Amadou Diallo, directeur du cabinet \u00ab\u00a0African Acad\u00e9my\u00a0\u00bb et Pr\u00e9sident du comit\u00e9 d&rsquo;organisation de ce forum a\u00a0 d\u00e9clar\u00e9 : \u2039\u2039 l&rsquo;opportunit\u00e9 d&rsquo;organiser ce forum est de cr\u00e9er un cadre d&rsquo;\u00e9change entre les acteurs du secteur notamment les compagnies mini\u00e8res, l&rsquo;administration mini\u00e8re, les professionnels des mines, l&rsquo;inspection du travail, les juristes, mais aussi la presse autour de certaines pr\u00e9occupations qui font le quotidien des guin\u00e9ens\u203a\u203a, a-t-il d\u00e9clar\u00e9.<\/div>\n<div dir=\"auto\"><\/div>\n<div dir=\"auto\">\u2039\u2039 la Guin\u00e9e est devenu un boom g\u00e9ologique, les compagnies mini\u00e8res florissent et leur implantation en Guin\u00e9e \u00e0 un impact direct sur la vie des communaut\u00e9s dans notre pays.Nous entendons des cris avec telle ou telle entreprise, il y a tel probl\u00e8me. En faites, il faut se poser la question quelle est la cause ces probl\u00e8mes l\u00e0 et pour cela il faut en venir \u00e0 la base. On ne peut conna\u00eetre le probl\u00e8me si on fait pas un diagnostic et ce diagnostic ne peut \u00eatre possible que de r\u00e9unir les acteurs qui vont \u00e9changer et se donner des id\u00e9es qu&rsquo; est qu&rsquo;il faut pour favoriser une exploitation apais\u00e9e de nos ressources pour l&rsquo;int\u00e9r\u00eat de la population, mais aussi nos de nos partenaires \u00e9trangers\u203a\u203a, a expliqu\u00e9 le directeur du cabinet African Acad\u00e9my.<\/div>\n<div dir=\"auto\"><\/div>\n<div dir=\"auto\">\u00c0 rappeler que ce forum qui est dans sa premi\u00e8re \u00e9dition a mobilis\u00e9 une quarantaine de participants pour des raisons de restriction de la pand\u00e9mie du covid19.<\/div>\n<div dir=\"auto\"><\/div>\n<div dir=\"auto\">Oumar konat\u00e9 pour\u00a0<a href=\"https:\/\/conakrynews.org\/\" target=\"_blank\" rel=\"noopener noreferrer\" data-saferedirecturl=\"https:\/\/www.google.com\/url?q=https:\/\/conakrynews.org&amp;source=gmail&amp;ust=1619772360103000&amp;usg=AFQjCNEjpxVM68tblPYBPVYk-KEGM2dzOA\">www.conakrynews.org<\/a><\/div>\n","protected":false},"excerpt":{"rendered":"<p>\u00a0 Le cabinet \u00ab\u00a0African Acad\u00e9my\u00a0\u00bb\u00a0 a organis\u00e9\u00a0 la premi\u00e8re \u00e9dition du forum minier sur la l\u00e9gislation et le contentieux du travail ce mercredi,28 avril 2021\u00a0 dans un r\u00e9ceptif h\u00f4telier de la place.C&rsquo;est un\u00a0 forum\u00a0 qui a pour objectif de cr\u00e9er un cadre de rencontre entre les acteurs du secteur notamment\u00a0le personnel des mines, l&rsquo;administration mini\u00e8re, [&hellip;]<\/p>\n","protected":false},"author":2,"featured_media":7824,"comment_status":"closed","ping_status":"closed","sticky":false,"template":"","format":"standard","meta":{"footnotes":""},"categories":[58],"tags":[],"class_list":{"0":"post-7823","1":"post","2":"type-post","3":"status-publish","4":"format-standard","5":"has-post-thumbnail","7":"category-societe"},"_links":{"self":[{"href":"https:\/\/conakrynews.org\/index.php\/wp-json\/wp\/v2\/posts\/7823","targetHints":{"allow":["GET"]}}],"collection":[{"href":"https:\/\/conakrynews.org\/index.php\/wp-json\/wp\/v2\/posts"}],"about":[{"href":"https:\/\/conakrynews.org\/index.php\/wp-json\/wp\/v2\/types\/post"}],"author":[{"embeddable":true,"href":"https:\/\/conakrynews.org\/index.php\/wp-json\/wp\/v2\/users\/2"}],"replies":[{"embeddable":true,"href":"https:\/\/conakrynews.org\/index.php\/wp-json\/wp\/v2\/comments?post=7823"}],"version-history":[{"count":0,"href":"https:\/\/conakrynews.org\/index.php\/wp-json\/wp\/v2\/posts\/7823\/revisions"}],"wp:featuredmedia":[{"embeddable":true,"href":"https:\/\/conakrynews.org\/index.php\/wp-json\/wp\/v2\/media\/7824"}],"wp:attachment":[{"href":"https:\/\/conakrynews.org\/index.php\/wp-json\/wp\/v2\/media?parent=7823"}],"wp:term":[{"taxonomy":"category","embeddable":true,"href":"https:\/\/conakrynews.org\/index.php\/wp-json\/wp\/v2\/categories?post=7823"},{"taxonomy":"post_tag","embeddable":true,"href":"https:\/\/conakrynews.org\/index.php\/wp-json\/wp\/v2\/tags?post=7823"}],"curies":[{"name":"wp","href":"https:\/\/api.w.org\/{rel}","templated":true}]}}