{"id":7828,"date":"2021-04-29T09:24:46","date_gmt":"2021-04-29T09:24:46","guid":{"rendered":"https:\/\/conakrynews.org\/?p=7828"},"modified":"2021-04-29T09:24:46","modified_gmt":"2021-04-29T09:24:46","slug":"guinee-lancement-du-projet-appui-a-la-realisation-des-pnd-en-renforcant-les-capacites-de-planification-et-dadaptation-au-changement-climatique","status":"publish","type":"post","link":"https:\/\/conakrynews.org\/index.php\/guinee-lancement-du-projet-appui-a-la-realisation-des-pnd-en-renforcant-les-capacites-de-planification-et-dadaptation-au-changement-climatique\/","title":{"rendered":"Guin\u00e9e : Lancement du Projet \u00ab\u00a0Appui \u00e0 la r\u00e9alisation des PND en renfor\u00e7ant les capacit\u00e9s de planification et d\u2019adaptation au changement climatique"},"content":{"rendered":"<h1 class=\"name post-title entry-title\"><img loading=\"lazy\" decoding=\"async\" class=\"alignright size-medium wp-image-7829\" src=\"https:\/\/conakrynews.org\/wp-content\/uploads\/2021\/04\/lancement-660x330-1-515x258.jpg\" alt=\"\" width=\"515\" height=\"258\" srcset=\"https:\/\/conakrynews.org\/wp-content\/uploads\/2021\/04\/lancement-660x330-1-515x258.jpg 515w, https:\/\/conakrynews.org\/wp-content\/uploads\/2021\/04\/lancement-660x330-1.jpg 660w\" sizes=\"auto, (max-width: 515px) 100vw, 515px\" \/><\/h1>\n<p class=\"post-meta\">\n<div class=\"clear\"><\/div>\n<div class=\"entry\">\n<p>Le Ministre d\u2019Etat \u00e0 l\u2019Environnement et aux Eaux et For\u00eats, M. Oy\u00e9 Guilavogui a proc\u00e9d\u00e9 ce Mercredi 28 Avril 2021, par Visioconf\u00e9rence, en pr\u00e9sence du Repr\u00e9sentant r\u00e9sident du PNUD en Guin\u00e9e, M. Luc Jo\u00ebl Gr\u00e9goire, au lancement du Projet\u00a0<strong><em>\u00ab\u00a0Appui \u00e0 la r\u00e9alisation des politiques nationales de d\u00e9veloppement en renfor\u00e7ant les capacit\u00e9s de planification et d\u2019adaptation au \u00a0changement \u00a0climatique en Guin\u00e9e\u00a0\u00bb\u00a0<\/em><\/strong>dans le cadre du processus d\u2019\u00e9laboration du plan national d\u2019adaptation (PNA) qui permet de consolider les acquis du Plan d\u2019Action National d\u2019Adaptation aux Changements Climatiques (PANA) et de prendre en compte les perspectives de moyen et de long terme.<\/p>\n<p>&nbsp;<\/p>\n<p>Ce pr\u00e9sent projet, financ\u00e9 par le Fonds vert pour le climat, \u00e0 hauteur d\u2019un million cinq cent mille (1 500 000) dollars US, vise \u00e0 accro\u00eetre les capacit\u00e9s d\u2019adaptation de la Guin\u00e9e pour faire face aux impacts du changement climatique. Ce projet va contribuer \u00e0 renforcer d\u2019une part, la vision planificatrice en \u00e9tablissant des liens entre la recherche-action et les politiques publiques pour une prise de d\u00e9cision \u00e9clair\u00e9e et d\u2019autre part, va valoriser les opportunit\u00e9s qui d\u00e9coulent des possibilit\u00e9s de financement local et notamment du secteur priv\u00e9.<\/p>\n<p>&nbsp;<\/p>\n<p><strong><u>Deux interventions majeures<\/u><\/strong><\/p>\n<p>Premier \u00e0 intervenir M. le Repr\u00e9sentant r\u00e9sident du PNUD, M. Luc Jo\u00ebl Gr\u00e9goire a soulign\u00e9 que\u00a0:\u00a0<em>La lutte contre le changement climatique n\u00e9cessite une action concert\u00e9e et je salue naturellement l\u2019engagement des plus hautes autorit\u00e9s du pays et en particulier celle de M. Le Ministre d\u2019Etat pour sa volont\u00e9 d\u2019une implication inclusive des acteurs et partenaires au d\u00e9veloppement et sa d\u00e9termination \u00e0 voir une appropriation forte et endog\u00e8ne du projet s\u2019\u00e9tablir et se renforcer afin de favoriser une approche\u00a0 strat\u00e9gique, syst\u00e9mique et proactive.<\/em><\/p>\n<p><em>Le PNUD, pour sa part, ne m\u00e9nagera aucun effort, Monsieur le Ministre d\u2019Etat pour assurer au Gouvernement, l\u2019appui conseil et l\u2019accompagnement n\u00e9cessaire, pour valoriser et accompagner la marche d\u00e9termin\u00e9e et exemplaire du pays en faveur d\u2019un d\u00e9veloppement \u00e9conomique sobre en carbone et la promotion d\u2019une \u00e9conomie verte et bleue, porteuse de croissance et d\u2019opportunit\u00e9s\u00a0 pour le bien-\u00eatre de tous les\u00a0 fils et filles de Guin\u00e9e.<\/em><\/p>\n<p>&nbsp;<\/p>\n<p>Le Ministre d\u2019Etat, M. Oy\u00e9 Guilavogui a, \u00a0de son c\u00f4t\u00e9,\u00a0<em>salu\u00e9 le lancement du processus PNA, pr\u00e9par\u00e9 par le PNUD, qui vise \u00e0 int\u00e9grer l\u2019adaptation aux changements climatiques dans la planification du d\u00e9veloppement et la budg\u00e9tisation aux niveaux national, sectoriel et infranational. Depuis 2016, d\u2019importantes activit\u00e9s ont \u00e9t\u00e9 men\u00e9es afin de d\u00e9velopper le processus de PNA, dont un atelier de formation des parties prenantes sur le processus PNA, la validation de la Feuille de route du processus, et la pr\u00e9paration d\u2019une requ\u00eate pour le Fonds Vert Climat. De plus, une \u00e9tude a \u00e9t\u00e9 initi\u00e9e en f\u00e9vrier 2019 sur le th\u00e8me \u00ab Analyse des questions de genre ax\u00e9e sur le processus de PNA en Guin\u00e9e \u00bb. Cette \u00e9tude vise \u00e0 \u00e9valuer comment le processus de PNA peut \u00eatre d\u00e9velopp\u00e9 et mis en \u0153uvre pour favoriser la prise en compte des questions de genre dans l\u2019adaptation aux changements climatiques en Guin\u00e9e.<\/em><\/p>\n<p><em>\u00a0<\/em><\/p>\n<p>La tenue de cet atelier de lancement de l\u2019Atelier de Lancement avait pour objectif d\u2019informer de mani\u00e8re aussi large que possible du d\u00e9marrage officiel du projet dans le but d\u2019assurer le partage du contenu du Document de Projet avec toutes les parties prenantes, de clarifier les r\u00f4les des diff\u00e9rents partenaires du projet dans la mise en \u0153uvre du projet et de pr\u00e9senter le cadre de gestion du projet.<\/p>\n<p>Outre le Secr\u00e9taire G\u00e9n\u00e9ral du Minist\u00e8re de l\u2019Environnement, des Eaux et For\u00eats, M. Saidou Bari Sidib\u00e9, du Directeur National du Programme S\u00e9kou Gaoussou Sylla et du Charg\u00e9 de Programme Environnement et D\u00e9veloppement Durable du PNUD, Mamadou Cir\u00e9 Camara, plusieurs experts du PNUD et coordonnateurs de projets Environnement, des repr\u00e9sentants des partenaires techniques et financiers, des r\u00e9seaux Environnement, des institutions r\u00e9publicaines et des d\u00e9partements minist\u00e9riels.<\/p>\n<p>&nbsp;<\/p>\n<p><strong>Avec PNUD-Guin\u00e9e<\/strong><\/p>\n<\/div>\n","protected":false},"excerpt":{"rendered":"<p>Le Ministre d\u2019Etat \u00e0 l\u2019Environnement et aux Eaux et For\u00eats, M. Oy\u00e9 Guilavogui a proc\u00e9d\u00e9 ce Mercredi 28 Avril 2021, par Visioconf\u00e9rence, en pr\u00e9sence du Repr\u00e9sentant r\u00e9sident du PNUD en Guin\u00e9e, M. Luc Jo\u00ebl Gr\u00e9goire, au lancement du Projet\u00a0\u00ab\u00a0Appui \u00e0 la r\u00e9alisation des politiques nationales de d\u00e9veloppement en renfor\u00e7ant les capacit\u00e9s de planification et d\u2019adaptation [&hellip;]<\/p>\n","protected":false},"author":2,"featured_media":7829,"comment_status":"closed","ping_status":"closed","sticky":false,"template":"","format":"standard","meta":{"footnotes":""},"categories":[58],"tags":[],"class_list":{"0":"post-7828","1":"post","2":"type-post","3":"status-publish","4":"format-standard","5":"has-post-thumbnail","7":"category-societe"},"_links":{"self":[{"href":"https:\/\/conakrynews.org\/index.php\/wp-json\/wp\/v2\/posts\/7828","targetHints":{"allow":["GET"]}}],"collection":[{"href":"https:\/\/conakrynews.org\/index.php\/wp-json\/wp\/v2\/posts"}],"about":[{"href":"https:\/\/conakrynews.org\/index.php\/wp-json\/wp\/v2\/types\/post"}],"author":[{"embeddable":true,"href":"https:\/\/conakrynews.org\/index.php\/wp-json\/wp\/v2\/users\/2"}],"replies":[{"embeddable":true,"href":"https:\/\/conakrynews.org\/index.php\/wp-json\/wp\/v2\/comments?post=7828"}],"version-history":[{"count":0,"href":"https:\/\/conakrynews.org\/index.php\/wp-json\/wp\/v2\/posts\/7828\/revisions"}],"wp:featuredmedia":[{"embeddable":true,"href":"https:\/\/conakrynews.org\/index.php\/wp-json\/wp\/v2\/media\/7829"}],"wp:attachment":[{"href":"https:\/\/conakrynews.org\/index.php\/wp-json\/wp\/v2\/media?parent=7828"}],"wp:term":[{"taxonomy":"category","embeddable":true,"href":"https:\/\/conakrynews.org\/index.php\/wp-json\/wp\/v2\/categories?post=7828"},{"taxonomy":"post_tag","embeddable":true,"href":"https:\/\/conakrynews.org\/index.php\/wp-json\/wp\/v2\/tags?post=7828"}],"curies":[{"name":"wp","href":"https:\/\/api.w.org\/{rel}","templated":true}]}}