{"id":7836,"date":"2021-04-29T15:47:13","date_gmt":"2021-04-29T15:47:13","guid":{"rendered":"https:\/\/conakrynews.org\/?p=7836"},"modified":"2021-04-29T15:54:00","modified_gmt":"2021-04-29T15:54:00","slug":"tchad-les-combats-reprennent-dans-le-nord-kanem-entre-larmee-et-les-rebelles-du-fac","status":"publish","type":"post","link":"https:\/\/conakrynews.org\/index.php\/tchad-les-combats-reprennent-dans-le-nord-kanem-entre-larmee-et-les-rebelles-du-fac\/","title":{"rendered":"Tchad : les combats reprennent dans le Nord Kanem entre l\u2019arm\u00e9e et les rebelles du Fact"},"content":{"rendered":"<div class=\"td-post-header\">\n<header class=\"td-post-title\">\n<h1 class=\"entry-title\"><\/h1>\n<div class=\"td-module-meta-info\"><\/div>\n<\/header>\n<\/div>\n<div class=\"td-post-sharing td-post-sharing-top \">\n<div class=\"td-default-sharing\"><i class=\"td-icon-facebook\"><\/i>\u00a0<i class=\"td-icon-twitter\"><\/i>\u00a0<i class=\"td-icon-googleplus\"><\/i>\u00a0<i class=\"td-icon-pinterest\"><\/i>\u00a0<i class=\"td-icon-whatsapp\"><\/i><\/div>\n<\/div>\n<div class=\"td-post-content\">\n<div class=\"td-post-featured-image\"><a class=\"td-modal-image\" href=\"https:\/\/liberationinfo.com\/wp-content\/uploads\/2021\/04\/sipa_ap21709004_000014-640x320-1.jpg\" data-caption=\"\"><img loading=\"lazy\" decoding=\"async\" class=\"entry-thumb td-animation-stack-type0-2\" title=\"sipa_ap21709004_000014-640x320\" src=\"https:\/\/liberationinfo.com\/wp-content\/uploads\/2021\/04\/sipa_ap21709004_000014-640x320-1.jpg\" alt=\"\" width=\"640\" height=\"320\" \/><\/a><\/div>\n<div class=\"entry-header clearfix\">\n<header class=\"entry-header-title\">\n<h1 class=\"entry-title\"><\/h1>\n<\/header>\n<\/div>\n<div class=\"row single-main-content\">\n<div class=\"main-content content-right col-sx-12 col-sm-12 col-md-9 col-lg-9\">\n<div class=\"content-inner\">\n<div class=\"box box-article\">\n<article id=\"post-152577\" class=\"post-152577 post type-post status-publish format-standard has-post-thumbnail hentry category-international\">\n<div class=\"entry-content clearfix\">\n<div class=\"entry-content-inner padding-left\">\n<div class=\"pf-content\">\n<p>Reprise des affrontements dans le Nord Kanem entre les rebelles du Front pour l\u2019alternance et la concorde au\u00a0Tchad (Fact) et l\u2019arm\u00e9e qui a jur\u00e9 de les \u00ab\u00a0<em>an\u00e9antir\u00a0<\/em>\u00bb apr\u00e8s la mort du pr\u00e9sident Idriss D\u00e9by. Face \u00e0 face, une des colonnes rebelles qui avait trouv\u00e9 refuge au Niger voisin contre des unit\u00e9s alors que l\u2019arm\u00e9e tchadienne a envoy\u00e9 de\u00a0nombreux renforts depuis mardi 27 avril, que l\u2019on pouvait voir dans la ville de Mao depuis deux jours.<\/p>\n<p>L\u2019objectif de l\u2019arm\u00e9e tchadienne est de prendre en tenaille les rebelles du Fact qui avaient fui au Niger voisin au plus fort des combats de la semaine derni\u00e8re et qui ont \u00e9t\u00e9 chass\u00e9s par l\u2019arm\u00e9e nig\u00e9rienne de ce pays depuis deux jours, selon des responsables tchadiens.<\/p>\n<div class=\"code-block code-block-2\"><\/div>\n<p>\u00ab\u00a0<em>On a activ\u00e9 notre accord de coop\u00e9ration militaire avec le Niger dans le cadre du G5 Sahel\u00a0<\/em>\u00bb, a pr\u00e9cis\u00e9 l\u2019un d\u2019eux, mais pas de confirmation du c\u00f4t\u00e9 de Niamey pour l\u2019instant.<\/p>\n<p>Les hommes de Mahamat Mahdi Ali auraient donc reflu\u00e9 dans la province du Kanem. \u00ab<em>\u00a0Ils sont \u00e9parpill\u00e9s depuis deux jours dans une zone de 6 km de long situ\u00e9e \u00e0 une vingtaine de kilom\u00e8tres de la fronti\u00e8re<\/em>\u00a0\u00bb, d\u00e9taille notre source.<\/p>\n<p>L\u2019aviation tchadienne est entr\u00e9e en action et aurait d\u00e9truit quatre\u00a0<em>pick-up<\/em>\u00a0mardi. Et depuis mercredi, l\u2019arm\u00e9e tchadienne a lanc\u00e9 des attaques au sol et dans les airs pour tenter de \u00ab\u00a0<em>neutraliser d\u00e9finitivement la quarantaine de v\u00e9hicules rebelles qui restent\u00a0<\/em>\u00bb, affirment nos sources.<\/p>\n<p>Le responsable de la communication du Fact, Kingagb\u00e9 Ogouze\u00efmi de Tapol que nous avons contact\u00e9 mercredi, n\u2019a pas voulu confirmer ni infirmer les attaques qu\u2019ils auraient subies sur le sol nig\u00e9rien.<\/p>\n<p>Mais \u00ab\u00a0<em>ce qui est s\u00fbr,<\/em>\u00a0dit-il,\u00a0<em>c\u2019est qu\u2019il y a eu des affrontements dans le Nord Kanem mardi, et m\u00eame mercredi\u00a0<\/em>\u00bb. Il promet de rendre public bient\u00f4t un communiqu\u00e9 sur ce qui se passe r\u00e9ellement dans cette zone.<\/p>\n<p>Avec RFI<\/p>\n<\/div>\n<\/div>\n<\/div>\n<\/article>\n<\/div>\n<\/div>\n<\/div>\n<\/div>\n<\/div>\n","protected":false},"excerpt":{"rendered":"<p>\u00a0\u00a0\u00a0\u00a0 Reprise des affrontements dans le Nord Kanem entre les rebelles du Front pour l\u2019alternance et la concorde au\u00a0Tchad (Fact) et l\u2019arm\u00e9e qui a jur\u00e9 de les \u00ab\u00a0an\u00e9antir\u00a0\u00bb apr\u00e8s la mort du pr\u00e9sident Idriss D\u00e9by. Face \u00e0 face, une des colonnes rebelles qui avait trouv\u00e9 refuge au Niger voisin contre des unit\u00e9s alors que l\u2019arm\u00e9e [&hellip;]<\/p>\n","protected":false},"author":2,"featured_media":7837,"comment_status":"closed","ping_status":"closed","sticky":false,"template":"","format":"standard","meta":{"footnotes":""},"categories":[57],"tags":[],"class_list":{"0":"post-7836","1":"post","2":"type-post","3":"status-publish","4":"format-standard","5":"has-post-thumbnail","7":"category-politique"},"_links":{"self":[{"href":"https:\/\/conakrynews.org\/index.php\/wp-json\/wp\/v2\/posts\/7836","targetHints":{"allow":["GET"]}}],"collection":[{"href":"https:\/\/conakrynews.org\/index.php\/wp-json\/wp\/v2\/posts"}],"about":[{"href":"https:\/\/conakrynews.org\/index.php\/wp-json\/wp\/v2\/types\/post"}],"author":[{"embeddable":true,"href":"https:\/\/conakrynews.org\/index.php\/wp-json\/wp\/v2\/users\/2"}],"replies":[{"embeddable":true,"href":"https:\/\/conakrynews.org\/index.php\/wp-json\/wp\/v2\/comments?post=7836"}],"version-history":[{"count":0,"href":"https:\/\/conakrynews.org\/index.php\/wp-json\/wp\/v2\/posts\/7836\/revisions"}],"wp:featuredmedia":[{"embeddable":true,"href":"https:\/\/conakrynews.org\/index.php\/wp-json\/wp\/v2\/media\/7837"}],"wp:attachment":[{"href":"https:\/\/conakrynews.org\/index.php\/wp-json\/wp\/v2\/media?parent=7836"}],"wp:term":[{"taxonomy":"category","embeddable":true,"href":"https:\/\/conakrynews.org\/index.php\/wp-json\/wp\/v2\/categories?post=7836"},{"taxonomy":"post_tag","embeddable":true,"href":"https:\/\/conakrynews.org\/index.php\/wp-json\/wp\/v2\/tags?post=7836"}],"curies":[{"name":"wp","href":"https:\/\/api.w.org\/{rel}","templated":true}]}}