{"id":7916,"date":"2021-05-04T10:36:39","date_gmt":"2021-05-04T10:36:39","guid":{"rendered":"https:\/\/conakrynews.org\/?p=7916"},"modified":"2021-05-04T17:40:46","modified_gmt":"2021-05-04T17:40:46","slug":"civils-tues-et-un-village-saccage-dans-une-region-de-lest-du-burkina-faso","status":"publish","type":"post","link":"https:\/\/conakrynews.org\/index.php\/civils-tues-et-un-village-saccage-dans-une-region-de-lest-du-burkina-faso\/","title":{"rendered":"Au moins trente civils tu\u00e9s et un village saccag\u00e9 dans une r\u00e9gion de l&rsquo;est du Burkina Faso"},"content":{"rendered":"<blockquote>\n<p style=\"text-align: right;\">Au moins trente civils tu\u00e9s et un village saccag\u00e9 dans une r\u00e9gion de l&rsquo;est du Burkina Faso Rfi4 mai 2021Sources Avec notre correspondant \u00e0 Ouagadougou, Yaya Boudani Les assaillants ont fait irruption dans le hameau de culture de Kodyel autour de 5h du matin lundi. Selon les t\u00e9moignages recueillis par des sources s\u00e9curitaires sur place, ils \u00e9taient environ 300 personnes et l\u2019attaque deux heures.<\/p>\n<\/blockquote>\n<p>\u00abIls ont encercl\u00e9 le village et massacr\u00e9 presque la quasi-totalit\u00e9 des hommes\u00bb explique un t\u00e9moin cit\u00e9 par notre source. Seuls les femmes et les enfants ont \u00e9t\u00e9 \u00e9pargn\u00e9s. Le nombre exact des victimes reste pour l\u2019heure inconnu. Le gouverneur de la r\u00e9gion de l\u2019Est parle de \u00abplus d\u2019une dizaine\u00bb de civils tu\u00e9s. Des sources s\u00e9curitaires font \u00e9tat d\u2019au moins trente personnes parmi lesquelles deux Volontaires pour la d\u00e9fense de la patrie. Parmi les civils tu\u00e9s figure le chef du village et plusieurs membres de sa famille. On d\u00e9nombre une vingtaine de bless\u00e9s aussi. Par ailleurs une dizaine d\u2019assaillants a \u00e9t\u00e9 abattue par les Volontaires pour la d\u00e9fense de la patrie. Ces hommes arm\u00e9s ont vandalis\u00e9 le centre de sant\u00e9 et vid\u00e9 le d\u00e9p\u00f4t pharmaceutique. Ils ont intim\u00e9 l\u2019ordre aux agents de sant\u00e9 de quitter le village. Les concessions et les greniers ont \u00e9t\u00e9 incendi\u00e9s. Selon nos sources, des boutiques ont \u00e9t\u00e9 saccag\u00e9es et du b\u00e9tail emport\u00e9. Les rescap\u00e9s ont fui vers la commune de Foutouri.<\/p>\n","protected":false},"excerpt":{"rendered":"<p>Au moins trente civils tu\u00e9s et un village saccag\u00e9 dans une r\u00e9gion de l&rsquo;est du Burkina Faso Rfi4 mai 2021Sources Avec notre correspondant \u00e0 Ouagadougou, Yaya Boudani Les assaillants ont fait irruption dans le hameau de culture de Kodyel autour de 5h du matin lundi. Selon les t\u00e9moignages recueillis par des sources s\u00e9curitaires sur place, [&hellip;]<\/p>\n","protected":false},"author":2,"featured_media":0,"comment_status":"closed","ping_status":"closed","sticky":false,"template":"","format":"standard","meta":{"footnotes":""},"categories":[58],"tags":[],"class_list":{"0":"post-7916","1":"post","2":"type-post","3":"status-publish","4":"format-standard","6":"category-societe"},"_links":{"self":[{"href":"https:\/\/conakrynews.org\/index.php\/wp-json\/wp\/v2\/posts\/7916","targetHints":{"allow":["GET"]}}],"collection":[{"href":"https:\/\/conakrynews.org\/index.php\/wp-json\/wp\/v2\/posts"}],"about":[{"href":"https:\/\/conakrynews.org\/index.php\/wp-json\/wp\/v2\/types\/post"}],"author":[{"embeddable":true,"href":"https:\/\/conakrynews.org\/index.php\/wp-json\/wp\/v2\/users\/2"}],"replies":[{"embeddable":true,"href":"https:\/\/conakrynews.org\/index.php\/wp-json\/wp\/v2\/comments?post=7916"}],"version-history":[{"count":0,"href":"https:\/\/conakrynews.org\/index.php\/wp-json\/wp\/v2\/posts\/7916\/revisions"}],"wp:attachment":[{"href":"https:\/\/conakrynews.org\/index.php\/wp-json\/wp\/v2\/media?parent=7916"}],"wp:term":[{"taxonomy":"category","embeddable":true,"href":"https:\/\/conakrynews.org\/index.php\/wp-json\/wp\/v2\/categories?post=7916"},{"taxonomy":"post_tag","embeddable":true,"href":"https:\/\/conakrynews.org\/index.php\/wp-json\/wp\/v2\/tags?post=7916"}],"curies":[{"name":"wp","href":"https:\/\/api.w.org\/{rel}","templated":true}]}}