{"id":7957,"date":"2021-05-06T10:38:52","date_gmt":"2021-05-06T10:38:52","guid":{"rendered":"https:\/\/conakrynews.org\/?p=7957"},"modified":"2021-05-06T10:38:52","modified_gmt":"2021-05-06T10:38:52","slug":"situation-au-tchad-la-defense-fait-une-annonce","status":"publish","type":"post","link":"https:\/\/conakrynews.org\/index.php\/situation-au-tchad-la-defense-fait-une-annonce\/","title":{"rendered":"Situation au Tchad: la d\u00e9fense fait une annonce"},"content":{"rendered":"<div class=\"intro intro--bold\">\n<p>Le ministre tchadien de la D\u00e9fense a affirm\u00e9 jeudi que les rebelles qui m\u00e8nent depuis la mi-avril une offensive sont en \u00ab\u00a0d\u00e9bandade\u00a0\u00bb et que les autorit\u00e9s ne vont pas \u00ab\u00a0dialoguer avec les terroristes\u00a0\u00bb.<\/p>\n<\/div>\n<div id=\"article-content\" class=\"content-floated-wrap fb-quotable\">\n<div class=\"wsw\">\n<p>Des combats ont oppos\u00e9 l\u2019arm\u00e9e au groupe rebelle du Front pour l\u2019alternance et la concorde au Tchad (FACT), dans la r\u00e9gion d\u00e9sertique du Kanem, le long de la fronti\u00e8re avec le Niger, \u00e0 environ 300 km au nord de la capitale N\u2019Djamena.<\/p>\n<p><em>\u00ab\u00a0Les forces de l\u2019ordre sont en plein ratissage dans la zone d\u2019op\u00e9ration. La plupart de prisonniers sont entre les mains de la gendarmerie et bien trait\u00e9s. L\u2019ennemi est en d\u00e9bandade\u00a0\u00bb,<\/em>\u00a0a d\u00e9clar\u00e9 lors d\u2019une conf\u00e9rence de presse Brahim Daoud Yaya, nomm\u00e9 dimanche ministre de la D\u00e9fense.\u00a0<em>\u00ab\u00a0Nous n\u2019allons jamais dialoguer avec des terroristes\u00a0\u00bb,<\/em>\u00a0a-t-il poursuivi.<\/p>\n<p>Bas\u00e9 depuis sa cr\u00e9ation en 2016 dans le Sud de la Libye, le FACT et ses colonnes de pick-ups sont d\u2019abord descendus \u00e0 partir du 11 avril, jour de l\u2019\u00e9lection pr\u00e9sidentielle, vers le sud en franchissant la fronti\u00e8re Libye-Tchad, puis sont pass\u00e9s par le Niger, avant de revenir au Tchad dans le Kanem.<\/p>\n<p><em>\u00ab\u00a0La Libye est le fief de terroristes\u00a0\u00bb<\/em>, a estim\u00e9 le ministre de la D\u00e9fense, mais<em>\u00a0\u00ab\u00a0je ne peux pas accuser la Libye de soutenir les terroristes comme il n\u2019y a pas un Etat en Libye\u00a0\u00bb<\/em>.<\/p>\n<p>C\u2019est dans cette m\u00eame r\u00e9gion du Kanem que le pr\u00e9sident Idriss D\u00e9by Itno, au pouvoir durant trente ans, a \u00e9t\u00e9 tu\u00e9 sur le front lors de combats contre le FACT.<\/p>\n<p>L\u2019arm\u00e9e avait assur\u00e9, la veille de l\u2019annonce de la mort du mar\u00e9chal D\u00e9by, avoir tu\u00e9 300 rebelles du FACT. Et 246 autres avaient \u00e9t\u00e9 captur\u00e9s et d\u00e9f\u00e9r\u00e9s au parquet de N\u2019Djamena, selon la justice.<\/p>\n<p>Les combats ont continu\u00e9 dans la zone de Nokou, dans le d\u00e9partement du Nord-Kanem. La semaine derni\u00e8re, un h\u00e9licopt\u00e8re de l\u2019arm\u00e9e tchadienne s\u2019y est \u00e9cras\u00e9, \u00e0 la suite d\u2019une\u00a0<em>\u00ab\u00a0panne technique<\/em>\u00a0\u00bb a assur\u00e9 l\u2019arm\u00e9e, le FACT affirmant avoir abattu l\u2019a\u00e9ronef.<\/p>\n<p>Apr\u00e8s l\u2019annonce de la mort du pr\u00e9sident D\u00e9by, son fils Mahamat Idriss D\u00e9by a pris les r\u00eanes du pays \u00e0 la t\u00eate d\u2019un Conseil militaire de transition (CMT). Entour\u00e9 de 14 g\u00e9n\u00e9raux, tous fid\u00e8les \u00e0 son p\u00e8re, il concentre presque tous les pouvoirs. Le nouvel homme fort du pays a promis des \u00e9lections \u00ab\u00a0libres et d\u00e9mocratiques\u00a0\u00bb d\u2019ici 18 mois.<\/p>\n<p>La junte militaire a nomm\u00e9 dimanche par d\u00e9cret un gouvernement de transition compos\u00e9 de 40 ministres et secr\u00e9taires d\u2019Etat. Les postes r\u00e9galiens sont presque tous aux mains de membres du Mouvement patriotique du salut (MPS), le parti d\u2019Idriss D\u00e9by Itno.<\/p>\n<\/div>\n<p><strong>Avec AFP<\/strong><\/p>\n<p>Le titre engage conakrynews.org<\/p>\n<p><img loading=\"lazy\" decoding=\"async\" class=\"alignright size-medium wp-image-7958\" src=\"https:\/\/conakrynews.org\/wp-content\/uploads\/2021\/05\/tchad-660x330-1-515x258.jpg\" alt=\"\" width=\"515\" height=\"258\" srcset=\"https:\/\/conakrynews.org\/wp-content\/uploads\/2021\/05\/tchad-660x330-1-515x258.jpg 515w, https:\/\/conakrynews.org\/wp-content\/uploads\/2021\/05\/tchad-660x330-1.jpg 660w\" sizes=\"auto, (max-width: 515px) 100vw, 515px\" \/><\/p>\n<p>&nbsp;<\/p>\n<\/div>\n","protected":false},"excerpt":{"rendered":"<p>Le ministre tchadien de la D\u00e9fense a affirm\u00e9 jeudi que les rebelles qui m\u00e8nent depuis la mi-avril une offensive sont en \u00ab\u00a0d\u00e9bandade\u00a0\u00bb et que les autorit\u00e9s ne vont pas \u00ab\u00a0dialoguer avec les terroristes\u00a0\u00bb. Des combats ont oppos\u00e9 l\u2019arm\u00e9e au groupe rebelle du Front pour l\u2019alternance et la concorde au Tchad (FACT), dans la r\u00e9gion d\u00e9sertique [&hellip;]<\/p>\n","protected":false},"author":2,"featured_media":7958,"comment_status":"closed","ping_status":"closed","sticky":false,"template":"","format":"standard","meta":{"footnotes":""},"categories":[57],"tags":[],"class_list":{"0":"post-7957","1":"post","2":"type-post","3":"status-publish","4":"format-standard","5":"has-post-thumbnail","7":"category-politique"},"_links":{"self":[{"href":"https:\/\/conakrynews.org\/index.php\/wp-json\/wp\/v2\/posts\/7957","targetHints":{"allow":["GET"]}}],"collection":[{"href":"https:\/\/conakrynews.org\/index.php\/wp-json\/wp\/v2\/posts"}],"about":[{"href":"https:\/\/conakrynews.org\/index.php\/wp-json\/wp\/v2\/types\/post"}],"author":[{"embeddable":true,"href":"https:\/\/conakrynews.org\/index.php\/wp-json\/wp\/v2\/users\/2"}],"replies":[{"embeddable":true,"href":"https:\/\/conakrynews.org\/index.php\/wp-json\/wp\/v2\/comments?post=7957"}],"version-history":[{"count":0,"href":"https:\/\/conakrynews.org\/index.php\/wp-json\/wp\/v2\/posts\/7957\/revisions"}],"wp:featuredmedia":[{"embeddable":true,"href":"https:\/\/conakrynews.org\/index.php\/wp-json\/wp\/v2\/media\/7958"}],"wp:attachment":[{"href":"https:\/\/conakrynews.org\/index.php\/wp-json\/wp\/v2\/media?parent=7957"}],"wp:term":[{"taxonomy":"category","embeddable":true,"href":"https:\/\/conakrynews.org\/index.php\/wp-json\/wp\/v2\/categories?post=7957"},{"taxonomy":"post_tag","embeddable":true,"href":"https:\/\/conakrynews.org\/index.php\/wp-json\/wp\/v2\/tags?post=7957"}],"curies":[{"name":"wp","href":"https:\/\/api.w.org\/{rel}","templated":true}]}}