{"id":7962,"date":"2021-05-06T15:32:21","date_gmt":"2021-05-06T15:32:21","guid":{"rendered":"https:\/\/conakrynews.org\/?p=7962"},"modified":"2021-05-06T22:33:59","modified_gmt":"2021-05-06T22:33:59","slug":"elections-de-la-feguifoot-ahmed-de-paris-je-ne-viens-pas-pour-figurer-seulement-sur-la-listemais-je-viens-pour-gagner","status":"publish","type":"post","link":"https:\/\/conakrynews.org\/index.php\/elections-de-la-feguifoot-ahmed-de-paris-je-ne-viens-pas-pour-figurer-seulement-sur-la-listemais-je-viens-pour-gagner\/","title":{"rendered":"\u00c9lections de la FEGUIFOOT : Ahmed de Paris :\u2039\u2039 je ne\u00a0 viens pas pour figurer seulement sur la liste,mais je viens pour gagner\u203a\u203a"},"content":{"rendered":"<div dir=\"auto\"><\/div>\n<div dir=\"auto\"><\/div>\n<div dir=\"auto\"><\/div>\n<div dir=\"auto\"><\/div>\n<div dir=\"auto\"><img loading=\"lazy\" decoding=\"async\" class=\"alignright size-medium wp-image-7963\" src=\"https:\/\/conakrynews.org\/wp-content\/uploads\/2021\/05\/IMG_20210506_111926_5-515x247.jpg\" alt=\"\" width=\"515\" height=\"247\" srcset=\"https:\/\/conakrynews.org\/wp-content\/uploads\/2021\/05\/IMG_20210506_111926_5-515x247.jpg 515w, https:\/\/conakrynews.org\/wp-content\/uploads\/2021\/05\/IMG_20210506_111926_5-768x369.jpg 768w, https:\/\/conakrynews.org\/wp-content\/uploads\/2021\/05\/IMG_20210506_111926_5-1536x737.jpg 1536w, https:\/\/conakrynews.org\/wp-content\/uploads\/2021\/05\/IMG_20210506_111926_5-2048x983.jpg 2048w\" sizes=\"auto, (max-width: 515px) 100vw, 515px\" \/>Ce jeudi,06 mai 2021, notre r\u00e9daction a rencontr\u00e9 Ahmed de Paris,candidat au compte de la pr\u00e9sidence de la f\u00e9d\u00e9ration Guin\u00e9enne de Football.Il \u00e9tait question qu&rsquo;il\u00a0 s&rsquo;exprime \u00e0 notre micro\u00a0 sur ses motivations et son programme lorsqu&rsquo;il\u00a0 \u00a0sera \u00e9lu pr\u00e8sident de la f\u00e9d\u00e9ration Guin\u00e9enne de football(FEGUIFOOT).<\/div>\n<div dir=\"auto\"><\/div>\n<div dir=\"auto\"><\/div>\n<div dir=\"auto\"><\/div>\n<div dir=\"auto\"><\/div>\n<div dir=\"auto\"><\/div>\n<div dir=\"auto\">Interrog\u00e9\u00a0 sur les motivations de\u00a0 sa candidature,le jeune candidat \u00e0 l&rsquo;\u00e9lection de la pr\u00e9sidence de la F\u00e9d\u00e9ration Guin\u00e9enne de football, Ahmed\u00a0 de Paris, a d\u00e9clar\u00e9 :\u2039\u2039Aujourd&rsquo;hui, notre pays a besoin de contacter les jeunes, parce qu&rsquo;on entend toujours dire\u00a0 nos a\u00een\u00e9s que tu es trop jeune, tu es pr\u00e9ss\u00e9, tu aurais d\u00fb commencer \u00e0 la base. Ce n&rsquo;est pas cela qu&rsquo;on compte, mais plut\u00f4t la comp\u00e9tence et j&rsquo;ai des comp\u00e9tences et pourquoi ne pas \u00eatre candidat\u00a0 pour la pr\u00e9sidence de la Feguifoot.On peut \u00eatre vieux et ne pas avoir des comp\u00e9tences.Aujourd&rsquo;hui,j&rsquo;arrive dans ce dossier de la FEGUIFOOT\u00a0 en tant qu&rsquo;espoir et en tant jeune audacieux dans un monde o\u00f9 aucun jeune n&rsquo;avait sa place\u00a0 selon les gens, pr\u00e9jug\u00e9s, clich\u00e9s.J&rsquo;ai donc envie de banir ces clich\u00e9s pour qu&rsquo;ils disent que les jeunes peuvent faire quelque chose au sein de la soci\u00e9t\u00e9 Guin\u00e9enne.Je ne viens pas seulement pour figurer sur la liste ,mais je viens pour gagner inchallah.Et je ne viens pas\u00a0 simplement pour faire de buzz comme certains non.Je n&rsquo;ai plus besoin de \u00e7a.Je suis venu parce que j&rsquo;ai des comp\u00e9tences dans le domaine du football.J&rsquo;ai la gestion manag\u00e9riale, j&rsquo;ai des contacts\u00a0 qu&rsquo;il faut pour \u00eatre candidat.Et je pense qu&rsquo;aujourd&rsquo;hui tous les acteurs Guin\u00e9ens devraient soutenir ma candidature \u203a\u203a, a d\u00e9clar\u00e9\u00a0 le jeune candidat, Ahmed de Paris.<\/div>\n<div dir=\"auto\">\n<div dir=\"auto\"><\/div>\n<div dir=\"auto\"><\/div>\n<div dir=\"auto\"><\/div>\n<div dir=\"auto\"><\/div>\n<div dir=\"auto\">\u2039\u2039Pour tout dire, je ne suis dans aucun clan.Je viens avec\u00a0 les mains propres. Donc, j&rsquo;ai d\u00e9pos\u00e9 ma candidature et j&rsquo;esp\u00e8re qu&rsquo;elle sera valid\u00e9e.E t je ne vois pas de raisons pour lesquelles elle ne sera pas valid\u00e9e parce que\u00a0 je n&rsquo;ai pas de probl\u00e8mes\u00a0 avec qui que ce soit. Je ne suis pas dans les gu\u00e9guerres et aujourd&rsquo;hui le football guin\u00e9en \u00e0 besoin de sortir de tout ce qui se passe l\u00e0, parce que c&rsquo;est quand m\u00eame gr\u00e2ve ce que nous vivons.Il y&rsquo;a des gu\u00e9guerres partout\u203a\u203a, a\u00a0 fait savoir Ahmed de Paris.<\/div>\n<div dir=\"auto\"><\/div>\n<div dir=\"auto\"><\/div>\n<div dir=\"auto\"><\/div>\n<div dir=\"auto\"><\/div>\n<div dir=\"auto\">Et de souligner :\u2039\u2039 je suis le candidat id\u00e9al pour mettre fin \u00e0 tout cela et ramen\u00e9 la paix dans le football guin\u00e9en, afin d&rsquo;avancer ensemble. Je suis le mieux plac\u00e9 pour rapprocher les deux parties parce que si l&rsquo;un gagne l&rsquo;autre va se retrouver dans la merde, vice versa. Donc, si moi je gagne cela permettra de rapprocher toutes les parties.<\/div>\n<div dir=\"auto\">\u00a0c&rsquo;est pourquoi ,je dirais aux membres statutaires de comprendre que je suis le seul candidat\u00a0 qui\u00a0 pourra ramener la paix dans le football guin\u00e9en.Qu&rsquo;ils ne regardent pas l&rsquo;argent qu&rsquo;on les proposera parce que cet argent l\u00e0\u00a0 ils vont le bouff\u00e9 pour quelques semaines et que le football guin\u00e9en continuera sa marche. Il faut qu&rsquo; ils fassent le bon choix; c&rsquo;est \u00e0 dire de\u00a0 prendre\u00a0 leur responsabilit\u00e9 pour voter le football et non pour leurs poches\u203a\u203a, a-t-il soulign\u00e9.<\/div>\n<div dir=\"auto\"><\/div>\n<div dir=\"auto\"><\/div>\n<div dir=\"auto\"><\/div>\n<div dir=\"auto\"><\/div>\n<div dir=\"auto\">Pour mettre un terme\u00a0 \u00e0 ses propos, il a dit :\u2039\u2039 Aujourd&rsquo;hui,le\u00a0 combat que je m\u00e8ne, c&rsquo;est un combat patriotique et si je deviens candidats pour la pr\u00e9sidence de la feguifoot, \u00a0c&rsquo;est pour qu&rsquo;il est un changement et je vous assure que sii Amed de Paris devient pr\u00e9sident de la Feguifoot au\u00a0 bout de quelques mois, on parlera de la Guin\u00e9e partout&#8230;Je veux faire de la Guin\u00e9e une plate<\/div>\n<div dir=\"auto\">\u00a0tournante des stars.Et si je suis pr\u00e9sident de la Feguifoot pour l&rsquo;ouverture de la CAN\u00a0 2025,je serais capable de f\u00e0ire venir un certain \u00a0C. Ronaldo pour la finale un\u00a0 certain Leonel Messi.Il\u00a0\u00a0faut qu&rsquo;on fasse r\u00eaver la jeunesse guin\u00e9enne ;il faut que le football Guin\u00e9en d\u00e9colle n&rsquo;maintenant.Car,le football peut apporter beaucoup \u00e0 notre\u00a0<a href=\"http:\/\/pays.il\/\" target=\"_blank\" rel=\"noopener noreferrer\" data-saferedirecturl=\"https:\/\/www.google.com\/url?q=http:\/\/pays.il&amp;source=gmail&amp;ust=1620399646409000&amp;usg=AFQjCNG-GDhtOB8mBRxP4rhuUoRksgd_bw\">pays.il<\/a>\u00a0faut qu&rsquo;on donne l&rsquo;envie \u00e0 cette jeunesse.<\/div>\n<div dir=\"auto\">Personne n&rsquo;est mieux qu&rsquo;un jeune pour comprendre les probl\u00e8mes des jeunes. je demanderai donc \u00e0 la jeunesse guin\u00e9enne de se donner\u00a0 les\u00a0 mains\u00a0 parce que\u00a0 cette candidature n&rsquo;est pas seulement celle d&rsquo;Amed, mais c&rsquo;est\u00a0 la candidature de la jeunesse guin\u00e9enne\u203a\u203a.<\/div>\n<div dir=\"auto\"><\/div>\n<div dir=\"auto\"><\/div>\n<div dir=\"auto\">Sylla Ibrahima Kalil pour\u00a0<a href=\"https:\/\/conakrynews.org\/\" target=\"_blank\" rel=\"noopener noreferrer\" data-saferedirecturl=\"https:\/\/www.google.com\/url?q=https:\/\/conakrynews.org&amp;source=gmail&amp;ust=1620399646410000&amp;usg=AFQjCNFTHB3NQ1PuQx2i5Ky310UBipCozg\">www.conakrynews.org<\/a>625444534<\/div>\n<\/div>\n","protected":false},"excerpt":{"rendered":"<p>Ce jeudi,06 mai 2021, notre r\u00e9daction a rencontr\u00e9 Ahmed de Paris,candidat au compte de la pr\u00e9sidence de la f\u00e9d\u00e9ration Guin\u00e9enne de Football.Il \u00e9tait question qu&rsquo;il\u00a0 s&rsquo;exprime \u00e0 notre micro\u00a0 sur ses motivations et son programme lorsqu&rsquo;il\u00a0 \u00a0sera \u00e9lu pr\u00e8sident de la f\u00e9d\u00e9ration Guin\u00e9enne de football(FEGUIFOOT). Interrog\u00e9\u00a0 sur les motivations de\u00a0 sa candidature,le jeune candidat \u00e0 [&hellip;]<\/p>\n","protected":false},"author":2,"featured_media":7963,"comment_status":"closed","ping_status":"closed","sticky":false,"template":"","format":"standard","meta":{"footnotes":""},"categories":[64],"tags":[],"class_list":{"0":"post-7962","1":"post","2":"type-post","3":"status-publish","4":"format-standard","5":"has-post-thumbnail","7":"category-sport"},"_links":{"self":[{"href":"https:\/\/conakrynews.org\/index.php\/wp-json\/wp\/v2\/posts\/7962","targetHints":{"allow":["GET"]}}],"collection":[{"href":"https:\/\/conakrynews.org\/index.php\/wp-json\/wp\/v2\/posts"}],"about":[{"href":"https:\/\/conakrynews.org\/index.php\/wp-json\/wp\/v2\/types\/post"}],"author":[{"embeddable":true,"href":"https:\/\/conakrynews.org\/index.php\/wp-json\/wp\/v2\/users\/2"}],"replies":[{"embeddable":true,"href":"https:\/\/conakrynews.org\/index.php\/wp-json\/wp\/v2\/comments?post=7962"}],"version-history":[{"count":0,"href":"https:\/\/conakrynews.org\/index.php\/wp-json\/wp\/v2\/posts\/7962\/revisions"}],"wp:featuredmedia":[{"embeddable":true,"href":"https:\/\/conakrynews.org\/index.php\/wp-json\/wp\/v2\/media\/7963"}],"wp:attachment":[{"href":"https:\/\/conakrynews.org\/index.php\/wp-json\/wp\/v2\/media?parent=7962"}],"wp:term":[{"taxonomy":"category","embeddable":true,"href":"https:\/\/conakrynews.org\/index.php\/wp-json\/wp\/v2\/categories?post=7962"},{"taxonomy":"post_tag","embeddable":true,"href":"https:\/\/conakrynews.org\/index.php\/wp-json\/wp\/v2\/tags?post=7962"}],"curies":[{"name":"wp","href":"https:\/\/api.w.org\/{rel}","templated":true}]}}