{"id":7981,"date":"2021-05-07T09:16:41","date_gmt":"2021-05-07T09:16:41","guid":{"rendered":"https:\/\/conakrynews.org\/?p=7981"},"modified":"2021-05-07T09:17:47","modified_gmt":"2021-05-07T09:17:47","slug":"kerouane-un-mort-et-plusieurs-blesses-dans-des-echauffourees-contre-linterdiction-des-prieres-nocturnes-qiyam-layl-dans-les-mosquees","status":"publish","type":"post","link":"https:\/\/conakrynews.org\/index.php\/kerouane-un-mort-et-plusieurs-blesses-dans-des-echauffourees-contre-linterdiction-des-prieres-nocturnes-qiyam-layl-dans-les-mosquees\/","title":{"rendered":"K\u00e9rouan\u00e9 : Un mort et plusieurs bless\u00e9s dans des \u00e9chauffour\u00e9es contre l\u2019interdiction des pri\u00e8res nocturnes \u00ab\u00a0Qiyam Layl\u00a0\u00bb dans les mosqu\u00e9es"},"content":{"rendered":"<h1 class=\"name post-title entry-title\"><\/h1>\n<div class=\"clear\"><\/div>\n<div class=\"entry\">\n<p>Des \u00e9chauffour\u00e9es ont \u00e9clat\u00e9 dans plusieurs villes de la Haute-Guin\u00e9e depuis l\u2019annonce de l\u2019interdiction des pri\u00e8res nocturnes des 10 derniers jours du mois de ramadan sur toute l\u2019\u00e9tendue du territoire national par le secr\u00e9tariat g\u00e9n\u00e9ral des affaires religieuses.<\/p>\n<p>Dans la nuit du mercredi au jeudi 6 mai 2021, les fid\u00e8les musulmans de la ville de K\u00e9rouan\u00e9 ont manifest\u00e9 leur col\u00e8re face \u00e0 cette d\u00e9cision des autorit\u00e9s en charge des affaires religieuses.<\/p>\n<p>Selon les informations, un jeune \u00e9l\u00e8ve du nom Mohamed Tall a succomb\u00e9 de ses blessures apr\u00e8s avoir re\u00e7u une balle lors des manifestations entre force de l\u2019ordre et fid\u00e8les musulmans de la ville K\u00e9rouan\u00e9.<\/p>\n<p>En effet, ces diff\u00e9rentes manifestations ont enregistr\u00e9 un cas de mort par balle, plusieurs bless\u00e9s et des arrestations.<\/p>\n<p>\u00c0 noter que depuis l\u2019annonce de cette d\u00e9cision de l\u2019Agence Nationale de la S\u00e9curit\u00e9 Sanitaire (ANSS) \u00e0 travers le secr\u00e9tariat g\u00e9n\u00e9ral des affaires religieuses, plusieurs pr\u00e9fectures de la haute Guin\u00e9e manifestent pour contester contre l\u2019interdiction des pri\u00e8res nocturnes \u00ab\u00a0Qiyam Layl\u00a0\u00bb dans les mosqu\u00e9es.<\/p>\n<p>\u00c0 suivre<\/p>\n<p>&nbsp;<\/p>\n<p><strong>Mohamed Sylla pour guineequotidien.com<\/strong><\/p>\n<\/div>\n","protected":false},"excerpt":{"rendered":"<p>Des \u00e9chauffour\u00e9es ont \u00e9clat\u00e9 dans plusieurs villes de la Haute-Guin\u00e9e depuis l\u2019annonce de l\u2019interdiction des pri\u00e8res nocturnes des 10 derniers jours du mois de ramadan sur toute l\u2019\u00e9tendue du territoire national par le secr\u00e9tariat g\u00e9n\u00e9ral des affaires religieuses. Dans la nuit du mercredi au jeudi 6 mai 2021, les fid\u00e8les musulmans de la ville de [&hellip;]<\/p>\n","protected":false},"author":2,"featured_media":7982,"comment_status":"closed","ping_status":"closed","sticky":false,"template":"","format":"standard","meta":{"footnotes":""},"categories":[58],"tags":[],"class_list":{"0":"post-7981","1":"post","2":"type-post","3":"status-publish","4":"format-standard","5":"has-post-thumbnail","7":"category-societe"},"_links":{"self":[{"href":"https:\/\/conakrynews.org\/index.php\/wp-json\/wp\/v2\/posts\/7981","targetHints":{"allow":["GET"]}}],"collection":[{"href":"https:\/\/conakrynews.org\/index.php\/wp-json\/wp\/v2\/posts"}],"about":[{"href":"https:\/\/conakrynews.org\/index.php\/wp-json\/wp\/v2\/types\/post"}],"author":[{"embeddable":true,"href":"https:\/\/conakrynews.org\/index.php\/wp-json\/wp\/v2\/users\/2"}],"replies":[{"embeddable":true,"href":"https:\/\/conakrynews.org\/index.php\/wp-json\/wp\/v2\/comments?post=7981"}],"version-history":[{"count":0,"href":"https:\/\/conakrynews.org\/index.php\/wp-json\/wp\/v2\/posts\/7981\/revisions"}],"wp:featuredmedia":[{"embeddable":true,"href":"https:\/\/conakrynews.org\/index.php\/wp-json\/wp\/v2\/media\/7982"}],"wp:attachment":[{"href":"https:\/\/conakrynews.org\/index.php\/wp-json\/wp\/v2\/media?parent=7981"}],"wp:term":[{"taxonomy":"category","embeddable":true,"href":"https:\/\/conakrynews.org\/index.php\/wp-json\/wp\/v2\/categories?post=7981"},{"taxonomy":"post_tag","embeddable":true,"href":"https:\/\/conakrynews.org\/index.php\/wp-json\/wp\/v2\/tags?post=7981"}],"curies":[{"name":"wp","href":"https:\/\/api.w.org\/{rel}","templated":true}]}}