{"id":7987,"date":"2021-05-07T09:30:59","date_gmt":"2021-05-07T09:30:59","guid":{"rendered":"https:\/\/conakrynews.org\/?p=7987"},"modified":"2021-05-07T09:31:49","modified_gmt":"2021-05-07T09:31:49","slug":"coupe-du-monde-2022-des-qualifications-africaines-reportees-a-septembre","status":"publish","type":"post","link":"https:\/\/conakrynews.org\/index.php\/coupe-du-monde-2022-des-qualifications-africaines-reportees-a-septembre\/","title":{"rendered":"Coupe du monde 2022: des qualifications africaines report\u00e9es \u00e0 septembre"},"content":{"rendered":"<h1 class=\"name post-title entry-title\"><img loading=\"lazy\" decoding=\"async\" class=\"alignright size-medium wp-image-7988\" src=\"https:\/\/conakrynews.org\/wp-content\/uploads\/2021\/05\/fifa-world-cup-2022-illus-660x330-1-515x258.jpg\" alt=\"\" width=\"515\" height=\"258\" srcset=\"https:\/\/conakrynews.org\/wp-content\/uploads\/2021\/05\/fifa-world-cup-2022-illus-660x330-1-515x258.jpg 515w, https:\/\/conakrynews.org\/wp-content\/uploads\/2021\/05\/fifa-world-cup-2022-illus-660x330-1.jpg 660w\" sizes=\"auto, (max-width: 515px) 100vw, 515px\" \/><\/h1>\n<div class=\"clear\"><\/div>\n<div class=\"entry\">\n<p>Les deux premi\u00e8res journ\u00e9es de la phase de groupes des qualifications africaines pour la Coupe du monde 2022, pr\u00e9vues en juin 2021, devraient \u00e9t\u00e9 report\u00e9es \u00e0 septembre 2021, a appris rfi.fr de sources concordantes.<\/p>\n<p>Il faudra sans doute encore attendre pour que les\u00a0<strong><a href=\"https:\/\/www.rfi.fr\/fr\/afrique-foot\/20190802-coupe-monde-2022-qualifications-afrique-calendrier-resultats-eliminatoires\" target=\"_self\" rel=\"noopener noreferrer\">qualifications africaines de la Coupe du monde 2022<\/a><\/strong>\u00a0reprennent, apr\u00e8s 21 mois d\u2019interruption. Alors que le 1er tour s\u2019\u00e9tait jou\u00e9 en septembre 2019, la phase de groupes, elle, devait (enfin) commencer en juin 2021.\u00a0La premi\u00e8re journ\u00e9e \u00e9tait ainsi programm\u00e9e du 5 au 8 juin et la deuxi\u00e8me du 11 au 14 juin.<\/p>\n<p>Mais la Conf\u00e9d\u00e9ration africaine de football (CAF) a d\u00e9cid\u00e9 d\u2019un report \u00e0 septembre, a appris rfi.fr de sources concordantes. Elles se tiendront donc \u00e0 une p\u00e9riode durant laquelle les troisi\u00e8me et quatri\u00e8me journ\u00e9es devaient se d\u00e9rouler. Ces derni\u00e8res, elles, sont d\u00e9cal\u00e9es \u00e0 octobre et les cinqui\u00e8me et sixi\u00e8mes \u00e0 novembre. Quant aux barrages, qui d\u00e9signeront les cinq repr\u00e9sentants de l\u2019Afrique au Qatar, ils devraient alors avoir lieu en mars 2022, soit quelques semaines apr\u00e8s la prochaine Coupe d\u2019Afrique des nations pr\u00e9vue au Cameroun (9 janvier-6 f\u00e9vrier).<\/p>\n<h2>Un probl\u00e8me de stades<\/h2>\n<p>La question d\u2019un report a \u00e9t\u00e9 discut\u00e9e lors d\u2019une r\u00e9union du Comit\u00e9 d\u2019urgence de la CAF tenue le 3 mai 2021. Ce report devrait \u00eatre \u00e0 nouveau abord\u00e9 lors de la prochaine r\u00e9union du Comit\u00e9 ex\u00e9cutif de la CAF, pr\u00e9vue le 15 mai \u00e0 Kigali.<\/p>\n<p>Il est li\u00e9 \u00e0 l\u2019\u00e9tat des stades et des pelouses sur le continent. Ces derniers mois, la CAF a men\u00e9 un vaste audit des enceintes. D\u2019apr\u00e8s une liste, consult\u00e9e par rfi.fr, une vingtaine de f\u00e9d\u00e9rations affili\u00e9es n\u2019aurait aucun stade aux normes internationales d\u00e9sormais exig\u00e9es par la CAF et la FIFA. Parmi ces pays, non des moindres\u00a0: le Burkina Faso, le Mali et le S\u00e9n\u00e9gal.<\/p>\n<div id=\"tms-ad-inread-6807274508606744\" class=\"tms-ad\" data-tms-ad-type=\"inread\" data-tms-ad-provider=\"invibes\" data-tms-ad-status=\"loaded\">\n<div id=\"divVideoStepAdBottom\" class=\"divVideoStep\"><\/div>\n<\/div>\n<p>Seuls le Cameroun, l\u2019\u00c9gypte (h\u00f4te de la CAN 2019), la Guin\u00e9e \u00e9quatoriale (organisatrice de la CAN 2015), le Maroc, le Nigeria et \u00e9videmment l\u2019Afrique Sud (Coupe du monde 2010) s\u2019en tirent haut la main, avec quatre enceintes ou plus homologu\u00e9es pour des comp\u00e9titions officielles.<\/p>\n<p>&nbsp;<\/p>\n<p><strong>Avec RFI<\/strong><\/p>\n<\/div>\n","protected":false},"excerpt":{"rendered":"<p>Les deux premi\u00e8res journ\u00e9es de la phase de groupes des qualifications africaines pour la Coupe du monde 2022, pr\u00e9vues en juin 2021, devraient \u00e9t\u00e9 report\u00e9es \u00e0 septembre 2021, a appris rfi.fr de sources concordantes. Il faudra sans doute encore attendre pour que les\u00a0qualifications africaines de la Coupe du monde 2022\u00a0reprennent, apr\u00e8s 21 mois d\u2019interruption. Alors [&hellip;]<\/p>\n","protected":false},"author":2,"featured_media":7988,"comment_status":"closed","ping_status":"closed","sticky":false,"template":"","format":"standard","meta":{"footnotes":""},"categories":[64],"tags":[],"class_list":{"0":"post-7987","1":"post","2":"type-post","3":"status-publish","4":"format-standard","5":"has-post-thumbnail","7":"category-sport"},"_links":{"self":[{"href":"https:\/\/conakrynews.org\/index.php\/wp-json\/wp\/v2\/posts\/7987","targetHints":{"allow":["GET"]}}],"collection":[{"href":"https:\/\/conakrynews.org\/index.php\/wp-json\/wp\/v2\/posts"}],"about":[{"href":"https:\/\/conakrynews.org\/index.php\/wp-json\/wp\/v2\/types\/post"}],"author":[{"embeddable":true,"href":"https:\/\/conakrynews.org\/index.php\/wp-json\/wp\/v2\/users\/2"}],"replies":[{"embeddable":true,"href":"https:\/\/conakrynews.org\/index.php\/wp-json\/wp\/v2\/comments?post=7987"}],"version-history":[{"count":0,"href":"https:\/\/conakrynews.org\/index.php\/wp-json\/wp\/v2\/posts\/7987\/revisions"}],"wp:featuredmedia":[{"embeddable":true,"href":"https:\/\/conakrynews.org\/index.php\/wp-json\/wp\/v2\/media\/7988"}],"wp:attachment":[{"href":"https:\/\/conakrynews.org\/index.php\/wp-json\/wp\/v2\/media?parent=7987"}],"wp:term":[{"taxonomy":"category","embeddable":true,"href":"https:\/\/conakrynews.org\/index.php\/wp-json\/wp\/v2\/categories?post=7987"},{"taxonomy":"post_tag","embeddable":true,"href":"https:\/\/conakrynews.org\/index.php\/wp-json\/wp\/v2\/tags?post=7987"}],"curies":[{"name":"wp","href":"https:\/\/api.w.org\/{rel}","templated":true}]}}