{"id":7992,"date":"2021-05-07T12:28:52","date_gmt":"2021-05-07T12:28:52","guid":{"rendered":"https:\/\/conakrynews.org\/?p=7992"},"modified":"2021-05-07T12:30:08","modified_gmt":"2021-05-07T12:30:08","slug":"guinee-conseil-des-ministres-vers-la-reglementation-des-barrages-routiers-pour-mettre-fin-a-leur-proliferation-anarchique","status":"publish","type":"post","link":"https:\/\/conakrynews.org\/index.php\/guinee-conseil-des-ministres-vers-la-reglementation-des-barrages-routiers-pour-mettre-fin-a-leur-proliferation-anarchique\/","title":{"rendered":"Guin\u00e9e\/Conseil des ministres : Vers la r\u00e9glementation des barrages routiers pour mettre fin \u00e0 leur prolif\u00e9ration anarchique"},"content":{"rendered":"<h1 class=\"name post-title entry-title\"><img loading=\"lazy\" decoding=\"async\" class=\"alignright size-medium wp-image-7993\" src=\"https:\/\/conakrynews.org\/wp-content\/uploads\/2021\/05\/tibou-660x330-1-515x258.jpg\" alt=\"\" width=\"515\" height=\"258\" srcset=\"https:\/\/conakrynews.org\/wp-content\/uploads\/2021\/05\/tibou-660x330-1-515x258.jpg 515w, https:\/\/conakrynews.org\/wp-content\/uploads\/2021\/05\/tibou-660x330-1.jpg 660w\" sizes=\"auto, (max-width: 515px) 100vw, 515px\" \/><\/h1>\n<div class=\"clear\"><\/div>\n<div class=\"entry\">\n<p>La session ordinaire du conseil des ministres s\u2019est tenue ce jeudi 06 mai 2021 de 10h25 \u00e0 12h48, sous la haute autorit\u00e9 de Monsieur le Pr\u00e9sident de la R\u00e9publique, son Excellence, Professeur Alpha Cond\u00e9.<\/p>\n<p>Les points suivants \u00e9taient inscrits \u00e0 l\u2019ordre du jour :<\/p>\n<p>I) Messages de son Excellence Monsieur le Pr\u00e9sident de la R\u00e9publique<\/p>\n<p>II) Compte rendu de Monsieur le Premier ministre de la session ordinaire du conseil interminist\u00e9riel du mardi 4 mai 2021<\/p>\n<p>III) D\u00e9cisions<\/p>\n<p>IV) Questions diverses<\/p>\n<p>Au titre du premier point, le Chef de l\u2019Etat, son Excellence, Professeur Alpha Cond\u00e9, a rappel\u00e9 que dans le contexte de la pand\u00e9mie de la covid 19 qui s\u00e9vit dans le monde, le plus fondamental demeure la vie et la sant\u00e9 des populations dont la responsabilit\u00e9 incombe \u00e0 l\u2019Etat. Il a d\u00e9plor\u00e9 que le rel\u00e2chement observ\u00e9 dans le comportement des citoyens et les mesures de pr\u00e9caution recommand\u00e9es par les autorit\u00e9s sanitaires favorise une recrudescence de la covid 19.<\/p>\n<p>A ce propos, Monsieur le Pr\u00e9sident de la R\u00e9publique, en rappelant que le Gouvernement ne doit pas faillir dans la mission d\u2019assurer la s\u00e9curit\u00e9 int\u00e9rieure et sanitaire du pays a instruit le ministre de la s\u00e9curit\u00e9 de veiller au respect scrupuleux de la fermeture des \u00e9tablissements publics comme les restaurants et lieux de loisirs o\u00f9 le risque de contamination \u00e0 la covid 19 et de propagation de la maladie reste \u00e9lev\u00e9.<\/p>\n<p>Il a instruit le ministre de la s\u00e9curit\u00e9 \u00e0 exiger des agents de donner le bon exemple pour le respect des mesures barri\u00e8res et \u00e0 appliquer les p\u00e9nalit\u00e9s pr\u00e9vues pour tous les contrevenants.<\/p>\n<p>Monsieur le Pr\u00e9sident de la R\u00e9publique, est revenu sur une meilleure organisation du travail gouvernemental et les faiblesses \u00e0 corriger dans l\u2019administration pour un service public de qualit\u00e9 et extr\u00eamement performant. Il a instruit aux Ministres de s\u2019impr\u00e9gner davantage de l\u2019organisation et du fonctionnement de leurs minist\u00e8res, des attributions, pr\u00e9rogatives de leurs directions et diff\u00e9rents services, afin de mieux suivre et coordonner le travail et surtout pour ne pas faire des propositions ou prendre des d\u00e9cisions qui cr\u00e9ent des conflits de comp\u00e9tence et d\u2019attribution.<\/p>\n<p>Le Chef de l\u2019Etat a instruit monsieur le Premier Ministre de prendre toutes les dispositions, en relation avec les ministres concern\u00e9s, pour la pr\u00e9paration et l\u2019\u00e9laboration de tous les textes d\u2019application du code des investissements pour son application optimale, mais aussi pouvoir b\u00e9n\u00e9ficier de tous les soutiens n\u00e9cessaires \u00e0 sa mise en \u0153uvre effective et totale.<\/p>\n<p>Son Excellence, Professeur Alpha Cond\u00e9, a instruit le Premier Ministre d\u2019attirer l\u2019attention des ministres et de les y engager aussi que les probl\u00e8mes du Gouvernement se r\u00e8glent au sein du gouvernement. Monsieur le Pr\u00e9sident de la R\u00e9publique a soulign\u00e9 avec force que la fonction de ministre ob\u00e9it \u00e0 des valeurs et une \u00e9thique qui doivent \u00eatre observ\u00e9es dans toutes les circonstances par tous afin de garantir la coh\u00e9sion de l\u2019\u00e9quipe et la solidarit\u00e9 entre ses diff\u00e9rents membres.<\/p>\n<p>Le Chef de l\u2019Etat a instruit le Gouvernement de veiller \u00e0 int\u00e9grer les normes nationales dans les engagements de l\u2019Etat pour une question de coh\u00e9rence et surtout de conformit\u00e9.<\/p>\n<p>Monsieur le Pr\u00e9sident de la R\u00e9publique a instruit de relancer et parachever l\u2019initiative de la r\u00e9forme fonci\u00e8re dont les \u00e9tudes avec l\u2019accompagnement et le soutien des partenaires ont d\u00e9j\u00e0 \u00e9t\u00e9 faites et sont disponibles.<\/p>\n<p>Son Excellence Professeur Alpha Cond\u00e9 a instruit le Gouvernement de mettre en place une commission dans chacun des secteurs o\u00f9 il est pr\u00e9vu d\u2019organiser les \u00e9tats g\u00e9n\u00e9raux, \u00e0 savoir, la sant\u00e9, l\u2019Education, la Justice. Monsieur le Pr\u00e9sident de la R\u00e9publique a insist\u00e9 que ces diff\u00e9rentes commissions ne concernent pas que les intervenants dans ces secteurs, mais soient plut\u00f4t ouvertes \u00e0 toutes les comp\u00e9tences capables d\u2019apporter une contribution \u00e0 la pr\u00e9paration et au succ\u00e8s de ces assisses.<\/p>\n<p>Le Chef de l\u2019Etat a instruit le ministre de la fonction publique d\u2019\u00e9radiquer tous les maux qui gangr\u00e8nent la fonction publique. Il a instruit que tous les fonctionnaires admis \u00e0 faire valoir leurs droits \u00e0 la retraite puissent \u00eatre remplac\u00e9s \u00e0 leurs postes notamment par les jeunes dipl\u00f4m\u00e9s disposant des comp\u00e9tences requises pour assurer valablement la rel\u00e8ve. Les contractuels dans les minist\u00e8res \u00e0 propos desquels monsieur le Pr\u00e9sident de la R\u00e9publique a demand\u00e9 de faire le point de la situation ne peuvent b\u00e9n\u00e9ficier de ce statut exceptionnel qu\u2019en cas de n\u00e9cessit\u00e9 absolue.<\/p>\n<p>Monsieur le Pr\u00e9sident de la R\u00e9publique a instruit le Premier ministre d\u2019instruire les ministres d\u2019accorder un d\u00e9lai pr\u00e9cis et court de traitement des dossiers \u00e0 leurs collaborateurs afin d\u2019\u00e9viter les lenteurs et lourdeurs administratives qui p\u00e9nalisent tous les usagers de l\u2019administration publique. Dans le m\u00eame ordre d\u2019id\u00e9es, il a \u00e9t\u00e9 instruit de soumettre \u00e0 temps tous les projets de textes aux ministres afin, qu\u2019\u00e0 leur tour, ils les examinent avec leurs cabinets pour partager avec le conseil leurs avis et commentaires.<\/p>\n<p>Le Chef de l\u2019Etat, a instruit au Gouvernement, d\u2019engager la r\u00e9flexion, d\u00e8s maintenant, pour les mesures \u00e0 prendre afin de r\u00e9glementer les barrages routiers et mettre fin \u00e0 leur prolif\u00e9ration anarchique sur le territoire national, tr\u00e8s dommageable aux transporteurs et aux usagers de la route. Monsieur le Pr\u00e9sident de la R\u00e9publique a rappel\u00e9 qu\u2019en dehors des barrages officiels, aucun autre n\u2019est autoris\u00e9. Ensuite, qu\u2019il n\u2019y a qu\u2019une seule motivation aux barrages, c\u2019est le contr\u00f4le de s\u00e9curit\u00e9. Il a instruit au Ministre de la S\u00e9curit\u00e9 d\u2019envisager des sanctions contre les auteurs des barrages non-autoris\u00e9s ou des pratiques de racket syst\u00e9matique aux points de contr\u00f4le.<\/p>\n<p>Apr\u00e8s les instructions et directives donn\u00e9es par Monsieur le Pr\u00e9sident de la R\u00e9publique, le Premier Ministre, chef du Gouvernement, a \u00e9t\u00e9 invit\u00e9 \u00e0 faire sa communication.<\/p>\n<p>Dans son introduction, Monsieur le Premier Ministre, Chef du Gouvernement, a f\u00e9licit\u00e9 Dr Djalikatou Diallo, pour sa nomination dans les fonctions de Ministre de la Citoyennet\u00e9 et de l\u2019unit\u00e9 nationale par son Excellence, Monsieur le Pr\u00e9sident de la R\u00e9publique. Dr Ibrahima Kassory Fofana a pr\u00e9cis\u00e9 que ce dernier acte de nomination dans le Gouvernement parach\u00e8ve le premier remaniement minist\u00e9riel intervenu au lendemain de l\u2019\u00e9lection du Professeur Alpha comme premier Pr\u00e9sident de la 4e R\u00e9publique, \u00e0 peine port\u00e9e sur les fonds baptismaux. Enfin, le Premier ministre qui a soulign\u00e9 la marque de confiance port\u00e9e en la nouvelle promue, s\u2019est r\u00e9joui de l\u2019accueillir au sein de l\u2019\u00e9quipe gouvernementale avant de lui adresser tous ses v\u0153ux de succ\u00e8s.<\/p>\n<p>Le Premier Ministre a pr\u00e9sent\u00e9 au conseil, le nouveau porte-parole du Gouvernement, r\u00e9cemment nomm\u00e9 par le Chef de l\u2019Etat, en la personne, du Ministre d\u2019Etat, conseiller sp\u00e9cial du Chef de l\u2019Etat, ministre de l\u2019industrie et des PME, Tibou Kamara. Dr Ibrahima Kassory Fofana a justifi\u00e9 ce choix par l\u2019exp\u00e9rience acquise par le Ministre d\u2019Etat et l\u2019aptitude \u00e0 assumer la charge. Le chef du gouvernement a \u00e9mis le v\u0153u que ce changement contribue \u00e0 relever les d\u00e9fis de communication auquel le Gouvernement se trouve confront\u00e9.<\/p>\n<p>Le Premier Ministre, a, par ailleurs rendu hommage au Ministre d\u2019Etat, ministre de l\u2019enseignement sup\u00e9rieur, Monsieur Aboubacar Sylla, porte-parole sortant du Gouvernement s pour le travail remarquable et \u00e9logieux accompli durant son mandat malgr\u00e9 toutes les difficult\u00e9s et les contraintes de la charge.<\/p>\n<p>Dans la deuxi\u00e8me partie de son intervention, le Premier Ministre, chef du Gouvernement a fait le r\u00e9sum\u00e9 synth\u00e8se de la derni\u00e8re session du conseil interminist\u00e9riel tenu, sous sa pr\u00e9sidence.<\/p>\n<p>Au titre des EXAMENS DE TEXTES<\/p>\n<p>Le ministre de la justice, garde des sceaux a pr\u00e9sent\u00e9 et soumis au conseil les projets de textes et de d\u00e9crets suivants :<\/p>\n<p>\u00d8 De Loi portant cr\u00e9ation, organisation et fonctionnement des juridictions de commerce ;<\/p>\n<p>\u00d8 De D\u00e9cret portant bar\u00e8me des honoraires des mandataires judiciaires dans les proc\u00e9dures collectives d\u2019apurement du passif ;<\/p>\n<p>\u00d8 De D\u00e9cret relatif au statut des mandataires judiciaires pris en application de l\u2019acte uniforme portant organisation des proc\u00e9dures collectives d\u2019apurement du passif ;<\/p>\n<p>\u00d8 De D\u00e9cret portant d\u00e9signation des juridictions comp\u00e9tentes en mati\u00e8re de coop\u00e9ration \u00e9tatique \u00e0 l\u2019arbitrage et \u00e0 la m\u00e9diation ;<\/p>\n<p>\u00d8 De D\u00e9cret portant d\u00e9signation de l\u2019autorit\u00e9 nationale charg\u00e9e d\u2019apposer la formule ex\u00e9cutoire sur les arr\u00eats de la Cour Commune de Justice et d\u2019Arbitrage (CCJA) et les sentences arbitrales ayant re\u00e7u l\u2019exequatur de cette Cour ou, le cas \u00e9ch\u00e9ant, de son Pr\u00e9sident<\/p>\n<p>\u00d8 De la Loi portant cr\u00e9ation, organisation et fonctionnement des juridictions de commerce,<\/p>\n<p>Le Ministre a rappel\u00e9 que le Tribunal de commerce de Conakry cr\u00e9\u00e9 par la Loi L\/ 0033\/2017\/AN du 4 juillet 2017 est soumis aux dispositions de la pr\u00e9sente Loi et est comp\u00e9tent pour conna\u00eetre des litiges commerciaux qui naissent dans la zone sp\u00e9ciale de Conakry.<\/p>\n<p>Il a pr\u00e9cis\u00e9 que les juridictions de commerce sont des juridictions sp\u00e9cialis\u00e9es de premier degr\u00e9 et de second degr\u00e9 d\u00e9nomm\u00e9es respectivement tribunaux de commerce et cours d\u2019appel de commerce pour juger les affaires commerciales, c\u2019est-\u00e0-dire les litiges relatifs aux actes de commerce : achat de marchandises pour les revendre, lettres de change, op\u00e9ration de banque, engagements n\u00e9s \u00e0 l\u2019occasion du commerce.<\/p>\n<p>Entrent \u00e9galement dans la comp\u00e9tence des juridictions de commerce, les litiges concernant les soci\u00e9t\u00e9s commerciales notamment les incidents relatifs \u00e0 la cessation des paiements, redressement et la liquidation judicaires des entreprises, des contestations en mati\u00e8re mini\u00e8re, de transports terrestre, a\u00e9rien et maritime, des contestations en mati\u00e8re de propri\u00e9t\u00e9 industrielle, etc.<\/p>\n<p>Les tribunaux de commerce connaissent, \u00e0 charge d\u2019appel, de toutes les demandes dont le taux du litige est sup\u00e9rieur \u00e0 50.000.000 de francs guin\u00e9ens et en premier et dernier ressort, de toutes les demandes dont le taux du litige n\u2019exc\u00e8de pas 50.000.000 de francs guin\u00e9ens.<\/p>\n<p>Au cours des d\u00e9bats, les observations ont port\u00e9 sur :<\/p>\n<p>\u2013 La n\u00e9cessit\u00e9 de sp\u00e9cifier la comp\u00e9tence territoriale des juridictions de commerce ;<\/p>\n<p>\u2013 La cr\u00e9ation des tribunaux commerciaux dans les autres r\u00e9gions de Guin\u00e9e ;<\/p>\n<p>\u2013 La n\u00e9cessit\u00e9 de donner des moyens de fonctionnement au tribunal de commerce de Conakry et aux cours d\u2019appel ;<\/p>\n<p>\u2013 La n\u00e9cessit\u00e9 de veiller \u00e0 l\u2019application correcte des textes selon le domaine de comp\u00e9tence des diff\u00e9rentes juridictions.<\/p>\n<p>A l\u2019issue des d\u00e9bats et apr\u00e8s toutes les r\u00e9ponses apport\u00e9es par le ministre aux pr\u00e9occupations soulev\u00e9es, le conseil a approuv\u00e9 le projet de texte pr\u00e9sent\u00e9 et apport\u00e9 son soutien au garde des sceaux ainsi qu\u2019il l\u2019a exhort\u00e9 \u00e0 mettre en ouvre rapidement cette r\u00e9forme importante pour l\u2019am\u00e9lioration du climat des affaires.<\/p>\n<p>\u00d8 Du D\u00e9cret portant bar\u00e8me des honoraires des mandataires judiciaires dans les proc\u00e9dures collectives d\u2019apurement du passif ;<\/p>\n<p>Le Ministre a rappel\u00e9 que parmi les Actes uniformes adopt\u00e9s de l\u2019OHADA, il existe celui portant organisation des proc\u00e9dures collectives d\u2019apurement du passif adopt\u00e9 par le conseil des Ministres de l\u2019Organisation, le 10 Septembre 2015 en C\u00f4te d\u2019Ivoire.<\/p>\n<p>Pour assurer une bonne efficacit\u00e9 de cet Acte uniforme, l\u2019OHADA a pr\u00e9vu un certain nombre d\u2019organes notamment les mandataires judiciaires dont le statut et les conditions d\u2019acc\u00e8s \u00e0 ce statut.<\/p>\n<p>Le pr\u00e9sent projet de d\u00e9cret cr\u00e9e la Commission nationale de contr\u00f4le et de supervision des mandataires judiciaires, d\u00e9termine sa composition, son fonctionnement et les mesures disciplinaires des mandataires judiciaires, fixe les r\u00e8gles relatives \u00e0 l\u2019acc\u00e8s et \u00e0 l\u2019exercice de cette fonction ainsi que le bar\u00e8me de r\u00e9mun\u00e9ration des mandataires judiciaires.<\/p>\n<p>Au terme de l\u2019expos\u00e9, l\u2019observation essentielle a port\u00e9 sur l\u2019\u00e9ventualit\u00e9 de fixer les honoraires en pourcentage de la valeur du litige, plut\u00f4t que sur une valeur absolue, pour prendre en compte les effets de l\u2019inflation.<\/p>\n<p>Au terme des discussions, le conseil a adopt\u00e9 le projet de d\u00e9cret soumis \u00e0 son examen.<\/p>\n<p>\u00d8 Du D\u00e9cret relatif au statut des mandataires judiciaires pris en application de l\u2019acte uniforme portant organisation des proc\u00e9dures collectives d\u2019apurement du passif,<\/p>\n<p>Le Ministre a indiqu\u00e9 que le pr\u00e9sent projet de d\u00e9cret fixe la r\u00e9glementation nationale applicable aux mandataires judiciaires dans le cadre du r\u00e8glement pr\u00e9ventif, du redressement judiciaire et de la liquidation des biens pr\u00e9vus par l\u2019Acte uniforme.<\/p>\n<p>Il a pour objet :<\/p>\n<p>\u2013 De pr\u00e9voir les conditions et modalit\u00e9s d\u2019agr\u00e9ment des mandataires judicaires ;<\/p>\n<p>\u2013 De cr\u00e9er l\u2019organe charg\u00e9 de la supervision des mandataires judiciaires et d\u2019en fixer la composition, le fonctionnement et les missions ;<\/p>\n<p>\u2013 D\u2019organiser le contr\u00f4le de l\u2019activit\u00e9 des mandataires judiciaires et les r\u00e8gles disciplinaires qui leur sont applicables.<\/p>\n<p>A la suite de l\u2019expos\u00e9 et des d\u00e9bats qui sont suivi, le projet de d\u00e9cret a re\u00e7u l\u2019approbation du conseil.<\/p>\n<p>\u00d8 Du D\u00e9cret portant d\u00e9signation des juridictions comp\u00e9tentes en mati\u00e8re de coop\u00e9ration \u00e9tatique \u00e0 l\u2019arbitrage et \u00e0 la m\u00e9diation ;<\/p>\n<p>Le Ministre a indiqu\u00e9 que le pr\u00e9sent projet de d\u00e9cret a pour objet la d\u00e9signation des juridictions comp\u00e9tentes en mati\u00e8re de coop\u00e9ration \u00e9tatique \u00e0 l\u2019arbitrage et \u00e0 la m\u00e9diation, particuli\u00e8rement l\u2019arbitrage et la m\u00e9diation ad hoc, conform\u00e9ment aux dispositions du Trait\u00e9 relatif \u00e0 l\u2019harmonisation du droit des affaires en Afrique, \u00e0 l\u2019Acte uniforme relatif au droit de l\u2019arbitrage et \u00e0 l\u2019Acte uniforme relatif \u00e0 la m\u00e9diation.<\/p>\n<p>Ce projet de d\u00e9cret a \u00e9t\u00e9 adopt\u00e9 par le conseil.<\/p>\n<p>\u00d8 Du D\u00e9cret portant d\u00e9signation de l\u2019autorit\u00e9 nationale charg\u00e9e d\u2019apposer la formule ex\u00e9cutoire sur les arr\u00eats de la Cour Commune de Justice et d\u2019Arbitrage (CCJA) et les sentences arbitrales ayant re\u00e7u l\u2019exequatur de cette Cour ou, le cas \u00e9ch\u00e9ant, de son Pr\u00e9sident.<\/p>\n<p>Le Ministre a inform\u00e9 que, la Guin\u00e9e doit d\u00e9signer l\u2019autorit\u00e9 nationale charg\u00e9e de l\u2019apposition de la formule ex\u00e9cutoire telle qu\u2019elle r\u00e9sulte des dispositions des articles 20 du Trait\u00e9 de l\u2019OHADA, 46 du R\u00e8glement de proc\u00e9dure de la CCJA, 31 du R\u00e8glement d\u2019arbitrage de ladite Cour et 32 de l\u2019Acte uniforme relatif au droit de l\u2019arbitrage.<\/p>\n<p>Le projet de D\u00e9cret comporte deux articles, le premier d\u00e9signant le Chef du greffe de la Cour supr\u00eame de Guin\u00e9e aux fins d\u2019apposer la formule ex\u00e9cutoire, le deuxi\u00e8me ayant trait \u00e0 son ex\u00e9cution et le troisi\u00e8me, \u00e0 sa prise d\u2019effet.<\/p>\n<p>Le conseil a d\u00e9cid\u00e9 d\u2019adopter le projet de d\u00e9cret.<\/p>\n<p>Au terme de tous les d\u00e9bats, le conseil a f\u00e9licit\u00e9 le ministre de la justice, garde des sceaux, pour la s\u00e9rie de textes pr\u00e9sent\u00e9s qui viennent combler un vide dans l\u2019arsenal juridique de notre pays et am\u00e9liorer notre position dans le processus du Doing business.<\/p>\n<p>III. AU TITRE DES COMMUNICATIONS<\/p>\n<p>3.1. Le Ministre des Affaires Etrang\u00e8res et des Guin\u00e9ens de l\u2019Etranger a fait une communication relative \u00e0 la pr\u00e9sidence du groupe des 77 et la chine (G-77) par la R\u00e9publique de Guin\u00e9e.<\/p>\n<p>Il a rappel\u00e9 que depuis sa cr\u00e9ation en 1964, le G-77 est devenu la plus vaste coalition de pays, passant de 77 \u00e0 134 Etats membres, repr\u00e9sentant 80% de la population mondiale, environ 2\/3 des membres de l\u2019ONU et pr\u00e8s de 45% de l\u2019\u00e9conomie mondiale. Il demeure aujourd\u2019hui un instrument essentiel de n\u00e9gociation de la diplomatie multilat\u00e9rale \u00e9conomique et pour la promotion de la paix et la justice dans le monde.<\/p>\n<p>Chaque ann\u00e9e, la pr\u00e9sidence du G-77 est exerc\u00e9e par un Etat membre sur la base d\u2019une rotation entre les 3 r\u00e9gions qui le composent : Afrique, Asie-Pacifique, Am\u00e9rique latine et les Cara\u00efbes.<\/p>\n<p>C\u2019est ainsi qu\u2019apr\u00e8s l\u2019endossement de sa candidature par l\u2019Union Africaine en f\u00e9vrier 2020, la R\u00e9publique de Guin\u00e9e a \u00e9t\u00e9 officiellement d\u00e9sign\u00e9e, en novembre de la m\u00eame ann\u00e9e \u00e0 New York, pour assurer cette pr\u00e9sidence en 2021. Il s\u2019agit, \u00e0 la fois, d\u2019un honneur et d\u2019un grand d\u00e9fi \u00e0 l\u2019heure o\u00f9 tous les agendas internationaux sont boulevers\u00e9s par la crise sanitaire li\u00e9e \u00e0 la Covid-19.<\/p>\n<p>Sur le plan organisationnel de la pr\u00e9sidence guin\u00e9enne du G-77 et la Chine, le Ministre a indiqu\u00e9 qu\u2019un dispositif \u00e0 trois niveaux d\u2019activit\u00e9s a \u00e9t\u00e9 mis en place pour accomplir les responsabilit\u00e9s rattach\u00e9es \u00e0 notre pr\u00e9sidence. Il porte sur :<\/p>\n<p>\u2013 les activit\u00e9s du Ministre dans le cadre de la coordination g\u00e9n\u00e9rale de la pr\u00e9sidence, y compris pour la r\u00e9union annuelle des Ministres des Affaires \u00e9trang\u00e8res du G-77 ;<\/p>\n<p>\u2013 les activit\u00e9s des Experts (Personnel de la Mission permanente \u00e0 New York et \u00e9quipe d\u2019appui envoy\u00e9e de Conakry) aupr\u00e8s du Secr\u00e9tariat Ex\u00e9cutif du Groupe et au sein des principales Commissions de l\u2019Assembl\u00e9e g\u00e9n\u00e9rale de l\u2019ONU.<\/p>\n<p>\u2013 les activit\u00e9s de la Commission de suivi mise en place au MAEGE et comprenant les Points focaux des D\u00e9partements sectoriels concern\u00e9s par les sujets \u00e0 l\u2019agenda du G-77.<\/p>\n<p>Parlant du bilan du premier trimestre de la pr\u00e9sidence guin\u00e9enne, la Mission permanente et celles des Experts ont pris part \u00e0 des rencontres. Il s\u2019agit notamment :<\/p>\n<p>\u2013 des consultations avec des Repr\u00e9sentants permanents, Pr\u00e9sidents de Groupes r\u00e9gionaux, Responsables d\u2019Agences, de Commissions et d\u2019Organes des Nations Unies ;<\/p>\n<p>\u2013 des activit\u00e9s au sein de 5 Grandes Commissions de l\u2019Assembl\u00e9e g\u00e9n\u00e9rale de l\u2019ONU.<\/p>\n<p>Au terme de l\u2019expos\u00e9, le conseil a donn\u00e9 son soutien au Ministre pour le succ\u00e8s de la pr\u00e9sidence guin\u00e9enne de cette importante instance des Nations Unies, qui confirme le retour de notre pays au tout premier plan de la sc\u00e8ne internationale.<\/p>\n<p>IV. AU TITRE DES COMPTE RENDUS<\/p>\n<p>4.1. Ministre de la Sant\u00e9 a fait un compte rendu relatif \u00e0 l\u2019\u00e9volution de la riposte \u00e0 la pand\u00e9mie de la Covid-19 et de l\u2019\u00e9pid\u00e9mie d\u2019Ebola en R\u00e9publique de Guin\u00e9e. Si la tendance est \u00e0 l\u2019\u00e9limination de l\u2019\u00e9pid\u00e9mie Ebola, pour la COVID 19, il y a une recrudescence des cas qui nous interpelle tous. Le Gouvernement, pour sa part, met tout en \u0153uvre pour briser la cha\u00eene de contamination et arr\u00eater la propagation de la maladie.<\/p>\n<p>Dans les questions diverses, la nouvelle ministre de la citoyennet\u00e9 et de l\u2019unit\u00e9 nationale, a tenu \u00e0 remercier le chef de l\u2019Etat et \u00e0 lui exprimer sa gratitude pour sa nomination dans le gouvernement. Elle a aussi sollicit\u00e9 et obtenu le soutien du Chef de l\u2019Etat, l\u2019appui du Premier ministre ainsi que la solidarit\u00e9 de tous les ministres pour accomplir, avec succ\u00e8s, sa mission certes difficile mais tr\u00e8s exaltante.<\/p>\n<p><strong>Le Conseil des Ministres<\/strong><\/p>\n<\/div>\n<div class=\"share-post\">\n<ul class=\"flat-social\">\n<li><\/li>\n<\/ul>\n<\/div>\n","protected":false},"excerpt":{"rendered":"<p>La session ordinaire du conseil des ministres s\u2019est tenue ce jeudi 06 mai 2021 de 10h25 \u00e0 12h48, sous la haute autorit\u00e9 de Monsieur le Pr\u00e9sident de la R\u00e9publique, son Excellence, Professeur Alpha Cond\u00e9. Les points suivants \u00e9taient inscrits \u00e0 l\u2019ordre du jour : I) Messages de son Excellence Monsieur le Pr\u00e9sident de la R\u00e9publique [&hellip;]<\/p>\n","protected":false},"author":2,"featured_media":7993,"comment_status":"closed","ping_status":"closed","sticky":false,"template":"","format":"standard","meta":{"footnotes":""},"categories":[57],"tags":[],"class_list":{"0":"post-7992","1":"post","2":"type-post","3":"status-publish","4":"format-standard","5":"has-post-thumbnail","7":"category-politique"},"_links":{"self":[{"href":"https:\/\/conakrynews.org\/index.php\/wp-json\/wp\/v2\/posts\/7992","targetHints":{"allow":["GET"]}}],"collection":[{"href":"https:\/\/conakrynews.org\/index.php\/wp-json\/wp\/v2\/posts"}],"about":[{"href":"https:\/\/conakrynews.org\/index.php\/wp-json\/wp\/v2\/types\/post"}],"author":[{"embeddable":true,"href":"https:\/\/conakrynews.org\/index.php\/wp-json\/wp\/v2\/users\/2"}],"replies":[{"embeddable":true,"href":"https:\/\/conakrynews.org\/index.php\/wp-json\/wp\/v2\/comments?post=7992"}],"version-history":[{"count":0,"href":"https:\/\/conakrynews.org\/index.php\/wp-json\/wp\/v2\/posts\/7992\/revisions"}],"wp:featuredmedia":[{"embeddable":true,"href":"https:\/\/conakrynews.org\/index.php\/wp-json\/wp\/v2\/media\/7993"}],"wp:attachment":[{"href":"https:\/\/conakrynews.org\/index.php\/wp-json\/wp\/v2\/media?parent=7992"}],"wp:term":[{"taxonomy":"category","embeddable":true,"href":"https:\/\/conakrynews.org\/index.php\/wp-json\/wp\/v2\/categories?post=7992"},{"taxonomy":"post_tag","embeddable":true,"href":"https:\/\/conakrynews.org\/index.php\/wp-json\/wp\/v2\/tags?post=7992"}],"curies":[{"name":"wp","href":"https:\/\/api.w.org\/{rel}","templated":true}]}}