{"id":7997,"date":"2021-05-07T15:15:33","date_gmt":"2021-05-07T15:15:33","guid":{"rendered":"https:\/\/conakrynews.org\/?p=7997"},"modified":"2021-05-07T15:20:10","modified_gmt":"2021-05-07T15:20:10","slug":"guinee-actualisation-de-la-reforme-du-secteur-de-la-securite-le-ministre-de-la-defense-echange-avec-le-representant-resident-pnud","status":"publish","type":"post","link":"https:\/\/conakrynews.org\/index.php\/guinee-actualisation-de-la-reforme-du-secteur-de-la-securite-le-ministre-de-la-defense-echange-avec-le-representant-resident-pnud\/","title":{"rendered":"Guin\u00e9e\/Actualisation de la R\u00e9forme du Secteur de la S\u00e9curit\u00e9 : le ministre de la d\u00e9fense \u00e9change avec le Repr\u00e9sentant r\u00e9sident PNUD"},"content":{"rendered":"<h1 class=\"name post-title entry-title\"><img loading=\"lazy\" decoding=\"async\" class=\"alignright size-medium wp-image-8002\" src=\"https:\/\/conakrynews.org\/wp-content\/uploads\/2021\/05\/din-660x330-1-515x258.jpg\" alt=\"\" width=\"515\" height=\"258\" srcset=\"https:\/\/conakrynews.org\/wp-content\/uploads\/2021\/05\/din-660x330-1-515x258.jpg 515w, https:\/\/conakrynews.org\/wp-content\/uploads\/2021\/05\/din-660x330-1.jpg 660w\" sizes=\"auto, (max-width: 515px) 100vw, 515px\" \/><\/h1>\n<div class=\"clear\"><\/div>\n<div class=\"entry\">\n<p>La Salle des R\u00e9unions du Minist\u00e8re de la D\u00e9fense Nationale a abrit\u00e9 dans la matin\u00e9e de ce Vendredi 7 Mai 2021, une importante s\u00e9ance de travail, portant sur la R\u00e9forme du Secteur de la S\u00e9curit\u00e9 (RSS) et sur des questions li\u00e9es \u00e0 la Gouvernance s\u00e9curitaire. Cette rencontre hautement strat\u00e9gique a r\u00e9uni autour de la table, \u00a0le Ministre d\u2019Etat aux Affaires pr\u00e9sidentielles, charg\u00e9 de la D\u00e9fense Nationale, Dr Mohamed Dian\u00e9, entour\u00e9 de tout son Cabinet et le Repr\u00e9sentant r\u00e9sident du PNUD, M. Luc Jo\u00ebl Gr\u00e9goire, accompagn\u00e9 du Repr\u00e9sentant r\u00e9sident adjoint, en charge des Programmes et Op\u00e9rations du PNUD, M. Boureima Younoussa, de l\u2019Economiste principal du PNUD, M. Mohamed Abba et du Charg\u00e9 de Programme Gouvernance S\u00e9curitaire, M. Konsa Camara.<\/p>\n<p>&nbsp;<\/p>\n<p>Les \u00e9changes ont port\u00e9 sur l\u2019actualisation de la R\u00e9forme du Secteur de la S\u00e9curit\u00e9, en fonction du Contexte actuel, la pr\u00e9vision du Budget la Strat\u00e9gie de mobilisation des ressources conform\u00e9ment aux Clauses de l\u2019Accord avec le PNUD, sign\u00e9 le 27 Janvier 2021.<\/p>\n<p>&nbsp;<\/p>\n<p>Cette dynamique a pour objet\u00a0 de renforcer les acquis des structures nationales en charge de la D\u00e9fense et de la s\u00e9curit\u00e9 et de mettre la dimension humaine au centre des pr\u00e9occupations du d\u00e9veloppement. La d\u00e9marche s\u2019inscrit dans le processus de la R\u00e9forme du Secteur de la S\u00e9curit\u00e9, amorc\u00e9 en 2010 et qui a permis entre de mobiliser et r\u00e9organiser les structures nationales de D\u00e9fense et de S\u00e9curit\u00e9 avant de les soumettre \u00e0 l\u2019autorit\u00e9 l\u00e9galement \u00e9tablie.<\/p>\n<p>&nbsp;<\/p>\n<p>Plusieurs autres questions aussi strat\u00e9giques ont \u00e9t\u00e9 \u00e9voqu\u00e9es au cours de la rencontre. Il s\u2019agit entre autres, des perspectives d\u2019\u00e9valuation bimensuelle et la r\u00e9flexion autour de la nouvelle d\u00e9cennie de la R\u00e9forme du Secteur de la S\u00e9curit\u00e9 avec un Programme cadre de r\u00e9f\u00e9rence avec un vision d\u00e9cennale renforc\u00e9e, la pr\u00e9vention de l\u2019extr\u00e9misme et du terroriste, l\u2019am\u00e9lioration de la Chaine p\u00e9nale, la consolidation des acquis de la Police Technique et Scientifique, la protection civile, les innovations adapt\u00e9es avec l\u2019usage des drones dans le cadre de la s\u00e9curit\u00e9 et l\u2019usage des drones dans les domaines professionnels et civils, dans un cadre encadr\u00e9 et r\u00e9glement\u00e9 ainsi les aspects portant sur la pr\u00e9vention et la lutte contre la cybers\u00e9curit\u00e9.<\/p>\n<p>&nbsp;<\/p>\n<p>Le Ministre d\u2019Etat, tr\u00e8s satisfait de cette s\u00e9ance de travail et apr\u00e8s\u00a0<em>avoir remerci\u00e9 le Repr\u00e9sentant R\u00e9sident du PNUD pour son engagement et pour tous les appuis et initiatives envers de la Guin\u00e9e a sollicit\u00e9 l\u2019appui du PNUD dans le cadre de la surveillance des fronti\u00e8res avant de saluer les efforts consentis et l\u2019appui du PNUD dans le cadre de la RSS. En effet, depuis 2011, le PNUD a \u00e9t\u00e9 un partenaire privil\u00e9gi\u00e9 et incontournable pour la mise en place des textes r\u00e9glementaires et la mise en \u0153uvre effective du processus de la RSS. Nous allons entam\u00e9 bient\u00f4t la deuxi\u00e8me g\u00e9n\u00e9ration de la R\u00e9forme et nous sollicitons encore l\u2019accompagnement du PNUD que je remercie vivement au nom du Chef de l\u2019Etat, Chef Supr\u00eame des Forces arm\u00e9es, le Professeur Alpha Cond\u00e9.<\/em><\/p>\n<p>&nbsp;<\/p>\n<p>Le Repr\u00e9sentant r\u00e9sident du PNUD, M. Luc Jo\u00ebl Gr\u00e9goire\u00a0<em>a remerci\u00e9 le Ministre d\u2019Etat pour la confiance accord\u00e9e au PNUD et salu\u00e9 le Bilan \u00e9logieux de la RSS. Nous allons pr\u00e9parer ensemble une nouvelle d\u00e9cennie programmatique de la RSS en renfor\u00e7ant les moyens et les strat\u00e9gies de mobilisation des ressources internes et externes pour accompagner cet exercice. Le PNUD va parall\u00e8lement poursuivre le Plaidoyer aupr\u00e8s des partenaires et soutenir l\u2019organisation de tables-rondes pour la mobilisation des financements. C\u2019est une nouvelle d\u00e9cennie qui s\u2019offre \u00e0 la RSS o\u00f9 la dimension sera renforc\u00e9e, une vision d\u00e9clin\u00e9e sur un certain nombre d\u2019axes strat\u00e9giques, consign\u00e9e dans un Programme cadre que nous allons accompagner.<\/em><\/p>\n<p>&nbsp;<\/p>\n<p><strong>Avec PNUD-Guin\u00e9e<\/strong><\/p>\n<\/div>\n","protected":false},"excerpt":{"rendered":"<p>La Salle des R\u00e9unions du Minist\u00e8re de la D\u00e9fense Nationale a abrit\u00e9 dans la matin\u00e9e de ce Vendredi 7 Mai 2021, une importante s\u00e9ance de travail, portant sur la R\u00e9forme du Secteur de la S\u00e9curit\u00e9 (RSS) et sur des questions li\u00e9es \u00e0 la Gouvernance s\u00e9curitaire. Cette rencontre hautement strat\u00e9gique a r\u00e9uni autour de la table, [&hellip;]<\/p>\n","protected":false},"author":2,"featured_media":8002,"comment_status":"closed","ping_status":"closed","sticky":false,"template":"","format":"standard","meta":{"footnotes":""},"categories":[58],"tags":[],"class_list":{"0":"post-7997","1":"post","2":"type-post","3":"status-publish","4":"format-standard","5":"has-post-thumbnail","7":"category-societe"},"_links":{"self":[{"href":"https:\/\/conakrynews.org\/index.php\/wp-json\/wp\/v2\/posts\/7997","targetHints":{"allow":["GET"]}}],"collection":[{"href":"https:\/\/conakrynews.org\/index.php\/wp-json\/wp\/v2\/posts"}],"about":[{"href":"https:\/\/conakrynews.org\/index.php\/wp-json\/wp\/v2\/types\/post"}],"author":[{"embeddable":true,"href":"https:\/\/conakrynews.org\/index.php\/wp-json\/wp\/v2\/users\/2"}],"replies":[{"embeddable":true,"href":"https:\/\/conakrynews.org\/index.php\/wp-json\/wp\/v2\/comments?post=7997"}],"version-history":[{"count":0,"href":"https:\/\/conakrynews.org\/index.php\/wp-json\/wp\/v2\/posts\/7997\/revisions"}],"wp:featuredmedia":[{"embeddable":true,"href":"https:\/\/conakrynews.org\/index.php\/wp-json\/wp\/v2\/media\/8002"}],"wp:attachment":[{"href":"https:\/\/conakrynews.org\/index.php\/wp-json\/wp\/v2\/media?parent=7997"}],"wp:term":[{"taxonomy":"category","embeddable":true,"href":"https:\/\/conakrynews.org\/index.php\/wp-json\/wp\/v2\/categories?post=7997"},{"taxonomy":"post_tag","embeddable":true,"href":"https:\/\/conakrynews.org\/index.php\/wp-json\/wp\/v2\/tags?post=7997"}],"curies":[{"name":"wp","href":"https:\/\/api.w.org\/{rel}","templated":true}]}}