{"id":8005,"date":"2021-05-07T15:27:39","date_gmt":"2021-05-07T15:27:39","guid":{"rendered":"https:\/\/conakrynews.org\/?p=8005"},"modified":"2021-05-07T15:28:55","modified_gmt":"2021-05-07T15:28:55","slug":"guinee-ramadan-la-journee-du-lundi-10-mai-prochain-declaree-feriee-chomee-et-payee-sur-toute-lentendue-du-territoire-national","status":"publish","type":"post","link":"https:\/\/conakrynews.org\/index.php\/guinee-ramadan-la-journee-du-lundi-10-mai-prochain-declaree-feriee-chomee-et-payee-sur-toute-lentendue-du-territoire-national\/","title":{"rendered":"Guin\u00e9e\/Ramadan: La journ\u00e9e du lundi 10 mai prochain, d\u00e9clar\u00e9e f\u00e9ri\u00e9e, ch\u00f4m\u00e9e et pay\u00e9e sur toute l\u2019entendue du territoire national"},"content":{"rendered":"<h1 class=\"name post-title entry-title\"><img loading=\"lazy\" decoding=\"async\" class=\"alignright size-medium wp-image-8006\" src=\"https:\/\/conakrynews.org\/wp-content\/uploads\/2021\/05\/DR-MAMADOU-BALLO-MINISTRE-FONCTION-PUBLIQUE-660x330-1-515x258.jpg\" alt=\"\" width=\"515\" height=\"258\" srcset=\"https:\/\/conakrynews.org\/wp-content\/uploads\/2021\/05\/DR-MAMADOU-BALLO-MINISTRE-FONCTION-PUBLIQUE-660x330-1-515x258.jpg 515w, https:\/\/conakrynews.org\/wp-content\/uploads\/2021\/05\/DR-MAMADOU-BALLO-MINISTRE-FONCTION-PUBLIQUE-660x330-1.jpg 660w\" sizes=\"auto, (max-width: 515px) 100vw, 515px\" \/><\/h1>\n<div class=\"clear\"><\/div>\n<div class=\"entry\">\n<p>Dans un communiqu\u00e9 publi\u00e9 dans la soir\u00e9e du jeudi\u00a0 mai 2021, le minist\u00e8re de la fonction publique et travail a annonc\u00e9 que la journ\u00e9e du lundi \u00a0\u00a0mai\u00a0 prochain, qui co\u00efncide au surlendemain de la nuit de\u00a0<strong>La\u00efla toul ghadr<\/strong>, est d\u00e9clar\u00e9e f\u00e9ri\u00e9e, ch\u00f4m\u00e9e et pay\u00e9e sur toute l\u2019entendue du territoire national.<\/p>\n<p><strong>Voici la copie dudit communiqu\u00e9 \u00a0<\/strong><\/p>\n<p><img loading=\"lazy\" decoding=\"async\" class=\"alignnone size-medium wp-image-15917 tie-appear\" src=\"https:\/\/www.guineequotidien.com\/wp-content\/uploads\/2021\/05\/comm-190x300.jpg\" alt=\"\" width=\"190\" height=\"300\" \/><\/p>\n<\/div>\n","protected":false},"excerpt":{"rendered":"<p>Dans un communiqu\u00e9 publi\u00e9 dans la soir\u00e9e du jeudi\u00a0 mai 2021, le minist\u00e8re de la fonction publique et travail a annonc\u00e9 que la journ\u00e9e du lundi \u00a0\u00a0mai\u00a0 prochain, qui co\u00efncide au surlendemain de la nuit de\u00a0La\u00efla toul ghadr, est d\u00e9clar\u00e9e f\u00e9ri\u00e9e, ch\u00f4m\u00e9e et pay\u00e9e sur toute l\u2019entendue du territoire national. Voici la copie dudit communiqu\u00e9 [&hellip;]<\/p>\n","protected":false},"author":2,"featured_media":8008,"comment_status":"closed","ping_status":"closed","sticky":false,"template":"","format":"standard","meta":{"footnotes":""},"categories":[58],"tags":[],"class_list":{"0":"post-8005","1":"post","2":"type-post","3":"status-publish","4":"format-standard","5":"has-post-thumbnail","7":"category-societe"},"_links":{"self":[{"href":"https:\/\/conakrynews.org\/index.php\/wp-json\/wp\/v2\/posts\/8005","targetHints":{"allow":["GET"]}}],"collection":[{"href":"https:\/\/conakrynews.org\/index.php\/wp-json\/wp\/v2\/posts"}],"about":[{"href":"https:\/\/conakrynews.org\/index.php\/wp-json\/wp\/v2\/types\/post"}],"author":[{"embeddable":true,"href":"https:\/\/conakrynews.org\/index.php\/wp-json\/wp\/v2\/users\/2"}],"replies":[{"embeddable":true,"href":"https:\/\/conakrynews.org\/index.php\/wp-json\/wp\/v2\/comments?post=8005"}],"version-history":[{"count":0,"href":"https:\/\/conakrynews.org\/index.php\/wp-json\/wp\/v2\/posts\/8005\/revisions"}],"wp:featuredmedia":[{"embeddable":true,"href":"https:\/\/conakrynews.org\/index.php\/wp-json\/wp\/v2\/media\/8008"}],"wp:attachment":[{"href":"https:\/\/conakrynews.org\/index.php\/wp-json\/wp\/v2\/media?parent=8005"}],"wp:term":[{"taxonomy":"category","embeddable":true,"href":"https:\/\/conakrynews.org\/index.php\/wp-json\/wp\/v2\/categories?post=8005"},{"taxonomy":"post_tag","embeddable":true,"href":"https:\/\/conakrynews.org\/index.php\/wp-json\/wp\/v2\/tags?post=8005"}],"curies":[{"name":"wp","href":"https:\/\/api.w.org\/{rel}","templated":true}]}}