{"id":8011,"date":"2021-05-07T16:15:04","date_gmt":"2021-05-07T16:15:04","guid":{"rendered":"https:\/\/conakrynews.org\/?p=8011"},"modified":"2021-05-07T16:15:49","modified_gmt":"2021-05-07T16:15:49","slug":"des-exiles-pro-gbagbo-de-retour-en-cote-divoire-recus-par-le-ministre-de-la-reco","status":"publish","type":"post","link":"https:\/\/conakrynews.org\/index.php\/des-exiles-pro-gbagbo-de-retour-en-cote-divoire-recus-par-le-ministre-de-la-reco\/","title":{"rendered":"Des exil\u00e9s pro-Gbagbo de retour en C\u00f4te d\u2019Ivoire re\u00e7us par le ministre de la R\u00e9co"},"content":{"rendered":"<div class=\"td-post-header\">\n<header class=\"td-post-title\">\n<h1 class=\"entry-title\"><img loading=\"lazy\" decoding=\"async\" class=\"alignright size-medium wp-image-8012\" src=\"https:\/\/conakrynews.org\/wp-content\/uploads\/2021\/05\/2011_CDI_Gbagbo-272x375.jpg\" alt=\"\" width=\"272\" height=\"375\" srcset=\"https:\/\/conakrynews.org\/wp-content\/uploads\/2021\/05\/2011_CDI_Gbagbo-272x375.jpg 272w, https:\/\/conakrynews.org\/wp-content\/uploads\/2021\/05\/2011_CDI_Gbagbo.jpg 477w\" sizes=\"auto, (max-width: 272px) 100vw, 272px\" \/><\/h1>\n<div class=\"td-module-meta-info\">\n<div class=\"td-post-author-name\">\n<div class=\"td-author-by\"><\/div>\n<\/div>\n<\/div>\n<\/header>\n<\/div>\n<div class=\"td-post-sharing td-post-sharing-top \">\n<div class=\"td-default-sharing\"><i class=\"td-icon-facebook\"><\/i>\u00a0<i class=\"td-icon-twitter\"><\/i>\u00a0<i class=\"td-icon-googleplus\"><\/i>\u00a0<i class=\"td-icon-pinterest\"><\/i>\u00a0<i class=\"td-icon-whatsapp\"><\/i><\/div>\n<\/div>\n<div class=\"td-post-content\">\n<div class=\"td-post-featured-image\"><\/div>\n<div class=\"post-header post-tp-1-header\">\n<h1 class=\"single-post-title\"><\/h1>\n<\/div>\n<div class=\"entry-content clearfix single-post-content\">\n<p>&nbsp;<\/p>\n<p>&nbsp;<\/p>\n<p>Le ministre de la R\u00e9conciliation Kouadio Konan Bertin a re\u00e7u ce jeudi matin une d\u00e9l\u00e9gation des exil\u00e9s pro-Gbagbo, rentr\u00e9s du Ghana il y a quelques jours apr\u00e8s 10 ans d\u2019exil. Un retour qui pr\u00e9figure celui de leur chef Laurent Gbagbo.<\/p>\n<div class=\"uptslfeaj uptslfeaj-clearfix uptslfeaj-post-inline uptslfeaj-float-right uptslfeaj-align-right uptslfeaj-column-1\">\n<div id=\"uptslfeaj-48074-315152953\" class=\"uptslfeaj-container uptslfeaj-type-custom_code \"><\/div>\n<\/div>\n<p>Porte-parole de Laurent Gbagbo, Justin Kon\u00e9 Katinan conduisait cette d\u00e9l\u00e9gation compos\u00e9e notamment de Jeannette Koudou, la s\u0153ur de l\u2019ancien pr\u00e9sident, ou encore de Damana Pickass vice-pr\u00e9sident du FPI GOR. Des exil\u00e9s de retour du Ghana pour pr\u00e9parer le retour de leur leader, venus ici remercier le pouvoir pour le processus engag\u00e9.<\/p>\n<div class=\"uptslfeaj uptslfeaj-clearfix uptslfeaj-post-inline uptslfeaj-float-center uptslfeaj-align-center uptslfeaj-column-1\">\n<div id=\"uptslfeaj-48074-2076201016\" class=\"uptslfeaj-container uptslfeaj-type-custom_code \"><\/div>\n<\/div>\n<p>\u00ab\u00a0<em>Le 31 mars, le pr\u00e9sident Laurent Gbagbo \u00e9tait d\u00e9finitivement acquitt\u00e9, et nous avons \u00e9t\u00e9 heureux du discours qu\u2019a prononc\u00e9 le chef de l\u2019\u00c9tat dans la semaine qui a suivi et dans lequel il disposait son gouvernement \u00e0 faciliter le retour de Laurent Gbagbo. Et donc nous sommes venus dans l\u2019esprit de paix et de r\u00e9conciliation participer \u00e0 ce processus qui, pour nous, avec l\u2019arriv\u00e9e du pr\u00e9sident Laurent Gbagbo, va constituer un pas de g\u00e9ant vers la r\u00e9conciliation. Nous savons que les c\u0153urs sont saignants de part et d\u2019autre, c\u2019est pourquoi nous devons c\u00e9l\u00e9brer cette victoire avec modestie.<\/em>\u00a0\u00bb<\/p>\n<div class=\"uptslfeaj uptslfeaj-clearfix uptslfeaj-post-inline uptslfeaj-float-center uptslfeaj-align-center uptslfeaj-column-1\">\n<div id=\"uptslfeaj-48074-1754703017\" class=\"uptslfeaj-container uptslfeaj-type-custom_code \"><\/div>\n<\/div>\n<div class=\"uptslfeaj uptslfeaj-clearfix uptslfeaj-post-middle uptslfeaj-float-center uptslfeaj-align-center uptslfeaj-column-1\">\n<div id=\"uptslfeaj-48074-1022945892\" class=\"uptslfeaj-container uptslfeaj-type-custom_code \"><\/div>\n<\/div>\n<div id=\"tms-ad-inread-9633649164802454\" class=\"tms-ad\">\n<div id=\"divVideoStepAdBottom\" class=\"divVideoStep\">\n<p>Kouadio Konan Bertin, ministre de la R\u00e9conciliation. \u00ab\u00a0<em>Ce que je voudrais que l\u2019on retienne, c\u2019est la noblesse de l\u2019acte que posent nos fr\u00e8res. Au nom du gouvernement, je voudrais donc leur dire bon retour au pays, bon retour au bercail. Nous sommes tous heureux que vous soyez revenus.<\/em>\u00a0\u00bb<\/p>\n<p>\u00c0 la rituelle question sur la date du retour de Laurent Gbagbo, aucun des protagonistes n\u2019a \u00e9t\u00e9 en mesure de r\u00e9pondre, se bornant \u00e0 r\u00e9p\u00e9ter qu\u2019elle ne sera annonc\u00e9e qu\u2019une fois toutes les modalit\u00e9s du retour r\u00e9gl\u00e9es.<\/p>\n<p>Avec RFI<\/p>\n<\/div>\n<\/div>\n<\/div>\n<\/div>\n","protected":false},"excerpt":{"rendered":"<p>\u00a0\u00a0\u00a0\u00a0 &nbsp; &nbsp; Le ministre de la R\u00e9conciliation Kouadio Konan Bertin a re\u00e7u ce jeudi matin une d\u00e9l\u00e9gation des exil\u00e9s pro-Gbagbo, rentr\u00e9s du Ghana il y a quelques jours apr\u00e8s 10 ans d\u2019exil. Un retour qui pr\u00e9figure celui de leur chef Laurent Gbagbo. Porte-parole de Laurent Gbagbo, Justin Kon\u00e9 Katinan conduisait cette d\u00e9l\u00e9gation compos\u00e9e notamment [&hellip;]<\/p>\n","protected":false},"author":2,"featured_media":8012,"comment_status":"closed","ping_status":"closed","sticky":false,"template":"","format":"standard","meta":{"footnotes":""},"categories":[57],"tags":[],"class_list":{"0":"post-8011","1":"post","2":"type-post","3":"status-publish","4":"format-standard","5":"has-post-thumbnail","7":"category-politique"},"_links":{"self":[{"href":"https:\/\/conakrynews.org\/index.php\/wp-json\/wp\/v2\/posts\/8011","targetHints":{"allow":["GET"]}}],"collection":[{"href":"https:\/\/conakrynews.org\/index.php\/wp-json\/wp\/v2\/posts"}],"about":[{"href":"https:\/\/conakrynews.org\/index.php\/wp-json\/wp\/v2\/types\/post"}],"author":[{"embeddable":true,"href":"https:\/\/conakrynews.org\/index.php\/wp-json\/wp\/v2\/users\/2"}],"replies":[{"embeddable":true,"href":"https:\/\/conakrynews.org\/index.php\/wp-json\/wp\/v2\/comments?post=8011"}],"version-history":[{"count":0,"href":"https:\/\/conakrynews.org\/index.php\/wp-json\/wp\/v2\/posts\/8011\/revisions"}],"wp:featuredmedia":[{"embeddable":true,"href":"https:\/\/conakrynews.org\/index.php\/wp-json\/wp\/v2\/media\/8012"}],"wp:attachment":[{"href":"https:\/\/conakrynews.org\/index.php\/wp-json\/wp\/v2\/media?parent=8011"}],"wp:term":[{"taxonomy":"category","embeddable":true,"href":"https:\/\/conakrynews.org\/index.php\/wp-json\/wp\/v2\/categories?post=8011"},{"taxonomy":"post_tag","embeddable":true,"href":"https:\/\/conakrynews.org\/index.php\/wp-json\/wp\/v2\/tags?post=8011"}],"curies":[{"name":"wp","href":"https:\/\/api.w.org\/{rel}","templated":true}]}}