{"id":8027,"date":"2021-05-07T20:22:49","date_gmt":"2021-05-07T20:22:49","guid":{"rendered":"https:\/\/conakrynews.org\/?p=8027"},"modified":"2021-05-07T20:22:49","modified_gmt":"2021-05-07T20:22:49","slug":"guineeun-enfant-kidnappe-a-conakry-reussi-a-sechapper-a-dogomet","status":"publish","type":"post","link":"https:\/\/conakrynews.org\/index.php\/guineeun-enfant-kidnappe-a-conakry-reussi-a-sechapper-a-dogomet\/","title":{"rendered":"Guin\u00e9\u00e9:Un enfant Kidnapp\u00e9 \u00e0 Conakry r\u00e9ussi \u00e0 s&rsquo;\u00e9chapper  \u00e0 Dogomet"},"content":{"rendered":"<p><strong>Alseny Camara, \u00e9l\u00e8ve de la 2\u00e8me Ann\u00e9e \u00e0 l\u2019\u00e9cole primaire priv\u00e9e Baba Camara de Bonfi \u00e0 Conakry , fils de Boubacar et de Fatime Cont\u00e9, r\u00e9sidants au quartier Bonfi, se serait \u00e9chapp\u00e9 des mains de ses ravisseurs \u00e0 kambaya dans la sous-pr\u00e9fecture de Dogomet en partance vers le chef-lieu de la pr\u00e9fecture de Dabola en Haute Guin\u00e9e.<\/strong><\/p>\n<p>Selon le sous-pr\u00e9fet de Saramoussaya , Toumany Tundila Diallo, les ravisseurs du kidnapp\u00e9 auraient gar\u00e9 la voiture. Ils ont fait descendre la vitre d\u2019un c\u00f4t\u00e9 o\u00f9 l\u2019enfant se serait \u00e9chapp\u00e9 et a pris la direction de Saramoussaya, localit\u00e9 situ\u00e9e \u00e0 85 kilom\u00e8tres du chef-lieu de la pr\u00e9fecture de Mamou sur la nationale Mamou-Dabola.<\/p>\n<p>\u00ab Sur le chemin, Dieu faisant , il aurait signal\u00e9 un motard qui l\u2019aurait d\u00e9pos\u00e9 \u00e0 kobilato o\u00f9 le pr\u00e9sident du District de Fod\u00e9 Hadji m\u2019a rendu compte aussit\u00f4t, j\u2019ai envoy\u00e9 le commissaire de police de Saramoussaya qui est parti chercher l\u2019enfant . \u00c0 mon tour jai rendu compte au pr\u00e9fet\u00bb, a-t-il dit.<\/p>\n<p><strong>Alpha Sylla pour bcmedia.org<img loading=\"lazy\" decoding=\"async\" class=\"alignright size-medium wp-image-8028\" src=\"https:\/\/conakrynews.org\/wp-content\/uploads\/2021\/05\/FB_IMG_1619996493990-412x375.jpg\" alt=\"\" width=\"412\" height=\"375\" srcset=\"https:\/\/conakrynews.org\/wp-content\/uploads\/2021\/05\/FB_IMG_1619996493990-412x375.jpg 412w, https:\/\/conakrynews.org\/wp-content\/uploads\/2021\/05\/FB_IMG_1619996493990.jpg 480w\" sizes=\"auto, (max-width: 412px) 100vw, 412px\" \/><\/strong><\/p>\n","protected":false},"excerpt":{"rendered":"<p>Alseny Camara, \u00e9l\u00e8ve de la 2\u00e8me Ann\u00e9e \u00e0 l\u2019\u00e9cole primaire priv\u00e9e Baba Camara de Bonfi \u00e0 Conakry , fils de Boubacar et de Fatime Cont\u00e9, r\u00e9sidants au quartier Bonfi, se serait \u00e9chapp\u00e9 des mains de ses ravisseurs \u00e0 kambaya dans la sous-pr\u00e9fecture de Dogomet en partance vers le chef-lieu de la pr\u00e9fecture de Dabola en [&hellip;]<\/p>\n","protected":false},"author":2,"featured_media":8028,"comment_status":"closed","ping_status":"closed","sticky":false,"template":"","format":"standard","meta":{"footnotes":""},"categories":[58],"tags":[],"class_list":{"0":"post-8027","1":"post","2":"type-post","3":"status-publish","4":"format-standard","5":"has-post-thumbnail","7":"category-societe"},"_links":{"self":[{"href":"https:\/\/conakrynews.org\/index.php\/wp-json\/wp\/v2\/posts\/8027","targetHints":{"allow":["GET"]}}],"collection":[{"href":"https:\/\/conakrynews.org\/index.php\/wp-json\/wp\/v2\/posts"}],"about":[{"href":"https:\/\/conakrynews.org\/index.php\/wp-json\/wp\/v2\/types\/post"}],"author":[{"embeddable":true,"href":"https:\/\/conakrynews.org\/index.php\/wp-json\/wp\/v2\/users\/2"}],"replies":[{"embeddable":true,"href":"https:\/\/conakrynews.org\/index.php\/wp-json\/wp\/v2\/comments?post=8027"}],"version-history":[{"count":0,"href":"https:\/\/conakrynews.org\/index.php\/wp-json\/wp\/v2\/posts\/8027\/revisions"}],"wp:featuredmedia":[{"embeddable":true,"href":"https:\/\/conakrynews.org\/index.php\/wp-json\/wp\/v2\/media\/8028"}],"wp:attachment":[{"href":"https:\/\/conakrynews.org\/index.php\/wp-json\/wp\/v2\/media?parent=8027"}],"wp:term":[{"taxonomy":"category","embeddable":true,"href":"https:\/\/conakrynews.org\/index.php\/wp-json\/wp\/v2\/categories?post=8027"},{"taxonomy":"post_tag","embeddable":true,"href":"https:\/\/conakrynews.org\/index.php\/wp-json\/wp\/v2\/tags?post=8027"}],"curies":[{"name":"wp","href":"https:\/\/api.w.org\/{rel}","templated":true}]}}