{"id":8047,"date":"2021-05-08T13:37:35","date_gmt":"2021-05-08T13:37:35","guid":{"rendered":"https:\/\/conakrynews.org\/2021\/05\/08\/3-ans-apres-lentree-en-application-du-rgpd-les-entreprises-face-au-defi-de-la-gouvernance-des-donnees-acteurs-du-franco-allemand\/"},"modified":"2021-05-08T13:37:37","modified_gmt":"2021-05-08T13:37:37","slug":"3-ans-apres-lentree-en-application-du-rgpd-les-entreprises-face-au-defi-de-la-gouvernance-des-donnees-acteurs-du-franco-allemand","status":"publish","type":"post","link":"https:\/\/conakrynews.org\/index.php\/3-ans-apres-lentree-en-application-du-rgpd-les-entreprises-face-au-defi-de-la-gouvernance-des-donnees-acteurs-du-franco-allemand\/","title":{"rendered":"\u00ab 3 ans apr\u00e8s l\u2019entr\u00e9e en application du RGPD, les entreprises face au d\u00e9fi de la gouvernance des donn\u00e9es \u00bb \u2013 Acteurs du franco-allemand"},"content":{"rendered":"<p><\/p>\n<div itemprop=\"articleBody\">\n<p class=\"p1\"><strong>Die Europ\u00e4ische Datenschutzgrundverordnung (DSGVO), die am 25. Mai 2018 anwendbar ist, hat bei den europ\u00e4ischen Unternehmen viele Fragen aufgeworfen, die sich nach und nach daran halten. Welche Bilanz f\u00fcr den Datenschutz in Europa und welche Herausforderungen f\u00fcr deutsche und franz\u00f6sische Unternehmen? Catherine Stary ist in Paris als Anw\u00e4ltin zugelassen und in der Kanzlei GGV Avocats Rechtsanw\u00e4lte als Counsel t\u00e4tig. F\u00fcr Deutsch-franz\u00f6sische Akteure stellt die Spezialistin f\u00fcr Datenschutz im deutsch-franz\u00f6sischen Rechtsverkehr den Stand der Dinge dar. Interview<\/strong><\/p>\n<figure id=\"attachment_2380\" style=\"width: 515px\" class=\"wp-caption aligncenter\"><figcaption class=\"wp-caption-text\"><span style=\"font-size: 10pt;\">Catherine Stary est avocate au barreau de Paris, certifi\u00e9e CIPP-E. Elle exerce au sein du cabinet GGV Avocats Rechtsanw\u00e4lte comme Counsel et est en charge du p\u00f4le protection des donn\u00e9es et IP\/IT du cabinet. A ce titre elle conseille et accompagne \u2013 notamment comme DPO externe \u2013 diff\u00e9rentes entreprises allemandes ayant une activit\u00e9 en France, dont notamment la soci\u00e9t\u00e9 Lidl France.<\/span><br \/><span style=\"font-size: 10pt;\">Cr\u00e9dit : \u00a9 GGV<\/span><\/figcaption><\/figure>\n<p class=\"p1\"><span style=\"color: #ff0000;\"><strong>Le RGPD aura trois ans le 25 mai 2021. Quel bilan dressez-vous de ces 3 derni\u00e8res ann\u00e9es en mati\u00e8re de protection des donn\u00e9es ?<\/strong> <\/span><\/p>\n<p class=\"p1\">L\u2019entr\u00e9e en application du RGPD en mai 2018 a marqu\u00e9 le d\u00e9but d\u2019une nouvelle \u00e8re. Jusque-l\u00e0, les probl\u00e9matiques li\u00e9es \u00e0 la protection des donn\u00e9es \u00e0 caract\u00e8re personnel semblaient r\u00e9serv\u00e9es \u00e0 un cercle d\u2019initi\u00e9s. Depuis 2018, l\u2019opinion publique s\u2019est saisie du sujet et il n\u2019est pas rare que la presse rende compte d\u2019affaires impliquant des donn\u00e9es \u00e0 caract\u00e8re personnel.<\/p>\n<p class=\"p2\">La forte m\u00e9diatisation associ\u00e9e \u00e0 un travail men\u00e9 par toutes les parties prenantes (associations professionnelles, autorit\u00e9s de contr\u00f4le, pouvoirs publics, professionnels de la conformit\u00e9) ont contribu\u00e9 \u00e0 ce que l\u2019opinion publique mais aussi les entreprises prennent conscience de l\u2019existence d\u2019une r\u00e8glementation relative \u00e0 la protection des donn\u00e9es personnelles.<\/p>\n<p class=\"p2\">Cette prise de conscience s\u2019est traduite tout d\u2019abord par une forte hausse du nombre de plaintes aupr\u00e8s de l\u2019autorit\u00e9 de contr\u00f4le fran\u00e7aise \u2013 la CNIL. Celles-ci sont ainsi pass\u00e9es de 8300 en 2017 \u00e0 pr\u00e8s de 14100 en 2019. De m\u00eame, les individus exercent de plus en plus leurs droits vis-\u00e0-vis des entreprises. Ainsi, le nombre de demandes d\u2019exercice de droits, par lesquelles des salari\u00e9s ou anciens salari\u00e9s, mais aussi des clients demandent \u00e0 obtenir une copie de toutes les donn\u00e9es les concernant sont en hausse\u2026<\/p>\n<p class=\"p2\"><a href=\"https:\/\/www.acteursdufrancoallemand.com\/boutique\/\">Pour lire la suite, abonnez-vous ici<\/a><\/p>\n<\/p><\/div>\n<p><a href=\"https:\/\/www.acteursdufrancoallemand.com\/3-ans-apres-lentree-en-application-du-rgpd-les-entreprises-face-au-defi-de-la-gouvernance-des-donnees\/?utm_source=rss&#038;utm_medium=rss&#038;utm_campaign=3-ans-apres-lentree-en-application-du-rgpd-les-entreprises-face-au-defi-de-la-gouvernance-des-donnees\">Source link <\/a><\/p>\n","protected":false},"excerpt":{"rendered":"<p>Die Europ\u00e4ische Datenschutzgrundverordnung (DSGVO), die am 25. Mai 2018 anwendbar ist, hat bei den europ\u00e4ischen Unternehmen viele Fragen aufgeworfen, die sich nach und nach daran halten. Welche Bilanz f\u00fcr den Datenschutz in Europa und welche Herausforderungen f\u00fcr deutsche und franz\u00f6sische Unternehmen? Catherine Stary ist in Paris als Anw\u00e4ltin zugelassen und in der Kanzlei GGV Avocats [&hellip;]<\/p>\n","protected":false},"author":1,"featured_media":8048,"comment_status":"closed","ping_status":"closed","sticky":false,"template":"","format":"standard","meta":{"footnotes":""},"categories":[58],"tags":[],"class_list":{"0":"post-8047","1":"post","2":"type-post","3":"status-publish","4":"format-standard","5":"has-post-thumbnail","7":"category-societe"},"_links":{"self":[{"href":"https:\/\/conakrynews.org\/index.php\/wp-json\/wp\/v2\/posts\/8047","targetHints":{"allow":["GET"]}}],"collection":[{"href":"https:\/\/conakrynews.org\/index.php\/wp-json\/wp\/v2\/posts"}],"about":[{"href":"https:\/\/conakrynews.org\/index.php\/wp-json\/wp\/v2\/types\/post"}],"author":[{"embeddable":true,"href":"https:\/\/conakrynews.org\/index.php\/wp-json\/wp\/v2\/users\/1"}],"replies":[{"embeddable":true,"href":"https:\/\/conakrynews.org\/index.php\/wp-json\/wp\/v2\/comments?post=8047"}],"version-history":[{"count":0,"href":"https:\/\/conakrynews.org\/index.php\/wp-json\/wp\/v2\/posts\/8047\/revisions"}],"wp:featuredmedia":[{"embeddable":true,"href":"https:\/\/conakrynews.org\/index.php\/wp-json\/wp\/v2\/media\/8048"}],"wp:attachment":[{"href":"https:\/\/conakrynews.org\/index.php\/wp-json\/wp\/v2\/media?parent=8047"}],"wp:term":[{"taxonomy":"category","embeddable":true,"href":"https:\/\/conakrynews.org\/index.php\/wp-json\/wp\/v2\/categories?post=8047"},{"taxonomy":"post_tag","embeddable":true,"href":"https:\/\/conakrynews.org\/index.php\/wp-json\/wp\/v2\/tags?post=8047"}],"curies":[{"name":"wp","href":"https:\/\/api.w.org\/{rel}","templated":true}]}}