{"id":8071,"date":"2021-05-09T01:39:42","date_gmt":"2021-05-09T01:39:42","guid":{"rendered":"https:\/\/conakrynews.org\/2021\/05\/09\/la-libye-appelle-la-communaute-internationale-a-assumer-ses-responsabilites-pour-proteger-le-peuple-palestinien\/"},"modified":"2021-05-09T01:39:43","modified_gmt":"2021-05-09T01:39:43","slug":"la-libye-appelle-la-communaute-internationale-a-assumer-ses-responsabilites-pour-proteger-le-peuple-palestinien","status":"publish","type":"post","link":"https:\/\/conakrynews.org\/index.php\/la-libye-appelle-la-communaute-internationale-a-assumer-ses-responsabilites-pour-proteger-le-peuple-palestinien\/","title":{"rendered":"La Libye appelle la communaut\u00e9 internationale \u00e0 assumer ses responsabilit\u00e9s pour prot\u00e9ger le peuple palestinien"},"content":{"rendered":"<p><\/p>\n<div>\n<p>AA \/ Tripoli<\/p>\n<p>Le minist\u00e8re libyen des Affaires \u00e9trang\u00e8res a condamn\u00e9 les attaques perp\u00e9tr\u00e9es contre les fid\u00e8les \u00e0 la mosqu\u00e9e Al-Aqsa par les forces de l&rsquo;occupation isra\u00e9lienne et a appel\u00e9 la communaut\u00e9 internationale \u00e0 assumer ses responsabilit\u00e9s pour prot\u00e9ger le peuple palestinien.<\/p>\n<p>Le minist\u00e8re a d\u00e9clar\u00e9, dans un communiqu\u00e9 rendu public samedi : \u00ab\u00a0La Libye condamne la prise d&rsquo;assaut de la mosqu\u00e9e Al-Aqsa par les forces d&rsquo;occupation et l&rsquo;agression faites aux fid\u00e8les Palestiniens qui accomplissaient leurs rites religieux, pendant le mois saint du Ramadan.\u00a0\u00bb<\/p>\n<p>\u00ab\u00a0La Libye condamne \u00e9galement les pratiques des autorit\u00e9s d&rsquo;occupation relatives au d\u00e9placement forc\u00e9 des familles palestiniennes, de la ville de J\u00e9rusalem\u00a0\u00bb, indique le communiqu\u00e9.<\/p>\n<p>La Libye a, de ce fait, averti que ces \u00e9v\u00e8nements constituaient, non seulement, une provocation aux sentiments des Musulmans dans le monde mais, une violation flagrante du droit international et international humanitaire, et a ajout\u00e9 qu&rsquo;ils mena\u00e7aient la vie des citoyens palestiniens et entravaient la possibilit\u00e9 de parvenir \u00e0 une paix juste et globale dans la r\u00e9gion.<\/p>\n<p>La Libye a \u00e9galement appel\u00e9 la communaut\u00e9 internationale \u00e0 assumer ses responsabilit\u00e9s juridiques et morales en mati\u00e8re de protection du peuple palestinien et de pr\u00e9servation de la pratique des rituels religieux, des \u00e9tablissements historiques et des lieux de culte des Musulmans et des Chr\u00e9tiens, sur les terres palestiniennes occup\u00e9es, selon le m\u00eame communiqu\u00e9.<\/p>\n<p>La ville de J\u00e9rusalem vit, depuis le d\u00e9but du Ramadan, des tensions attis\u00e9es par les forces de la police isra\u00e9lienne et les colons, notamment dans les quartiers de \u00ab\u00a0Bab al-Amoud\u00a0\u00bb et de \u00ab\u00a0Sheikh Jarrah\u00a0\u00bb.<\/p>\n<p>La mosqu\u00e9e Al-Aqsa avait \u00e9t\u00e9 attaqu\u00e9e, vendredi et samedi, par les forces isra\u00e9liennes, qui avaient tir\u00e9 des balles en caoutchouc, des gaz lacrymog\u00e8nes et des bombes sonores sur les fid\u00e8les, y compris des femmes, selon des t\u00e9moins oculaires.<\/p>\n<p>Les attaques isra\u00e9liennes contre les fid\u00e8les ont fait plus de 205 bless\u00e9s, et la plupart des blessures, caus\u00e9es par des balles en caoutchouc, \u00e9taient observ\u00e9es au niveau du visage, des yeux et de la poitrine, selon le Croissant-Rouge palestinien. <\/p>\n<p>*Traduit de l&rsquo;arabe par Mal\u00e8k Jomni<\/p>\n<p>                            <span class=\"detay-foto-editor\">&#13;<br \/>\n                                <a href=\"https:\/\/www.aa.com.tr\/fr\/p\/abonnement\/1001\" target=\"_blank\" style=\"font-size:12px; color:#444; text-decoration:none;\" rel=\"noopener\">&#13;<br \/>\n                                    Seulement une partie des d\u00e9p\u00eaches, que l&rsquo;Agence Anadolu diffuse \u00e0 ses abonn\u00e9s via le Syst\u00e8me de Diffusion interne (HAS), est diffus\u00e9e sur le site de l&rsquo;AA, de mani\u00e8re r\u00e9sum\u00e9e. <b style=\"color:#1897F7\">Contactez-nous s&rsquo;il vous pla\u00eet pour vous abonner.<\/b>&#13;<br \/>\n                                <\/a>&#13;<br \/>\n                            <\/span>\n                        <\/div>\n<p><script>\n\t  window.fbAsyncInit = function() {\n\t\tFB.init({\n\t\t  appId: '1855843514662870',\n\t\t  status : true, \/\/ check login status\n\t\t  cookie : true, \/\/ enable cookies to allow the server to access the session\n\t\t  xfbml  : true  \/\/ parse XFBML\n\t\t});\n\t  };<\/p>\n<p>\t  (function() {\n\t\tvar e = document.createElement('script');\n\t\te.src=\"https:\/\/connect.facebook.net\/tr_TR\/all.js\";\n\t\te.async = true;\n\t\tdocument.getElementById('fb-root').appendChild(e);\n\t  }());\n    <\/script><br \/>\n<br \/><a href=\"https:\/\/www.aa.com.tr\/fr\/afrique\/la-libye-appelle-la-communaut%C3%A9-internationale-%C3%A0-assumer-ses-responsabilit%C3%A9s-pour-prot%C3%A9ger-le-peuple-palestinien\/2234247\">Source link <\/a><\/p>\n","protected":false},"excerpt":{"rendered":"<p>AA \/ Tripoli Le minist\u00e8re libyen des Affaires \u00e9trang\u00e8res a condamn\u00e9 les attaques perp\u00e9tr\u00e9es contre les fid\u00e8les \u00e0 la mosqu\u00e9e Al-Aqsa par les forces de l&rsquo;occupation isra\u00e9lienne et a appel\u00e9 la communaut\u00e9 internationale \u00e0 assumer ses responsabilit\u00e9s pour prot\u00e9ger le peuple palestinien. Le minist\u00e8re a d\u00e9clar\u00e9, dans un communiqu\u00e9 rendu public samedi : \u00ab\u00a0La Libye [&hellip;]<\/p>\n","protected":false},"author":1,"featured_media":8072,"comment_status":"closed","ping_status":"closed","sticky":false,"template":"","format":"standard","meta":{"footnotes":""},"categories":[58],"tags":[],"class_list":{"0":"post-8071","1":"post","2":"type-post","3":"status-publish","4":"format-standard","5":"has-post-thumbnail","7":"category-societe"},"_links":{"self":[{"href":"https:\/\/conakrynews.org\/index.php\/wp-json\/wp\/v2\/posts\/8071","targetHints":{"allow":["GET"]}}],"collection":[{"href":"https:\/\/conakrynews.org\/index.php\/wp-json\/wp\/v2\/posts"}],"about":[{"href":"https:\/\/conakrynews.org\/index.php\/wp-json\/wp\/v2\/types\/post"}],"author":[{"embeddable":true,"href":"https:\/\/conakrynews.org\/index.php\/wp-json\/wp\/v2\/users\/1"}],"replies":[{"embeddable":true,"href":"https:\/\/conakrynews.org\/index.php\/wp-json\/wp\/v2\/comments?post=8071"}],"version-history":[{"count":0,"href":"https:\/\/conakrynews.org\/index.php\/wp-json\/wp\/v2\/posts\/8071\/revisions"}],"wp:featuredmedia":[{"embeddable":true,"href":"https:\/\/conakrynews.org\/index.php\/wp-json\/wp\/v2\/media\/8072"}],"wp:attachment":[{"href":"https:\/\/conakrynews.org\/index.php\/wp-json\/wp\/v2\/media?parent=8071"}],"wp:term":[{"taxonomy":"category","embeddable":true,"href":"https:\/\/conakrynews.org\/index.php\/wp-json\/wp\/v2\/categories?post=8071"},{"taxonomy":"post_tag","embeddable":true,"href":"https:\/\/conakrynews.org\/index.php\/wp-json\/wp\/v2\/tags?post=8071"}],"curies":[{"name":"wp","href":"https:\/\/api.w.org\/{rel}","templated":true}]}}