{"id":8102,"date":"2021-05-09T19:42:20","date_gmt":"2021-05-09T19:42:20","guid":{"rendered":"https:\/\/conakrynews.org\/2021\/05\/09\/lafp-affiche-une-legere-croissance-de-ses-revenus-commerciaux-en-2020-et-degage-un-resultat-net-historique\/"},"modified":"2021-05-09T19:42:20","modified_gmt":"2021-05-09T19:42:20","slug":"lafp-affiche-une-legere-croissance-de-ses-revenus-commerciaux-en-2020-et-degage-un-resultat-net-historique","status":"publish","type":"post","link":"https:\/\/conakrynews.org\/index.php\/lafp-affiche-une-legere-croissance-de-ses-revenus-commerciaux-en-2020-et-degage-un-resultat-net-historique\/","title":{"rendered":"L&rsquo;AFP affiche une l\u00e9g\u00e8re croissance de ses revenus commerciaux en 2020 et d\u00e9gage un r\u00e9sultat net historique"},"content":{"rendered":"<p><\/p>\n<div>\n<p><strong>En d\u00e9pit de la pand\u00e9mie, les recettes commerciales de l\u2019AFP, de 166,4 M\u20ac en 2020, ont progress\u00e9 \u00e0 taux de change comparables de 0,8 M\u20ac par rapport \u00e0 2019<\/strong>, sous l\u2019effet principalement de l\u2019essor acc\u00e9l\u00e9r\u00e9 de son activit\u00e9 d\u2019investigation num\u00e9rique et, \u00e0 moindre titre, de son offre vid\u00e9o.<\/p>\n<p><strong>Le produit enregistr\u00e9 au titre de la compensation par l\u2019Etat du co\u00fbt net des missions d\u2019int\u00e9r\u00eat g\u00e9n\u00e9ral s\u2019est \u00e9lev\u00e9 \u00e0 115,5 M\u20ac, en baisse de 9 M\u20ac par rapport \u00e0 2019.<\/strong><\/p>\n<p><strong>Les charges d\u2019exploitation sont inf\u00e9rieures de 9,2 M\u20ac \u00e0 taux de change comparable \u00e0 celles de 2019.<\/strong> Ce recul est li\u00e9 \u00e0 l\u2019impact du plan de transformation, dont les co\u00fbts de mise en oeuvre pesaient plus fortement en 2019 et dont les effets repr\u00e9sentent en 2020 plus de 65% des 14 M\u20ac d\u2019\u00e9conomies pr\u00e9vues \u00e0 l\u2019horizon 2023, ainsi qu\u2019aux \u00e9conomies non r\u00e9currentes li\u00e9es \u00e0 la pand\u00e9mie \u2013 missions internationales drastiquement r\u00e9duites, \u00e9v\u00e9nements sportifs annul\u00e9s.<\/p>\n<p><strong>Les comptes approuv\u00e9s font appara\u00eetre un r\u00e9sultat d\u2019exploitation de 8,9 M\u20ac, en progression \u00e0 taux de change comparable de 8% par rapport \u00e0 2019.<\/strong><\/p>\n<p><strong>Le r\u00e9sultat net s\u2019\u00e9tablit \u00e0 un niveau historique pour l\u2019Agence de 5,3 M\u20ac <\/strong>\u2013 pour m\u00e9moire, le r\u00e9sultat net avait \u00e9t\u00e9 en 2019 positif pour la premi\u00e8re fois depuis 2013, \u00e0 0,4 M\u20ac. Son produit sera utilis\u00e9 \u00e0 acc\u00e9l\u00e9rer le d\u00e9sendettement de l\u2019AFP.<\/p>\n<p>Le d\u00e9but d\u2019ann\u00e9e 2021 ressemble \u00e0 ce que l\u2019AFP a connu en 2020 : progression des recettes commerciales et ma\u00eetrise des charges sous l\u2019effet conjoint du plan de transformation et de la pand\u00e9mie.<\/p>\n<p>L\u2019AFP engage ce mois-ci les travaux dans son si\u00e8ge historique de la place de la Bourse, d\u00e9sormais vid\u00e9 de ses occupants. La dur\u00e9e des travaux devrait \u00eatre de 13 mois, le co\u00fbt du projet de 8,8 M\u20ac et l\u2019\u00e9conomie g\u00e9n\u00e9r\u00e9e par la fin de la location de l\u2019immeuble de la rue Vivienne de 2,5M\u20ac en ann\u00e9e pleine. L\u2019op\u00e9ration permettra la r\u00e9union de la r\u00e9daction parisienne sur un seul site, ce qui permettra de gagner en fluidit\u00e9 et en rapidit\u00e9.<\/p>\n<p>Enfin l\u2019AFP restructure sa dette, ce qui doit lui permettre d\u2019\u00e9conomiser sur la dur\u00e9e des emprunts existants des int\u00e9r\u00eats cumul\u00e9s \u00e0 hauteur de 6,7 M\u20ac.<\/p>\n<p>                      <a target=\"_blank\" href=\"https:\/\/www.afp.com\/sites\/default\/files\/afpcommunique\/202104\/pdf\/cp-afpconseiladministrationavril-2021fr.pdf\" class=\"clear btnpdf_icon_button mb2 mt2 pdflink_mobile w100m\" rel=\"noopener\"><br \/>\n              <span class=\"icon pdf\"\/><br \/>\n            T\u00e9l\u00e9charger la version PDF          <\/a>\n          <\/div>\n<p><a href=\"https:\/\/www.afp.com\/fr\/node\/3752668\">Source link <\/a><\/p>\n","protected":false},"excerpt":{"rendered":"<p>En d\u00e9pit de la pand\u00e9mie, les recettes commerciales de l\u2019AFP, de 166,4 M\u20ac en 2020, ont progress\u00e9 \u00e0 taux de change comparables de 0,8 M\u20ac par rapport \u00e0 2019, sous l\u2019effet principalement de l\u2019essor acc\u00e9l\u00e9r\u00e9 de son activit\u00e9 d\u2019investigation num\u00e9rique et, \u00e0 moindre titre, de son offre vid\u00e9o. Le produit enregistr\u00e9 au titre de la [&hellip;]<\/p>\n","protected":false},"author":1,"featured_media":8061,"comment_status":"closed","ping_status":"closed","sticky":false,"template":"","format":"standard","meta":{"footnotes":""},"categories":[58],"tags":[],"class_list":{"0":"post-8102","1":"post","2":"type-post","3":"status-publish","4":"format-standard","5":"has-post-thumbnail","7":"category-societe"},"_links":{"self":[{"href":"https:\/\/conakrynews.org\/index.php\/wp-json\/wp\/v2\/posts\/8102","targetHints":{"allow":["GET"]}}],"collection":[{"href":"https:\/\/conakrynews.org\/index.php\/wp-json\/wp\/v2\/posts"}],"about":[{"href":"https:\/\/conakrynews.org\/index.php\/wp-json\/wp\/v2\/types\/post"}],"author":[{"embeddable":true,"href":"https:\/\/conakrynews.org\/index.php\/wp-json\/wp\/v2\/users\/1"}],"replies":[{"embeddable":true,"href":"https:\/\/conakrynews.org\/index.php\/wp-json\/wp\/v2\/comments?post=8102"}],"version-history":[{"count":0,"href":"https:\/\/conakrynews.org\/index.php\/wp-json\/wp\/v2\/posts\/8102\/revisions"}],"wp:featuredmedia":[{"embeddable":true,"href":"https:\/\/conakrynews.org\/index.php\/wp-json\/wp\/v2\/media\/8061"}],"wp:attachment":[{"href":"https:\/\/conakrynews.org\/index.php\/wp-json\/wp\/v2\/media?parent=8102"}],"wp:term":[{"taxonomy":"category","embeddable":true,"href":"https:\/\/conakrynews.org\/index.php\/wp-json\/wp\/v2\/categories?post=8102"},{"taxonomy":"post_tag","embeddable":true,"href":"https:\/\/conakrynews.org\/index.php\/wp-json\/wp\/v2\/tags?post=8102"}],"curies":[{"name":"wp","href":"https:\/\/api.w.org\/{rel}","templated":true}]}}