{"id":8104,"date":"2021-05-09T20:08:41","date_gmt":"2021-05-09T20:08:41","guid":{"rendered":"https:\/\/conakrynews.org\/?p=8104"},"modified":"2021-05-09T20:08:41","modified_gmt":"2021-05-09T20:08:41","slug":"mandian-sidibe-le-masque-du-mensonge-meme-bien-porte-narrete-pas-la-verite","status":"publish","type":"post","link":"https:\/\/conakrynews.org\/index.php\/mandian-sidibe-le-masque-du-mensonge-meme-bien-porte-narrete-pas-la-verite\/","title":{"rendered":"Mandian Sidib\u00e9: le masque du mensonge, m\u00eame bien port\u00e9, n\u2019arr\u00eate pas la v\u00e9rit\u00e9"},"content":{"rendered":"<div class=\"td-post-header\">\n<p>&nbsp;<\/p>\n<header class=\"td-post-title\">\n<h1 class=\"entry-title\"><\/h1>\n<div class=\"td-module-meta-info\">\n<div class=\"td-post-author-name\">\n<div class=\"td-author-by\"><\/div>\n<\/div>\n<\/div>\n<\/header>\n<\/div>\n<div class=\"td-post-sharing-top\">\n<div id=\"td_social_sharing_article_top\" class=\"td-post-sharing td-ps-bg td-ps-notext td-post-sharing-style1 \">\n<div class=\"td-post-sharing-visible\">\n<div class=\"td-social-but-icon\"><\/div>\n<div class=\"td-social-but-icon\"><\/div>\n<div class=\"td-social-but-icon\"><\/div>\n<div class=\"td-social-but-icon\"><\/div>\n<\/div>\n<\/div>\n<\/div>\n<div class=\"td-post-content tagdiv-type\">\n<div class=\"td-post-featured-image\"><a class=\"td-modal-image\" href=\"https:\/\/leverificateur.net\/wp-content\/uploads\/2021\/05\/FB_IMG_1620567098502.jpg\" data-caption=\"\"><img loading=\"lazy\" decoding=\"async\" class=\"entry-thumb td-animation-stack-type0-2\" title=\"FB_IMG_1620567098502\" src=\"https:\/\/leverificateur.net\/wp-content\/uploads\/2021\/05\/FB_IMG_1620567098502.jpg\" alt=\"\" width=\"600\" height=\"450\" \/><\/a><\/div>\n<aside class=\"mashsb-container mashsb-main mashsb-stretched\">\n<div class=\"mashsb-box\">\n<div class=\"mashsb-count\">\n<div class=\"counts mashsbcount\"><\/div>\n<\/div>\n<\/div>\n<div><\/div>\n<\/aside>\n<p><strong>Le pseudo-journaliste, Mandian Sidib\u00e9 s\u2019est livr\u00e9 \u00e0 r\u00e9veiller des mensonges naus\u00e9abonds\u00a0 sur sa page facebook parce qu\u2019aucun m\u00e9dias, m\u00eame le dernier au monde n\u2019accepte de publier ses imb\u00e9cillit\u00e9s chroniques.<\/strong><\/p>\n<p>Cet individu de nature schizophr\u00e8me n\u2019ayant aucune force d\u2019exister dans le r\u00e9el sans s\u2019attaquer \u00e0 des honn\u00eates personnalit\u00e9s vient encore de pondre un r\u00e9cit affabulateur sur la personne du ministre d\u2019\u00c9tat Tibou Kamara.<\/p>\n<p>Malheureusement pour lui, l\u2019opinion est avertie de ses \u00e2neries mensong\u00e8res qu\u2019il exhibe chaque fois qu\u2019il est rong\u00e9 dans la mis\u00e8re infernale et d\u2019un manque d\u2019attention. Croupissant dans l\u2019indiff\u00e9rence des bonnes personnes, combien de fois, cet instituteur ordinaire\u00a0 ayant un niveau plus bas que la terre qui s\u2019autoproclame journaliste a contact\u00e9 certaines personnalit\u00e9s du pays pour qu\u2019on accepte son retour au pays et aller s\u2019installer loin de la capitale, dans son village natal, Kouroussa. Sans succ\u00e8s !<\/p>\n<p>Mandian Sidib\u00e9 qui a appel\u00e9 la population de l\u2019Axe en 2013 \u00e0 l\u2019antenne de descendre \u00e0 la rue jusqu\u2019\u00e0 ce qu\u2019il y\u2019a eu un mort, devrait avoir la modestie de fermer sa bouche pour le respect de la m\u00e9moire de l\u2019enfant tu\u00e9 \u00e0 cause de ses agissements anti- professionnels, mais aussi pour compatir \u00e0 la m\u00e9moire de la famille de la victime.<\/p>\n<p>Mais ce n\u2019est pas \u00e9tonnant quand on sait que cet individu sans foi ni loi souffre d\u2019un d\u00e9sordre psychiatrique caract\u00e9ris\u00e9 par une perte de relation totale avec la r\u00e9alit\u00e9.<\/p>\n<p>Ce cr\u00e9tin du Valais\u00a0 priv\u00e9 de b\u00e9n\u00e9diction m\u00eame la moindre, bref, ce porteur titanesque de la mal\u00e9diction de \u201cTout\u00e2nkhamon\u201d dans la soci\u00e9t\u00e9 \u00e9gyptienne est jaloux de l\u2019ascension fulgurante de M. Tibou Kamara qui constitue aujourd\u2019hui en Guin\u00e9e une source d\u2019esp\u00e9rance, d\u2019assurance, de confiance et d\u2019harmonie.<\/p>\n<p>Tenez ! Mandian Sidib\u00e9, ce rat rongeur de \u201cvivre ensemble\u201d\u00a0 guin\u00e9en vomi par sa propre famille et rejet\u00e9 en Guin\u00e9e\u00a0 est devenu aujourd\u2019hui en France une sorte de \u201cmarchandise\u201d qu\u2019on place devant le tableau dans des \u00e9coles face aux lyc\u00e9ens pour raconter des b\u00eatises sur la pratique du journalisme en Afrique moyennant quelque chose. Parce qu\u2019il manque de tout ce qu\u2019un homme respect\u00e9 et digne m\u00e9rite.<\/p>\n<p>Nous reviendrons sur le quotidien de ce mythomane dans les prochains jours.<\/p>\n<p><strong>K\u00e9l\u00e8tigui Rabah Camara<\/strong><\/p>\n<\/div>\n","protected":false},"excerpt":{"rendered":"<p>&nbsp; Le pseudo-journaliste, Mandian Sidib\u00e9 s\u2019est livr\u00e9 \u00e0 r\u00e9veiller des mensonges naus\u00e9abonds\u00a0 sur sa page facebook parce qu\u2019aucun m\u00e9dias, m\u00eame le dernier au monde n\u2019accepte de publier ses imb\u00e9cillit\u00e9s chroniques. Cet individu de nature schizophr\u00e8me n\u2019ayant aucune force d\u2019exister dans le r\u00e9el sans s\u2019attaquer \u00e0 des honn\u00eates personnalit\u00e9s vient encore de pondre un r\u00e9cit affabulateur [&hellip;]<\/p>\n","protected":false},"author":2,"featured_media":8105,"comment_status":"closed","ping_status":"closed","sticky":false,"template":"","format":"standard","meta":{"footnotes":""},"categories":[58],"tags":[],"class_list":{"0":"post-8104","1":"post","2":"type-post","3":"status-publish","4":"format-standard","5":"has-post-thumbnail","7":"category-societe"},"_links":{"self":[{"href":"https:\/\/conakrynews.org\/index.php\/wp-json\/wp\/v2\/posts\/8104","targetHints":{"allow":["GET"]}}],"collection":[{"href":"https:\/\/conakrynews.org\/index.php\/wp-json\/wp\/v2\/posts"}],"about":[{"href":"https:\/\/conakrynews.org\/index.php\/wp-json\/wp\/v2\/types\/post"}],"author":[{"embeddable":true,"href":"https:\/\/conakrynews.org\/index.php\/wp-json\/wp\/v2\/users\/2"}],"replies":[{"embeddable":true,"href":"https:\/\/conakrynews.org\/index.php\/wp-json\/wp\/v2\/comments?post=8104"}],"version-history":[{"count":0,"href":"https:\/\/conakrynews.org\/index.php\/wp-json\/wp\/v2\/posts\/8104\/revisions"}],"wp:featuredmedia":[{"embeddable":true,"href":"https:\/\/conakrynews.org\/index.php\/wp-json\/wp\/v2\/media\/8105"}],"wp:attachment":[{"href":"https:\/\/conakrynews.org\/index.php\/wp-json\/wp\/v2\/media?parent=8104"}],"wp:term":[{"taxonomy":"category","embeddable":true,"href":"https:\/\/conakrynews.org\/index.php\/wp-json\/wp\/v2\/categories?post=8104"},{"taxonomy":"post_tag","embeddable":true,"href":"https:\/\/conakrynews.org\/index.php\/wp-json\/wp\/v2\/tags?post=8104"}],"curies":[{"name":"wp","href":"https:\/\/api.w.org\/{rel}","templated":true}]}}