{"id":8113,"date":"2021-05-10T07:45:13","date_gmt":"2021-05-10T07:45:13","guid":{"rendered":"https:\/\/conakrynews.org\/2021\/05\/10\/deux-suspects-arretes-dans-lenquete-sur-le-meurtre-du-policier-a-avignon\/"},"modified":"2021-05-10T07:45:14","modified_gmt":"2021-05-10T07:45:14","slug":"deux-suspects-arretes-dans-lenquete-sur-le-meurtre-du-policier-a-avignon","status":"publish","type":"post","link":"https:\/\/conakrynews.org\/index.php\/deux-suspects-arretes-dans-lenquete-sur-le-meurtre-du-policier-a-avignon\/","title":{"rendered":"deux suspects arr\u00eat\u00e9s dans l\u2019enqu\u00eate sur le meurtre du policier \u00e0 Avignon"},"content":{"rendered":"<div>\n<figure class=\"media \" role=\"group\"><figcaption class=\"media-caption\">\n                A Avignon le 9 mai 2021, des policiers rendent hommage \u00e0 Eric Masson tu\u00e9 lors d&rsquo;une intervention. \u2014 <em class=\"credit\">Daniel Cole\/AP\/SIPA<\/em><br \/>\n            <\/figcaption><\/figure>\n<p>Quelques heures seulement apr\u00e8s un <a href=\"https:\/\/www.20minutes.fr\/dossier\/hommage\">hommage<\/a> ayant r\u00e9uni une foule \u00e9mue devant l\u2019h\u00f4tel de police d\u2019Avignon, l\u2019enqu\u00eate pour la mort d\u2019Eric Masson a fait un nouveau pas. Quatre personnes soup\u00e7onn\u00e9es d\u2019\u00eatre impliqu\u00e9es dans le meurtre du policier mercredi ont \u00e9t\u00e9 arr\u00eat\u00e9es dimanche soir. Le tireur qui a atteint mortellement le brigadier de 36 ans dans le centre d&rsquo; &#13;<br \/>\n<a href=\"https:\/\/www.20minutes.fr\/dossier\/avignon\">Avignon<\/a> avait pris la fuite imm\u00e9diatement avec son complice.<\/p>\n<p>\u00ab Il y a eu quatre interpellations \u00bb, a confirm\u00e9 G\u00e9rald Darmanin ce lundi sur <a href=\"https:\/\/twitter.com\/BFMTV\/status\/1391642898144407552\" target=\"_blank\" rel=\"noopener\">BFMTV<\/a>. \u00ab Ces suspects, ils sont pr\u00e9sum\u00e9s innoncents, mais tout nous laisse \u00e0 penser qu&rsquo;ils sont directement li\u00e9s \u00e0 cet assassinat ignoble de ce policier [&#8230;] Il aurait \u00e9t\u00e9 insupportable pour les policiers et tous les Fran\u00e7ais que ces personnes puissent continuer \u00e0 vivre en toute libert\u00e9 \u00bb, a pr\u00e9cis\u00e9 le ministre de l&rsquo;Int\u00e9rieur.<\/p>\n<h2>Un point de deal connu<\/h2>\n<p>L\u2019arrestation a eu lieu \u00e0 une vingtaine de kilom\u00e8tres de la ville, a-t-on appris de source proche du dossier, sans plus de d\u00e9tail. Contact\u00e9, le parquet d\u2019Avignon n\u2019a pas souhait\u00e9 faire de commentaire \u00e0 ce stade. Le ministre de l\u2019Int\u00e9rieur, G\u00e9rald Darmanin, qui assistera mardi \u00e0 un hommage national au <a href=\"https:\/\/www.20minutes.fr\/dossier\/policier\">policier<\/a> pr\u00e9sid\u00e9 par le Premier ministre &#13;<br \/>\n<a href=\"https:\/\/www.20minutes.fr\/politique\/jean-castex\/\">Jean Castex<\/a>, avait de son c\u00f4t\u00e9 f\u00e9licit\u00e9 via Twitter la police pour ces interpellations, estimant que \u00ab\u00a0ce crime ne doit en aucun cas rester impuni\u00a0\u00bb.<\/p>\n<p>Appel\u00e9s mercredi sur un point de trafic de drogue bien connu, dans le centre historique d\u2019Avignon, les policiers de la brigade d\u2019intervention d\u00e9partementale Vaucluse-Gard, en civil, dont Eric Masson, avaient proc\u00e9d\u00e9 au contr\u00f4le d\u2019une cliente \u00ab\u00a0de ce qui ressemblait \u00e0 un \u00e9change de stup\u00e9fiants\u00a0\u00bb, selon le procureur Philippe Gu\u00e9mas. Alors que la femme venait d\u2019\u00eatre arr\u00eat\u00e9e par les deux policiers, \u00ab\u00a0deux individus s\u2019avan\u00e7aient (\u2026) et l\u2019un des deux, porteur d\u2019une sacoche en bandouli\u00e8re, [leur] demandait ce qu\u2019ils faisaient l\u00e0\u00a0\u00bb\u00a0:\u00a0\u00ab\u00a0Eric Masson d\u00e9clinait sa qualit\u00e9 de policier et l\u2019individu sortait une arme de poing et faisait feu \u00e0 deux reprises, l\u2019atteignant au thorax et \u00e0 l\u2019abdomen\u00a0\u00bb. Le policier est mort sur place.<\/p>\n<div class=\"sharebar \"><button class=\"icon pa0\" type=\"button\" data-corrector=\"\" data-corrector-url=\"https:\/\/www.20minutes.fr\/faits_divers\/3038567-20210510-policier-tue-avignon-deux-suspects-arretes-vingtaine-kilometres-ville\" data-corrector-title=\"Quatre interpellations dans l\u2019enqu\u00eate sur le meurtre du policier \u00e0 Avignon\"><br \/>\n            <svg aria-hidden=\"true\" class=\"icon-picto\" height=\"27\" width=\"27\"><use xmlns:xlink=\"http:\/\/www.w3.org\/1999\/xlink\" xlink:href=\"https:\/\/www.20minutes.fr\/faits_divers\/#symbol-alert\"\/><\/svg><span class=\"icon-label\">Une faute\u00a0?<\/span><br \/>\n        <\/button><span class=\"counter counter-shares\"><br \/>\n            <span class=\"counter-value\"><br \/>\n                <abbr title=\"799\" aria-label=\"799\">799<\/abbr><br \/>\n            <\/span><br \/>\n            <span class=\"counter-unit\">partages<\/span><br \/>\n        <\/span>    <\/div><\/div>\n<p><script async src=\"\/\/platform.twitter.com\/widgets.js\" charset=\"utf-8\"><\/script><br \/>\n<br \/><a href=\"https:\/\/www.20minutes.fr\/faits_divers\/3038567-20210510-policier-tue-avignon-deux-suspects-arretes-vingtaine-kilometres-ville#xtor=RSS-149\">Source link <\/a><\/p>\n","protected":false},"excerpt":{"rendered":"<p>A Avignon le 9 mai 2021, des policiers rendent hommage \u00e0 Eric Masson tu\u00e9 lors d&rsquo;une intervention. \u2014 Daniel Cole\/AP\/SIPA Quelques heures seulement apr\u00e8s un hommage ayant r\u00e9uni une foule \u00e9mue devant l\u2019h\u00f4tel de police d\u2019Avignon, l\u2019enqu\u00eate pour la mort d\u2019Eric Masson a fait un nouveau pas. Quatre personnes soup\u00e7onn\u00e9es d\u2019\u00eatre impliqu\u00e9es dans le meurtre [&hellip;]<\/p>\n","protected":false},"author":1,"featured_media":8114,"comment_status":"closed","ping_status":"closed","sticky":false,"template":"","format":"standard","meta":{"footnotes":""},"categories":[58],"tags":[],"class_list":{"0":"post-8113","1":"post","2":"type-post","3":"status-publish","4":"format-standard","5":"has-post-thumbnail","7":"category-societe"},"_links":{"self":[{"href":"https:\/\/conakrynews.org\/index.php\/wp-json\/wp\/v2\/posts\/8113","targetHints":{"allow":["GET"]}}],"collection":[{"href":"https:\/\/conakrynews.org\/index.php\/wp-json\/wp\/v2\/posts"}],"about":[{"href":"https:\/\/conakrynews.org\/index.php\/wp-json\/wp\/v2\/types\/post"}],"author":[{"embeddable":true,"href":"https:\/\/conakrynews.org\/index.php\/wp-json\/wp\/v2\/users\/1"}],"replies":[{"embeddable":true,"href":"https:\/\/conakrynews.org\/index.php\/wp-json\/wp\/v2\/comments?post=8113"}],"version-history":[{"count":0,"href":"https:\/\/conakrynews.org\/index.php\/wp-json\/wp\/v2\/posts\/8113\/revisions"}],"wp:featuredmedia":[{"embeddable":true,"href":"https:\/\/conakrynews.org\/index.php\/wp-json\/wp\/v2\/media\/8114"}],"wp:attachment":[{"href":"https:\/\/conakrynews.org\/index.php\/wp-json\/wp\/v2\/media?parent=8113"}],"wp:term":[{"taxonomy":"category","embeddable":true,"href":"https:\/\/conakrynews.org\/index.php\/wp-json\/wp\/v2\/categories?post=8113"},{"taxonomy":"post_tag","embeddable":true,"href":"https:\/\/conakrynews.org\/index.php\/wp-json\/wp\/v2\/tags?post=8113"}],"curies":[{"name":"wp","href":"https:\/\/api.w.org\/{rel}","templated":true}]}}