{"id":8131,"date":"2021-05-10T14:30:02","date_gmt":"2021-05-10T14:30:02","guid":{"rendered":"https:\/\/conakrynews.org\/?p=8131"},"modified":"2021-05-10T14:30:02","modified_gmt":"2021-05-10T14:30:02","slug":"idriss-deby-itno-au-niger-pour-un-tete-a-tete-avec-le-president-mohamed-bazoum","status":"publish","type":"post","link":"https:\/\/conakrynews.org\/index.php\/idriss-deby-itno-au-niger-pour-un-tete-a-tete-avec-le-president-mohamed-bazoum\/","title":{"rendered":"Idriss Deby Itno au Niger pour un t\u00eate-\u00e0-t\u00eate avec le pr\u00e9sident Mohamed Bazoum"},"content":{"rendered":"<div class=\"td-post-header\">\n<header class=\"td-post-title\">\n<h1 class=\"entry-title\"><img loading=\"lazy\" decoding=\"async\" class=\"alignright size-medium wp-image-8132\" src=\"https:\/\/conakrynews.org\/wp-content\/uploads\/2021\/05\/FB_IMG_16206386338104642-696x464-1-515x343.jpg\" alt=\"\" width=\"515\" height=\"343\" srcset=\"https:\/\/conakrynews.org\/wp-content\/uploads\/2021\/05\/FB_IMG_16206386338104642-696x464-1-515x343.jpg 515w, https:\/\/conakrynews.org\/wp-content\/uploads\/2021\/05\/FB_IMG_16206386338104642-696x464-1.jpg 696w\" sizes=\"auto, (max-width: 515px) 100vw, 515px\" \/><\/h1>\n<div class=\"td-module-meta-info\">\n<div class=\"td-post-author-name\">\n<div class=\"td-author-by\"><\/div>\n<\/div>\n<\/div>\n<\/header>\n<\/div>\n<div class=\"td-post-sharing td-post-sharing-top \">\n<div class=\"td-default-sharing\"><i class=\"td-icon-facebook\"><\/i>\u00a0<i class=\"td-icon-twitter\"><\/i>\u00a0<i class=\"td-icon-googleplus\"><\/i>\u00a0<i class=\"td-icon-pinterest\"><\/i>\u00a0<i class=\"td-icon-whatsapp\"><\/i><\/div>\n<\/div>\n<div class=\"td-post-content\">\n<div class=\"td-post-featured-image\"><\/div>\n<div class=\"td-post-header\">\n<header class=\"td-post-title\">\n<h1 class=\"entry-title\"><\/h1>\n<\/header>\n<\/div>\n<div class=\"td-post-sharing-top\">\n<div id=\"td_social_sharing_article_top\" class=\"td-post-sharing td-ps-bg td-ps-notext td-post-sharing-style1 \">\n<div class=\"td-post-sharing-visible\">\n<div class=\"td-social-but-icon\"><\/div>\n<div class=\"td-social-but-icon\"><\/div>\n<div class=\"td-social-but-icon\"><\/div>\n<\/div>\n<\/div>\n<\/div>\n<div class=\"td-post-content tagdiv-type\">\n<div class=\"td-post-featured-image\"><\/div>\n<p><strong>Le pr\u00e9sident du Conseil militaire de transition (CMT), le g\u00e9n\u00e9ral Mahamat Idriss Deby Itno est arriv\u00e9 \u00e0 Niamey, ce lundi matin 10 mai. Une premi\u00e8re visite qu\u2019il effectue en dehors du Tchad depuis sa prise du pouvoir le 20 avril apr\u00e8s le d\u00e9c\u00e8s du mar\u00e9chal Idriss Deby. \u00a0\u00a0<\/strong><\/p>\n<p>Il a \u00e9t\u00e9 accueilli \u00e0 sa descente d\u2019avion par le premier ministre du Niger, Ouhoumoudou Mahamadou.<\/p>\n<p>Le general Mahamat Idriss Deby aura un t\u00eate-\u00e0-t\u00eate avec le pr\u00e9sident de la R\u00e9publique du Niger, Mohamed Bazoum d\u00e9sign\u00e9 par ses pairs du G5 Sahel en tant que m\u00e9diateur de la crise politique que le pays traverse, \u00e0 la suite au d\u00e9c\u00e8s du mar\u00e9chal Idriss Deby Itno.<\/p>\n<p>Ce premier d\u00e9placement du pr\u00e9sident du CMT \u00e0 l\u2019\u00e9tranger n\u2019est pas anodin. Le Niger dont le Pr\u00e9sident Mohamed Bazoum a \u00e9t\u00e9 d\u00e9sign\u00e9 comme m\u00e9diateur du G5 Sahel, le 23 avril dernier lors des obs\u00e8ques du d\u00e9funt Mar\u00e9chal du Tchad, a un r\u00f4le d\u00e9terminant \u00e0 jouer pour une transition paisible.<\/p>\n<\/div>\n<\/div>\n","protected":false},"excerpt":{"rendered":"<p>\u00a0\u00a0\u00a0\u00a0 Le pr\u00e9sident du Conseil militaire de transition (CMT), le g\u00e9n\u00e9ral Mahamat Idriss Deby Itno est arriv\u00e9 \u00e0 Niamey, ce lundi matin 10 mai. Une premi\u00e8re visite qu\u2019il effectue en dehors du Tchad depuis sa prise du pouvoir le 20 avril apr\u00e8s le d\u00e9c\u00e8s du mar\u00e9chal Idriss Deby. \u00a0\u00a0 Il a \u00e9t\u00e9 accueilli \u00e0 sa [&hellip;]<\/p>\n","protected":false},"author":2,"featured_media":8132,"comment_status":"closed","ping_status":"closed","sticky":false,"template":"","format":"standard","meta":{"footnotes":""},"categories":[57],"tags":[],"class_list":{"0":"post-8131","1":"post","2":"type-post","3":"status-publish","4":"format-standard","5":"has-post-thumbnail","7":"category-politique"},"_links":{"self":[{"href":"https:\/\/conakrynews.org\/index.php\/wp-json\/wp\/v2\/posts\/8131","targetHints":{"allow":["GET"]}}],"collection":[{"href":"https:\/\/conakrynews.org\/index.php\/wp-json\/wp\/v2\/posts"}],"about":[{"href":"https:\/\/conakrynews.org\/index.php\/wp-json\/wp\/v2\/types\/post"}],"author":[{"embeddable":true,"href":"https:\/\/conakrynews.org\/index.php\/wp-json\/wp\/v2\/users\/2"}],"replies":[{"embeddable":true,"href":"https:\/\/conakrynews.org\/index.php\/wp-json\/wp\/v2\/comments?post=8131"}],"version-history":[{"count":0,"href":"https:\/\/conakrynews.org\/index.php\/wp-json\/wp\/v2\/posts\/8131\/revisions"}],"wp:featuredmedia":[{"embeddable":true,"href":"https:\/\/conakrynews.org\/index.php\/wp-json\/wp\/v2\/media\/8132"}],"wp:attachment":[{"href":"https:\/\/conakrynews.org\/index.php\/wp-json\/wp\/v2\/media?parent=8131"}],"wp:term":[{"taxonomy":"category","embeddable":true,"href":"https:\/\/conakrynews.org\/index.php\/wp-json\/wp\/v2\/categories?post=8131"},{"taxonomy":"post_tag","embeddable":true,"href":"https:\/\/conakrynews.org\/index.php\/wp-json\/wp\/v2\/tags?post=8131"}],"curies":[{"name":"wp","href":"https:\/\/api.w.org\/{rel}","templated":true}]}}