{"id":8139,"date":"2021-05-10T19:48:16","date_gmt":"2021-05-10T19:48:16","guid":{"rendered":"https:\/\/conakrynews.org\/2021\/05\/10\/anne-boussarie-nommee-directrice-generale-de-la-nouvelle-filiale-de-lafp-mediaconnect\/"},"modified":"2021-05-10T19:48:16","modified_gmt":"2021-05-10T19:48:16","slug":"anne-boussarie-nommee-directrice-generale-de-la-nouvelle-filiale-de-lafp-mediaconnect","status":"publish","type":"post","link":"https:\/\/conakrynews.org\/index.php\/anne-boussarie-nommee-directrice-generale-de-la-nouvelle-filiale-de-lafp-mediaconnect\/","title":{"rendered":"Anne Boussarie nomm\u00e9e directrice g\u00e9n\u00e9rale de la nouvelle filiale de l&rsquo;AFP, MediaConnect"},"content":{"rendered":"<p><\/p>\n<div>\n<p><span class=\"mb1 mrd2 txt14 watermark\" style=\"display:inline-block; float:left;\"><br \/>\n<\/span><br \/>\nVenue de Getty Images, leader mondial de la distribution de contenus visuels, <a href=\"https:\/\/www.linkedin.com\/in\/anneboussarie\/\" target=\"_blank\" rel=\"noopener\">Anne Boussarie<\/a> y a exerc\u00e9 pendant plus de 15 ans des fonctions de Direction, qui l\u2019ont notamment conduite \u00e0 superviser l\u2019activit\u00e9 de Getty Images en France, Allemagne, Autriche, Suisse et Pays nordiques. Forte d\u2019une exp\u00e9rience commerciale et marketing internationale de plus de vingt ans dans l\u2019industrie des m\u00e9dias, Anne Boussarie a d\u00e9montr\u00e9 sa capacit\u00e9 \u00e0 piloter des mod\u00e8les commerciaux innovants et \u00e0 atteindre des objectifs ambitieux. Elle int\u00e8gre en tant que directrice g\u00e9n\u00e9rale l\u2019\u00e9quipe qui pr\u00e9pare le lancement de MediaConnect, pr\u00e9vu en mai. Elle d\u00e9veloppera \u00e0 la t\u00eate de cette nouvelle filiale de l\u2019AFP une activit\u00e9 d\u2019agr\u00e9gation de contenus de communication en provenance des institutions et entreprises et \u00e0 destination, prioritairement, des journalistes, mais aussi du public.<\/p>\n<p>\u00a0<\/p>\n<p><span class=\"mb1 mrd2 txt14 watermark\" style=\"display:inline-block; \"><br \/>\n<img loading=\"lazy\" decoding=\"async\" height=\"1126\" width=\"2550\" style=\"width: 150px; height: 66px;\" class=\"media-element file-default lazyload lazyload\" typeof=\"foaf:Image\" src=\"https:\/\/www.afp.com\/sites\/default\/files\/logo_mediaconnect_couleur_rvb_0.png\" alt=\"\"\/><\/span>\n<\/p>\n<p><em><strong>A propos de MediaConnect<\/strong><\/em><\/p>\n<p>Filiale ind\u00e9pendante de l\u2019AFP, MediaConnect est une plateforme qui a pour vocation de faciliter et d\u2019optimiser les relations entre les professionnels de l\u2019information et les responsables de la communication des entreprises, des institutions et des ONG. Pour les journalistes, ce sera un libre acc\u00e8s \u00e0 des contenus dont la source est certifi\u00e9e, dans un environnement permettant de trier et d\u2019\u00eatre alert\u00e9s sur les informations de leur choix. Pour les communicants, ce sera l\u2019outil optimal d\u2019exposition et de valorisation de leurs messages aupr\u00e8s de leur public-cible.<\/p>\n<p>\u00a0<\/p>\n<p>                      <a target=\"_blank\" href=\"https:\/\/www.afp.com\/sites\/default\/files\/afpcommunique\/202104\/pdf\/cpafpmediaconnectanneboussariefr.pdf\" class=\"clear btnpdf_icon_button mb2 mt2 pdflink_mobile w100m\" rel=\"noopener\"><br \/>\n              <span class=\"icon pdf\"\/><br \/>\n            T\u00e9l\u00e9charger la version PDF          <\/a>\n          <\/div>\n<p><a href=\"https:\/\/www.afp.com\/fr\/node\/3752661\">Source link <\/a><\/p>\n","protected":false},"excerpt":{"rendered":"<p>Venue de Getty Images, leader mondial de la distribution de contenus visuels, Anne Boussarie y a exerc\u00e9 pendant plus de 15 ans des fonctions de Direction, qui l\u2019ont notamment conduite \u00e0 superviser l\u2019activit\u00e9 de Getty Images en France, Allemagne, Autriche, Suisse et Pays nordiques. Forte d\u2019une exp\u00e9rience commerciale et marketing internationale de plus de vingt [&hellip;]<\/p>\n","protected":false},"author":1,"featured_media":8061,"comment_status":"closed","ping_status":"closed","sticky":false,"template":"","format":"standard","meta":{"footnotes":""},"categories":[58],"tags":[],"class_list":{"0":"post-8139","1":"post","2":"type-post","3":"status-publish","4":"format-standard","5":"has-post-thumbnail","7":"category-societe"},"_links":{"self":[{"href":"https:\/\/conakrynews.org\/index.php\/wp-json\/wp\/v2\/posts\/8139","targetHints":{"allow":["GET"]}}],"collection":[{"href":"https:\/\/conakrynews.org\/index.php\/wp-json\/wp\/v2\/posts"}],"about":[{"href":"https:\/\/conakrynews.org\/index.php\/wp-json\/wp\/v2\/types\/post"}],"author":[{"embeddable":true,"href":"https:\/\/conakrynews.org\/index.php\/wp-json\/wp\/v2\/users\/1"}],"replies":[{"embeddable":true,"href":"https:\/\/conakrynews.org\/index.php\/wp-json\/wp\/v2\/comments?post=8139"}],"version-history":[{"count":0,"href":"https:\/\/conakrynews.org\/index.php\/wp-json\/wp\/v2\/posts\/8139\/revisions"}],"wp:featuredmedia":[{"embeddable":true,"href":"https:\/\/conakrynews.org\/index.php\/wp-json\/wp\/v2\/media\/8061"}],"wp:attachment":[{"href":"https:\/\/conakrynews.org\/index.php\/wp-json\/wp\/v2\/media?parent=8139"}],"wp:term":[{"taxonomy":"category","embeddable":true,"href":"https:\/\/conakrynews.org\/index.php\/wp-json\/wp\/v2\/categories?post=8139"},{"taxonomy":"post_tag","embeddable":true,"href":"https:\/\/conakrynews.org\/index.php\/wp-json\/wp\/v2\/tags?post=8139"}],"curies":[{"name":"wp","href":"https:\/\/api.w.org\/{rel}","templated":true}]}}