{"id":8144,"date":"2021-05-11T07:50:18","date_gmt":"2021-05-11T07:50:18","guid":{"rendered":"https:\/\/conakrynews.org\/2021\/05\/11\/quatre-mises-en-examen-apres-la-decouverte-de-300-kg-de-cannabis-et-70-000-euros\/"},"modified":"2021-05-11T07:50:19","modified_gmt":"2021-05-11T07:50:19","slug":"quatre-mises-en-examen-apres-la-decouverte-de-300-kg-de-cannabis-et-70-000-euros","status":"publish","type":"post","link":"https:\/\/conakrynews.org\/index.php\/quatre-mises-en-examen-apres-la-decouverte-de-300-kg-de-cannabis-et-70-000-euros\/","title":{"rendered":"Quatre mises en examen apr\u00e8s la d\u00e9couverte de 300\u00a0kg de cannabis et 70.000 euros"},"content":{"rendered":"<div>\n<figure class=\"media \" role=\"group\"><figcaption class=\"media-caption\">\n                Illustration de r\u00e9sine de cannabis saisie par un policier. Ici \u00e0 Rennes, en juin 2020. \u2014 <em class=\"credit\">C. Allain \/ 20 Minutes<\/em><br \/>\n            <\/figcaption><\/figure>\n<p>\u00ab\u00a0L\u2019un de nos objectifs est de sauver les enfants de la R\u00e9publique de cette merde qu\u2019est la drogue\u00a0\u00bb, disait le ministre de l\u2019Int\u00e9rieur <a href=\"https:\/\/www.20minutes.fr\/dossier\/gerald_darmanin\">G\u00e9rald Darmanin<\/a> lors d\u2019une visite au commissariat de Cergy Pontoise (Val d\u2019Oise). Apr\u00e8s deux ans d\u2019enqu\u00eate, la section de recherches d\u2019Angers a donn\u00e9 satisfaction \u00e0 son ministre de tutelle en d\u00e9mantelant une fili\u00e8re de vente de r\u00e9sine de cannabis \u00e9tablie \u00e0 &#13;<br \/>\n<a href=\"https:\/\/www.20minutes.fr\/dossier\/laval\">Laval<\/a>, en Mayenne.<\/p>\n<p>Alert\u00e9e par une information anonyme en 2019, la Juridiction interr\u00e9gionale sp\u00e9cialis\u00e9e de Rennes (JIRS) a pilot\u00e9 cette longue enqu\u00eate, qui a d\u00e9bouch\u00e9 sur une vague d\u2019interpellations\u00a0entre le 4 et le 7\u00a0mai. \u00ab\u00a0Pr\u00e8s de 100 gendarmes ont \u00e9t\u00e9 engag\u00e9s pour d\u00e9manteler cette \u00e9quipe organis\u00e9e, localis\u00e9e \u00e0 Laval et dans les environs, et sp\u00e9cialis\u00e9e dans le trafic de stup\u00e9fiants\u00a0\u00bb, a fait savoir le procureur de la R\u00e9publique de Rennes Philippe Astruc.<\/p>\n<h2>Deux suspects en prison<\/h2>\n<p>Cette op\u00e9ration a permis de saisir 289\u00a0kg de r\u00e9sine de cannabis, une arme de poing, une somme de 69.000 euros en esp\u00e8ces et des v\u00e9hicules. D\u2019apr\u00e8s les enqu\u00eateurs, la marchandise provenait d\u2019Espagne.\u00a0Sept personnes, domicili\u00e9es en Mayenne et \u00ab\u00a0sans ant\u00e9c\u00e9dents judiciaires pour la plupart\u00a0\u00bb, ont \u00e9t\u00e9 interpell\u00e9es. Trois d\u2019entre elles ont \u00e9t\u00e9 laiss\u00e9es libres sans poursuite en l\u2019\u00e9tat.\u00a0Trois hommes et une femme ont \u00e9t\u00e9 mis en examen \u00ab\u00a0notamment sur les faits d\u2019infraction \u00e0 la l\u00e9gislation sur les stup\u00e9fiants, de blanchiment et d\u2019association de malfaiteurs\u00a0\u00bb, pr\u00e9cise le parquet.<\/p>\n<p>Deux hommes \u00e2g\u00e9s de 42 et 38 ans, dont celui chez lequel a \u00e9t\u00e9 op\u00e9r\u00e9e la saisie, ont \u00e9t\u00e9 plac\u00e9s en d\u00e9tention provisoire et deux autres sous contr\u00f4le judiciaire.<\/p>\n<\/p><\/div>\n<p><a href=\"https:\/\/www.20minutes.fr\/societe\/3039507-20210511-laval-quatre-mises-examen-apres-decouverte-300-kg-cannabis-70000-euros#xtor=RSS-149\">Source link <\/a><\/p>\n","protected":false},"excerpt":{"rendered":"<p>Illustration de r\u00e9sine de cannabis saisie par un policier. Ici \u00e0 Rennes, en juin 2020. \u2014 C. Allain \/ 20 Minutes \u00ab\u00a0L\u2019un de nos objectifs est de sauver les enfants de la R\u00e9publique de cette merde qu\u2019est la drogue\u00a0\u00bb, disait le ministre de l\u2019Int\u00e9rieur G\u00e9rald Darmanin lors d\u2019une visite au commissariat de Cergy Pontoise (Val [&hellip;]<\/p>\n","protected":false},"author":1,"featured_media":8145,"comment_status":"closed","ping_status":"closed","sticky":false,"template":"","format":"standard","meta":{"footnotes":""},"categories":[58],"tags":[],"class_list":{"0":"post-8144","1":"post","2":"type-post","3":"status-publish","4":"format-standard","5":"has-post-thumbnail","7":"category-societe"},"_links":{"self":[{"href":"https:\/\/conakrynews.org\/index.php\/wp-json\/wp\/v2\/posts\/8144","targetHints":{"allow":["GET"]}}],"collection":[{"href":"https:\/\/conakrynews.org\/index.php\/wp-json\/wp\/v2\/posts"}],"about":[{"href":"https:\/\/conakrynews.org\/index.php\/wp-json\/wp\/v2\/types\/post"}],"author":[{"embeddable":true,"href":"https:\/\/conakrynews.org\/index.php\/wp-json\/wp\/v2\/users\/1"}],"replies":[{"embeddable":true,"href":"https:\/\/conakrynews.org\/index.php\/wp-json\/wp\/v2\/comments?post=8144"}],"version-history":[{"count":0,"href":"https:\/\/conakrynews.org\/index.php\/wp-json\/wp\/v2\/posts\/8144\/revisions"}],"wp:featuredmedia":[{"embeddable":true,"href":"https:\/\/conakrynews.org\/index.php\/wp-json\/wp\/v2\/media\/8145"}],"wp:attachment":[{"href":"https:\/\/conakrynews.org\/index.php\/wp-json\/wp\/v2\/media?parent=8144"}],"wp:term":[{"taxonomy":"category","embeddable":true,"href":"https:\/\/conakrynews.org\/index.php\/wp-json\/wp\/v2\/categories?post=8144"},{"taxonomy":"post_tag","embeddable":true,"href":"https:\/\/conakrynews.org\/index.php\/wp-json\/wp\/v2\/tags?post=8144"}],"curies":[{"name":"wp","href":"https:\/\/api.w.org\/{rel}","templated":true}]}}