{"id":8164,"date":"2021-05-11T13:52:15","date_gmt":"2021-05-11T13:52:15","guid":{"rendered":"https:\/\/conakrynews.org\/2021\/05\/11\/elitenbildung-in-deutschland-und-frankreich-acteurs-du-franco-allemand\/"},"modified":"2021-05-11T13:52:15","modified_gmt":"2021-05-11T13:52:15","slug":"elitenbildung-in-deutschland-und-frankreich-acteurs-du-franco-allemand","status":"publish","type":"post","link":"https:\/\/conakrynews.org\/index.php\/elitenbildung-in-deutschland-und-frankreich-acteurs-du-franco-allemand\/","title":{"rendered":"Elitenbildung in Deutschland und Frankreich \u2013 Acteurs du franco-allemand"},"content":{"rendered":"<p><\/p>\n<div itemprop=\"articleBody\">\n<p class=\"p1\"><span class=\"s1\">D<\/span>ie inner franz\u00f6sische Reaktion auf Macrons Einl\u00f6sung des Wahlversprechens, die Verwaltungshochschule ENA aufzul\u00f6sen, fiel \u00fcberraschend heftig aus. Kaum ein Kommentator lie\u00df ein gutes Haar an der Entscheidung, obwohl das Mandarinen-system der Elitenbildung seit Jahrzehnten umstritten ist. Ein Blick zur\u00fcck: als De Gaulle 1945 die Verwaltungshochschule gr\u00fcndete, war er genau genommen von den selben Motiven geleitet, wie die Gr\u00fcnder der ersten europ\u00e4ischen Universit\u00e4ten des Mittelalters, n\u00e4mlich dem Staat eine Ausbildungsst\u00e4tte f\u00fcr seine Beamten (sowie den Klerus) zu schaffen. Da die ENA innerhalb Europas jedoch ziemlich einmalig dastand, sich aber gleichzeitig ihr Ruf rasant verbreitete, gab es lange Zeit Probleme bei der internationalen Zusammenarbeit. Deutsche Traditionsuniversit\u00e4ten etwa r\u00fcmpften die Nase. Die ENA sei eigentlich gar keine Universit\u00e4t, da dort nur Lehre und nicht auch Forschung betrieben werde. Sie m\u00fcsse deshalb bei der Kooperation mit Deutschland sich einen Partner bei den Fachhochschulen suchen. So wurde die Fachhochschule Reutlingen die Partnerhochschule der ENA. Erst der europ\u00e4ische Bologna-Prozess hat diesem ungleichen Verh\u00e4ltnis ein Ende gemacht.<\/p>\n<h2 class=\"p1\"><b>Le partenariat entre l\u2019ENA et la Fachhochchule de Reutlingen <\/b><span class=\"s1\" style=\"color: #ff0000;\"><b>n\u2019a pas dur\u00e9 <\/b><\/span><\/h2>\n<p class=\"p2\">Der Zentralismus war ein weiteres Problem. Der Sitz der ENA in Paris wurde als Grund f\u00fcr die Zementierung der Strukturen ausgemacht. Die Verlegung nach\u00a0Stra\u00dfburg sollte dem abhelfen. Doch hatte man die Rechnung ohne den Wirt bzw. den TGV gemacht. Bei zwei Stunden Fahrzeit konnten die Dozenten (und sogar ein Teil der Studenten!) in Paris wohnen bleiben, die sp\u00e4ter eingef\u00fchrte Pr\u00e4senzpflicht hat das Problem auch nicht beseitigt\u2026<\/p>\n<p><a title=\"Abonnements\" href=\"https:\/\/www.acteursdufrancoallemand.com\/boutique\/\">Pour lire la suite, abonnez-vous ici<\/a><\/p>\n<\/p><\/div>\n<p><a href=\"https:\/\/www.acteursdufrancoallemand.com\/elitenbildung-in-deutschland-und-frankreich\/?utm_source=rss&#038;utm_medium=rss&#038;utm_campaign=elitenbildung-in-deutschland-und-frankreich\">Source link <\/a><\/p>\n","protected":false},"excerpt":{"rendered":"<p>Die inner franz\u00f6sische Reaktion auf Macrons Einl\u00f6sung des Wahlversprechens, die Verwaltungshochschule ENA aufzul\u00f6sen, fiel \u00fcberraschend heftig aus. Kaum ein Kommentator lie\u00df ein gutes Haar an der Entscheidung, obwohl das Mandarinen-system der Elitenbildung seit Jahrzehnten umstritten ist. Ein Blick zur\u00fcck: als De Gaulle 1945 die Verwaltungshochschule gr\u00fcndete, war er genau genommen von den selben Motiven geleitet, [&hellip;]<\/p>\n","protected":false},"author":1,"featured_media":0,"comment_status":"closed","ping_status":"closed","sticky":false,"template":"","format":"standard","meta":{"footnotes":""},"categories":[58],"tags":[],"class_list":{"0":"post-8164","1":"post","2":"type-post","3":"status-publish","4":"format-standard","6":"category-societe"},"_links":{"self":[{"href":"https:\/\/conakrynews.org\/index.php\/wp-json\/wp\/v2\/posts\/8164","targetHints":{"allow":["GET"]}}],"collection":[{"href":"https:\/\/conakrynews.org\/index.php\/wp-json\/wp\/v2\/posts"}],"about":[{"href":"https:\/\/conakrynews.org\/index.php\/wp-json\/wp\/v2\/types\/post"}],"author":[{"embeddable":true,"href":"https:\/\/conakrynews.org\/index.php\/wp-json\/wp\/v2\/users\/1"}],"replies":[{"embeddable":true,"href":"https:\/\/conakrynews.org\/index.php\/wp-json\/wp\/v2\/comments?post=8164"}],"version-history":[{"count":0,"href":"https:\/\/conakrynews.org\/index.php\/wp-json\/wp\/v2\/posts\/8164\/revisions"}],"wp:attachment":[{"href":"https:\/\/conakrynews.org\/index.php\/wp-json\/wp\/v2\/media?parent=8164"}],"wp:term":[{"taxonomy":"category","embeddable":true,"href":"https:\/\/conakrynews.org\/index.php\/wp-json\/wp\/v2\/categories?post=8164"},{"taxonomy":"post_tag","embeddable":true,"href":"https:\/\/conakrynews.org\/index.php\/wp-json\/wp\/v2\/tags?post=8164"}],"curies":[{"name":"wp","href":"https:\/\/api.w.org\/{rel}","templated":true}]}}