{"id":8182,"date":"2021-05-11T19:53:53","date_gmt":"2021-05-11T19:53:53","guid":{"rendered":"https:\/\/conakrynews.org\/2021\/05\/11\/lafp-conforte-sa-place-au-premier-rang-du-fact-checking-mondial-avec-lextension-de-son-reseau-en-europe-centrale\/"},"modified":"2021-05-11T19:53:54","modified_gmt":"2021-05-11T19:53:54","slug":"lafp-conforte-sa-place-au-premier-rang-du-fact-checking-mondial-avec-lextension-de-son-reseau-en-europe-centrale","status":"publish","type":"post","link":"https:\/\/conakrynews.org\/index.php\/lafp-conforte-sa-place-au-premier-rang-du-fact-checking-mondial-avec-lextension-de-son-reseau-en-europe-centrale\/","title":{"rendered":"L\u2019AFP conforte sa place au premier rang du fact-checking mondial avec l\u2019extension de son r\u00e9seau en Europe centrale"},"content":{"rendered":"<p><\/p>\n<div>\n<p>Cette extension permet de lutter davantage encore contre la propagation de fausses informations en ligne, en v\u00e9rifiant en toute ind\u00e9pendance \u00e9ditoriale des contenus douteux, via un nouveau contrat avec Facebook.<\/p>\n<p>Trois journalistes rejoignent les \u00e9quipes d\u00e9j\u00e0 en place en Europe centrale qui couvraient notamment la Pologne, l\u2019Autriche, la Serbie, la Croatie, la R\u00e9publique Tch\u00e8que, la Slovaquie et le Mont\u00e9n\u00e9gro. \u00a0<\/p>\n<p><strong>Rossen Bossev<\/strong> est responsable de l\u2019investigation num\u00e9rique en Bulgarie, et ses publications sont disponibles sur le site <a href=\"https:\/\/proveri.afp.com\/list\" target=\"_blank\" rel=\"noopener\">AFP Proveri<\/a>. Avant de rejoindre l&rsquo;AFP, Rossen a travaill\u00e9 au journal Capital pendant 16 ans, couvrant des sujets li\u00e9s \u00e0 la justice, \u00e0 la police et aux droits de l&rsquo;homme.<\/p>\n<p><strong>Ede Z\u00e1borszky<\/strong> se concentre pour sa part sur le fact-checking en Hongrie. Il \u00e9tait auparavant journaliste pour Index, l&rsquo;un des plus importants et des plus anciens sites d&rsquo;informations en ligne du pays. Ses v\u00e9rifications digitales peuvent \u00eatre lues sur <a href=\"https:\/\/tenykerdes.afp.com\/list\" target=\"_blank\" rel=\"noopener\">AFP T\u00e9nyk\u00e9rd\u00e9s<\/a>.<\/p>\n<p><strong>Paula C\u0103bescu<\/strong> publie quant \u00e0 elle le r\u00e9sultat de ses recherches sur les informations en ligne en\u00a0 Roumanie sur <a href=\"https:\/\/verificat.afp.com\/list\" target=\"_blank\" rel=\"noopener\">AFP Verificat<\/a>. Avant de rejoindre l&rsquo;AFP, Paula \u00e9tait journaliste \u00e0 \u00ab\u00a0Factual\u00a0\u00bb, le premier site en Roumanie d\u00e9di\u00e9 \u00e0 la v\u00e9rification des d\u00e9clarations politiques.<\/p>\n<p>L\u2019Agence compte d\u00e9sormais 23 journalistes en charge des enqu\u00eates num\u00e9riques en Europe, hors France. Pr\u00e9sents dans 17 pays et travaillant dans une dizaine de langues, ils collaborent avec l\u2019ensemble des r\u00e9dactions de l\u2019AFP.<\/p>\n<p>\u00ab\u00a0Avec la Hongrie, la Bulgarie et la Roumanie, l\u2019AFP compl\u00e8te un maillage serr\u00e9 pour combattre la d\u00e9sinformation dans une zone particuli\u00e8rement expos\u00e9e\u00a0\u00bb, pr\u00e9cise Christine Buhagiar, directrice r\u00e9gionale Europe de l\u2019AFP.<\/p>\n<p>Depuis son lancement en 2017, la cellule d\u2019investigation num\u00e9rique de l\u2019AFP s\u2019est d\u00e9velopp\u00e9e pour devenir le plus grand r\u00e9seau au monde de journalistes experts dans ce domaine. A ce jour, l\u2019AFP dispose de presque 100 journalistes charg\u00e9s des enqu\u00eates num\u00e9riques, couvrant plus de 80 pays, en interaction permanente avec les autres journalistes AFP. Ils travaillent en fran\u00e7ais, anglais, espagnol, portugais, arabe, polonais, catalan, bahasa indon\u00e9sien, bahasa malais, tha\u00ef, slovaque, tch\u00e8que, n\u00e9erlandais, birman, BCMS (bosnien, croate, mont\u00e9n\u00e9grin, serbe), roumain, allemand, bulgare et hongrois.<\/p>\n<p>L&rsquo;AFP fait partie <a href=\"https:\/\/ifcncodeofprinciples.poynter.org\/know-more\" target=\"_blank\" rel=\"noopener\">de l&rsquo;International Fact-Check Network<\/a>, qui \u00e9tablit une norme mondiale \u00e0 travers un code de principes. L\u2019Agence fait \u00e9galement partie du programme de Fact-Checking de <a href=\"https:\/\/www.facebook.com\/business\/help\/2593586717571940\" target=\"_blank\" rel=\"noopener\">Facebook<\/a> pour identifier et signaler les fausses informations pr\u00e9sentes sur le r\u00e9seau social.<\/p>\n<p>\u00a0<\/p>\n<p style=\"text-align: center;\"><span class=\"mb1 mrd2 txt14 watermark\" style=\"display:inline-block; \"><br \/>\n<\/span>\n<\/p>\n<p>\u00a0<\/p>\n<p><strong>A propos de l\u2019AFP\u00a0<\/strong><\/p>\n<p>L\u2019AFP est une agence d\u2019information globale, assurant une couverture rapide, compl\u00e8te et v\u00e9rifi\u00e9e des \u00e9v\u00e9nements de l\u2019actualit\u00e9 comme des th\u00e8mes qui fa\u00e7onnent notre quotidien. Avec un r\u00e9seau de journalistes sans \u00e9gal, d\u00e9ploy\u00e9 sur 151 pays, l\u2019AFP est en outre un leader mondial de l\u2019investigation num\u00e9rique. Nos 2 400 collaborateurs, de 100 nationalit\u00e9s diff\u00e9rentes, couvrent le monde en six langues, avec une qualit\u00e9 unique de production multim\u00e9dia en vid\u00e9o, texte, photo et infographie<\/p>\n<p>\u00a0<\/p>\n<\/div>\n<p><a href=\"https:\/\/www.afp.com\/fr\/node\/3752659\">Source link <\/a><\/p>\n","protected":false},"excerpt":{"rendered":"<p>Cette extension permet de lutter davantage encore contre la propagation de fausses informations en ligne, en v\u00e9rifiant en toute ind\u00e9pendance \u00e9ditoriale des contenus douteux, via un nouveau contrat avec Facebook. Trois journalistes rejoignent les \u00e9quipes d\u00e9j\u00e0 en place en Europe centrale qui couvraient notamment la Pologne, l\u2019Autriche, la Serbie, la Croatie, la R\u00e9publique Tch\u00e8que, la [&hellip;]<\/p>\n","protected":false},"author":1,"featured_media":8183,"comment_status":"closed","ping_status":"closed","sticky":false,"template":"","format":"standard","meta":{"footnotes":""},"categories":[58],"tags":[],"class_list":{"0":"post-8182","1":"post","2":"type-post","3":"status-publish","4":"format-standard","5":"has-post-thumbnail","7":"category-societe"},"_links":{"self":[{"href":"https:\/\/conakrynews.org\/index.php\/wp-json\/wp\/v2\/posts\/8182","targetHints":{"allow":["GET"]}}],"collection":[{"href":"https:\/\/conakrynews.org\/index.php\/wp-json\/wp\/v2\/posts"}],"about":[{"href":"https:\/\/conakrynews.org\/index.php\/wp-json\/wp\/v2\/types\/post"}],"author":[{"embeddable":true,"href":"https:\/\/conakrynews.org\/index.php\/wp-json\/wp\/v2\/users\/1"}],"replies":[{"embeddable":true,"href":"https:\/\/conakrynews.org\/index.php\/wp-json\/wp\/v2\/comments?post=8182"}],"version-history":[{"count":0,"href":"https:\/\/conakrynews.org\/index.php\/wp-json\/wp\/v2\/posts\/8182\/revisions"}],"wp:featuredmedia":[{"embeddable":true,"href":"https:\/\/conakrynews.org\/index.php\/wp-json\/wp\/v2\/media\/8183"}],"wp:attachment":[{"href":"https:\/\/conakrynews.org\/index.php\/wp-json\/wp\/v2\/media?parent=8182"}],"wp:term":[{"taxonomy":"category","embeddable":true,"href":"https:\/\/conakrynews.org\/index.php\/wp-json\/wp\/v2\/categories?post=8182"},{"taxonomy":"post_tag","embeddable":true,"href":"https:\/\/conakrynews.org\/index.php\/wp-json\/wp\/v2\/tags?post=8182"}],"curies":[{"name":"wp","href":"https:\/\/api.w.org\/{rel}","templated":true}]}}